{"id":13134,"date":"2017-08-16T17:25:59","date_gmt":"2017-08-16T17:25:59","guid":{"rendered":"https:\/\/moir.org.co\/web\/?p=13134"},"modified":"2017-08-16T17:25:59","modified_gmt":"2017-08-16T17:25:59","slug":"ciudad-verde-ganadores-y-perdedores-en-megaproyectos-de-vivienda","status":"publish","type":"post","link":"https:\/\/moir.com.co\/web\/ciudad-verde-ganadores-y-perdedores-en-megaproyectos-de-vivienda\/","title":{"rendered":"Ciudad Verde: ganadores y perdedores en megaproyectos de vivienda"},"content":{"rendered":"<p><strong>Aurelio Su\u00e1rez Montoya, Bogot\u00e1, agosto 15 de 2017<\/strong><\/p>\n<div>El crecimiento de las ciudades modernas est\u00e1 supeditado tanto a la inevitable migraci\u00f3n, que<strong>\u00a0en Bogot\u00e1 es de 120 mil personas al a\u00f1o<\/strong>, como a la pol\u00edtica que se adopte para vivienda popular. Debe agregarse el crecimiento demogr\u00e1fico, que es del 1,1%, y la demanda de la clase media, que tiene en una casa su sue\u00f1o patrimonial.<\/div>\n<div><\/div>\n<div>En la capital de la Rep\u00fablica ha habido dos ejes en la construcci\u00f3n de vivienda: el \u201cpirata\u201d- que ha construido el 50%, incluyendo invasiones- y el negocio inmobiliario, que ha evolucionado bajo distintas modalidades. El mercado de la vivienda involucra tres factores:<strong>\u00a0la tierra, el capital \u2013principalmente como cr\u00e9dito\u2013 y los materiales de construcci\u00f3n.\u00a0<\/strong><\/div>\n<div><\/div>\n<div>Antes de 1972, el BCH y el ICT,\u00a0<strong>corr\u00edan con la financiaci\u00f3n, en oportunidades asociados con bancos comerciales<\/strong>. Luego vino el UPAC, que volvi\u00f3 rector al capital financiero con bancos y hasta capitales for\u00e1neos involucrados. Adem\u00e1s de la cuota inicial, se cre\u00f3 un fil\u00f3n con pr\u00e9stamos de largo plazo y baja tasa de inter\u00e9s, tanto que los costos del capital en la construcci\u00f3n en 1982 ya eran 19%, el doble de una d\u00e9cada antes.<\/div>\n<div><\/div>\n<div>El deterioro de la econom\u00eda, seg\u00fan \u00c1lvaro Montenegro en 1998 cambi\u00f3 el pr\u00e9stamo UPAC de\u00a0<strong>\u201cuna tasa de inter\u00e9s de 7,5% para pr\u00e9stamos y con una correcci\u00f3n igual a la inflaci\u00f3n<\/strong>\u201d, donde \u201cel margen de intermediaci\u00f3n\u2026 era de 5%\u201d, a uno \u201ctres veces mayor\u201d. Como consecuencia, el sistema estall\u00f3 en 1999 y 800 mil hogares perdieron sus viviendas. En Bogot\u00e1, de 48% de hogares con casa propia se cay\u00f3 al 41%. El INURBE, creado en 1991 para apalancar con subsidios esa operaci\u00f3n, fue arrastrado y liquidado en 2002.<\/div>\n<div><\/div>\n<div>En cuanto al suelo, seg\u00fan Samuel Jaramillo, ha habido una especulaci\u00f3n \u201cestructural\u201d e \u201cinductiva\u201d para explicar los sobreprecios que se agregan cuando se \u201cvoltea\u201d su uso. El \u00edndice del precio del suelo para Bogot\u00e1 (IPS), de 100 puntos en 1960 pas\u00f3 a 1.998 en 2016 y, por ende, entre 2003 y 2015<strong>\u00a0el precio de la vivienda, nueva y usada, creci\u00f3 2,5 veces.\u00a0<\/strong><\/div>\n<div><\/div>\n<div>La industria colombiana de materiales de construcci\u00f3n es \u201cmadura y fuerte\u201d, \u00a0exporta cientos de millones de d\u00f3lares y su principal mercado es la vivienda y la VIS,<strong>\u00a0el 30% de las construidas, que goza de devoluci\u00f3n de IVA.<\/strong>\u00a0Hay un oligopolio cementero; en cer\u00e1mica existe posici\u00f3n dominante de pocas firmas y tambi\u00e9n en elementos b\u00e1sicos como tuber\u00eda pl\u00e1stica, ladrillos, tejas y hierro y acero. El \u00cdndice de costos de construcci\u00f3n de vivienda anual entre 2006 y 2017 vari\u00f3 en torno al 3,5%.<\/div>\n<div><\/div>\n<div>Las empresas constructoras, que facturan $27 billones al \u00a0a\u00f1o, tambi\u00e9n se concentraron en un grupo selecto. Amarilo, Cusezar, Grupo Colpatria, Constructora Bol\u00edvar, Marval, Prodesa, Urbe Capital, Coninsa Ram\u00f3n H, Ospinas y Cajas de Compensaci\u00f3n tienen lugar relevante.<\/div>\n<div><\/div>\n<div>Como soluci\u00f3n \u201cnovedosa\u201d se dict\u00f3 el art\u00edculo 79 en el Plan Nacional de Desarrollo 2006-2010 con la figura de Macroproyectos de Inter\u00e9s Social Nacional, que dio lugar a 20 planes de este tipo, entre ellos Ciudad Verde en Soacha, contiguo a Bogot\u00e1. Entregaba al Gobierno Nacional la facultad para adelantarlos por encima de las autoridades territoriales y enganchar socios privados. M\u00e1s tarde, la sentencia C-149-2010 de la Corte Constitucional, lo declar\u00f3 inexequible por \u201c<strong>desplazar las competencias constitucionalmente asignadas a los concejos municipales<\/strong>\u201d. No obstante, permiti\u00f3 los que se estaban ejecutando.<\/div>\n<div><\/div>\n<div>Ciudad Verde es emblem\u00e1tica.\u00a0<strong>Luego de seis a\u00f1os, se han ubicado 36 mil familias, de 42 mil proyectadas<\/strong>. Las de la primera etapa, que colonizaron el proyecto, fueron plantadas en la parte m\u00e1s occidental del terreno, una antigua propiedad rural de la familia Puyana y de otros, a un kil\u00f3metro de donde se planea la planta de tratamiento de aguas residuales de Canoas, zona que el POT de Soacha no ten\u00eda dentro de las 230 hect\u00e1reas contempladas para expansi\u00f3n sin afectaciones ambientales ni inundaciones. El proyecto, en una suerte de \u201cvolteo\u201d, sigui\u00f3 desde ah\u00ed hacia el oriente.<\/div>\n<div><\/div>\n<div><strong><em>Le puede interesar:<a href=\"http:\/\/www.bluradio.com\/bogota\/habra-pico-y-placa-todo-el-dia-en-bogota-durante-visita-del-papa-francisco-150229\" target=\"_blank\" rel=\"noopener\">\u00a0Habr\u00e1 pico y placa todo el d\u00eda en Bogot\u00e1 durante visita del papa Francisco.<\/a><\/em><\/strong><\/div>\n<div><\/div>\n<div>Las quejas de la poblaci\u00f3n habitante, adem\u00e1s de los malos olores en \u00e1reas circundantes, son m\u00faltiples: qued\u00f3 tirada en este territorio con colegios insuficientes para la cantidad de estudiantes; sin un centro de salud para urgencias;\u00a0<strong>con transporte deficiente e inexistente en horas nocturnas<\/strong>\u00a0y a la hora de ir a trabajar; con una sola guarder\u00eda donde se hacinan 600 ni\u00f1os; inseguridad creciente, con pandillas y microtr\u00e1fico, ante la falta de Polic\u00eda; exorbitantes tarifas de los servicios p\u00fablicos, como la del aseo, a nivel de estrato cuatro, sin una prestaci\u00f3n adecuada y con defectuoso suministro de acueducto.<\/div>\n<div><\/div>\n<div>Son apartamentos en su mayor\u00eda de 47 metros cuadrados en propiedad horizontal que han generado complejos problemas de convivencia y administraci\u00f3n. Las primeras soluciones fueron adquiridas a $36 millones y hoy se cotizan a $110 millones, tres veces m\u00e1s que el valor inicial, mientras que el costo de producci\u00f3n de vivienda en estos a\u00f1os no supera 50%. El metro cuadrado de tierra se ha valorizado hasta seis veces capturando una plusval\u00eda descomunal.\u00a0<strong>Se trata de hogares con uno y dos salarios m\u00ednimos que acceden a subsidios de $22 millones\u00a0<\/strong>pero que aun as\u00ed no logran pagar las cuotas de amortizaci\u00f3n de cr\u00e9dito y \u00a0administraci\u00f3n de sus conjuntos, por lo cual 60% de los habitantes son arrendatarios.<\/div>\n<div><\/div>\n<div>Cuando se eval\u00faan las pol\u00edticas de vivienda popular, VIP, VIS o Gratis, los ganadores son los mismos y los perdedores los de siempre.\u00a0<strong>\u00bfSer\u00e1 posible un cambio con dicha estructura oligop\u00f3lica e integrada bajo los mismos intereses financieros<\/strong>, de especulaci\u00f3n inmobiliaria y alta concentraci\u00f3n del negocio? Me temo que no, que toda \u201cmejora\u201d ir\u00e1 en peor.<\/div>\n","protected":false},"excerpt":{"rendered":"<p>Aurelio Su\u00e1rez Montoya, Bogot\u00e1, agosto 15 de 2017 El crecimiento de las ciudades modernas est\u00e1 supeditado tanto a la inevitable migraci\u00f3n, que\u00a0en Bogot\u00e1 es de 120 mil personas al a\u00f1o, como a la pol\u00edtica que se adopte para vivienda popular. Debe agregarse el crecimiento demogr\u00e1fico, que es del 1,1%, y la demanda de la clase [&hellip;]<\/p>\n","protected":false},"author":1,"featured_media":12953,"comment_status":"open","ping_status":"open","sticky":false,"template":"","format":"standard","meta":{"advanced_seo_description":"","jetpack_seo_html_title":"","jetpack_seo_noindex":false,"_jetpack_memberships_contains_paid_content":false,"footnotes":""},"categories":[79,102,97,111],"tags":[],"class_list":["post-13134","post","type-post","status-publish","format-standard","has-post-thumbnail","hentry","category-aurelio-suarez-montoya","category-economia","category-imperialismo-y-neoliberalismo","category-vivienda-y-desarrollo-urbano"],"jetpack_featured_media_url":"https:\/\/i0.wp.com\/moir.com.co\/web\/wp-content\/uploads\/2017\/07\/aurelio_sv3-1.jpg?fit=228%2C228&ssl=1","jetpack-related-posts":[{"id":17826,"url":"https:\/\/moir.com.co\/web\/video-intervencion-de-aurelio-suarez-en-la-audiencia-bogota-no-se-vende\/","url_meta":{"origin":13134,"position":0},"title":"Video: Intervenci\u00f3n de Aurelio Su\u00e1rez en la audiencia Bogot\u00e1 No Se Vende","author":"admin","date":"julio 30, 2019","format":"video","excerpt":"Bogot\u00e1, julio 23 de 2019","rel":"","context":"En \u00abAurelio Su\u00e1rez Montoya\u00bb","block_context":{"text":"Aurelio Su\u00e1rez Montoya","link":"https:\/\/moir.com.co\/web\/category\/bitacoras\/aurelio-suarez-montoya\/"},"img":{"alt_text":"","src":"","width":0,"height":0},"classes":[]},{"id":16948,"url":"https:\/\/moir.com.co\/web\/de-reserva-a-urbanizacion\/","url_meta":{"origin":13134,"position":1},"title":"De reserva a urbanizaci\u00f3n","author":"admin","date":"febrero 16, 2019","format":false,"excerpt":"Aurelio Su\u00e1rez Montoya, Bogot\u00e1, febrero 15 de 2019 Urbanizar 606 hect\u00e1reas de una \u201campliada\u201d Reserva Van der Hammen, de 1.395 a 1.710, es presentado por Enrique Pe\u00f1alosa como aumento de la calidad ambiental de la estructura ecol\u00f3gica de la capital. \u00c9l descree de la reserva porque \u201cno hay micos\u201d y\u2026","rel":"","context":"En \u00abAurelio Su\u00e1rez Montoya\u00bb","block_context":{"text":"Aurelio Su\u00e1rez Montoya","link":"https:\/\/moir.com.co\/web\/category\/bitacoras\/aurelio-suarez-montoya\/"},"img":{"alt_text":"","src":"https:\/\/i0.wp.com\/moir.com.co\/web\/wp-content\/uploads\/2016\/12\/bogotareservavdh.jpg?fit=800%2C450&ssl=1&resize=350%2C200","width":350,"height":200,"srcset":"https:\/\/i0.wp.com\/moir.com.co\/web\/wp-content\/uploads\/2016\/12\/bogotareservavdh.jpg?fit=800%2C450&ssl=1&resize=350%2C200 1x, https:\/\/i0.wp.com\/moir.com.co\/web\/wp-content\/uploads\/2016\/12\/bogotareservavdh.jpg?fit=800%2C450&ssl=1&resize=525%2C300 1.5x, https:\/\/i0.wp.com\/moir.com.co\/web\/wp-content\/uploads\/2016\/12\/bogotareservavdh.jpg?fit=800%2C450&ssl=1&resize=700%2C400 2x"},"classes":[]},{"id":5836,"url":"https:\/\/moir.com.co\/web\/el-metro-debe-ser-subsidiado-aurelio-suarez\/","url_meta":{"origin":13134,"position":2},"title":"El metro debe ser subsidiado: Aurelio Su\u00e1rez","author":"admin","date":"agosto 13, 2011","format":false,"excerpt":"Entrevista con el candidato a la Alcald\u00eda de Bogot\u00e1 por el Polo Democr\u00e1tico Alternativo, Aurelio Su\u00e1rez Montoya. \u00bfPor qu\u00e9 se decidi\u00f3 a tomar las banderas del Polo? La verdad es que no soy candidato por una iniciativa personal, sino que l\u00edderes del partido como Carlos Gaviria, Germ\u00e1n Navas e Iv\u00e1n\u2026","rel":"","context":"En \u00abAurelio Su\u00e1rez Montoya\u00bb","block_context":{"text":"Aurelio Su\u00e1rez Montoya","link":"https:\/\/moir.com.co\/web\/category\/bitacoras\/aurelio-suarez-montoya\/"},"img":{"alt_text":"","src":"","width":0,"height":0},"classes":[]},{"id":15611,"url":"https:\/\/moir.com.co\/web\/aurelio-suarez-montoya-responde-cuatro-preguntas-clave-sobre-el-metro-de-bogota\/","url_meta":{"origin":13134,"position":3},"title":"Aurelio Su\u00e1rez Montoya responde cuatro preguntas clave sobre el metro de Bogot\u00e1","author":"admin","date":"agosto 12, 2018","format":false,"excerpt":"El Tiempo, Bogot\u00e1, agosto 12 de 2018 1. \u00bfQu\u00e9 significa hacer la licitaci\u00f3n teniendo como norma la Banca Multilateral? ASM:\u00a0\u201cCircunscribir la licitaci\u00f3n del metro a las normas internacionales del Banco Interamericano de Desarrollo (BID)\u00a0es b\u00e1sicamente perder rigor, porque, por ejemplo, el BID puede entregar la licitaci\u00f3n a una lista que\u2026","rel":"","context":"En \u00abAurelio Su\u00e1rez Montoya\u00bb","block_context":{"text":"Aurelio Su\u00e1rez Montoya","link":"https:\/\/moir.com.co\/web\/category\/bitacoras\/aurelio-suarez-montoya\/"},"img":{"alt_text":"","src":"https:\/\/i0.wp.com\/moir.com.co\/web\/wp-content\/uploads\/2018\/08\/aureliosuarezET120818.jpeg?fit=600%2C450&ssl=1&resize=350%2C200","width":350,"height":200,"srcset":"https:\/\/i0.wp.com\/moir.com.co\/web\/wp-content\/uploads\/2018\/08\/aureliosuarezET120818.jpeg?fit=600%2C450&ssl=1&resize=350%2C200 1x, https:\/\/i0.wp.com\/moir.com.co\/web\/wp-content\/uploads\/2018\/08\/aureliosuarezET120818.jpeg?fit=600%2C450&ssl=1&resize=525%2C300 1.5x"},"classes":[]},{"id":15920,"url":"https:\/\/moir.com.co\/web\/viene-volteo-de-tierras-para-bogota-con-el-pot\/","url_meta":{"origin":13134,"position":4},"title":"\u00bfViene volteo de tierras para Bogot\u00e1 con el POT?","author":"admin","date":"septiembre 13, 2018","format":false,"excerpt":"Aurelio Su\u00e1rez Montoya, Bogot\u00e1, septiembre 12 de 2018 El profesor \u00d3scar Alfonso dice que la intervenci\u00f3n estatal en la zona metropolitana de Bogot\u00e1 estuvo \u201cmediada por gremios, que buscan desgravaciones tributarias\u201d y por \u201cla adecuaci\u00f3n de la regulaci\u00f3n urban\u00edstica\u201d, entre otras razones. As\u00ed explica el volteo de suelo rural a\u2026","rel":"","context":"En \u00abAurelio Su\u00e1rez Montoya\u00bb","block_context":{"text":"Aurelio Su\u00e1rez Montoya","link":"https:\/\/moir.com.co\/web\/category\/bitacoras\/aurelio-suarez-montoya\/"},"img":{"alt_text":"","src":"","width":0,"height":0},"classes":[]},{"id":13207,"url":"https:\/\/moir.com.co\/web\/el-caribe-una-victima-de-la-politica-economica\/","url_meta":{"origin":13134,"position":5},"title":"El Caribe, una v\u00edctima de la pol\u00edtica econ\u00f3mica","author":"admin","date":"agosto 29, 2017","format":false,"excerpt":"Aurelio Su\u00e1rez Montoya, Bogot\u00e1, agosto \u00a029 de 2017 Economistas coste\u00f1os como\u00a0Jorge Vergara Carb\u00f3 y Salom\u00f3n Kalmanovitz han retomado aspectos del estudio del Banco de la Rep\u00fablica acerca de la \u201cEvoluci\u00f3n socioecon\u00f3mica de la regi\u00f3n Caribe colombiana entre 1997 y 2017\u201d, para profundizar en las caracter\u00edsticas m\u00e1s relevantes de los siete\u2026","rel":"","context":"En \u00abAgro\u00bb","block_context":{"text":"Agro","link":"https:\/\/moir.com.co\/web\/category\/temas\/agro\/"},"img":{"alt_text":"","src":"https:\/\/i0.wp.com\/moir.com.co\/web\/wp-content\/uploads\/2017\/08\/agricultura2.jpg?fit=650%2C466&ssl=1&resize=350%2C200","width":350,"height":200,"srcset":"https:\/\/i0.wp.com\/moir.com.co\/web\/wp-content\/uploads\/2017\/08\/agricultura2.jpg?fit=650%2C466&ssl=1&resize=350%2C200 1x, https:\/\/i0.wp.com\/moir.com.co\/web\/wp-content\/uploads\/2017\/08\/agricultura2.jpg?fit=650%2C466&ssl=1&resize=525%2C300 1.5x"},"classes":[]}],"jetpack_sharing_enabled":true,"_links":{"self":[{"href":"https:\/\/moir.com.co\/web\/wp-json\/wp\/v2\/posts\/13134","targetHints":{"allow":["GET"]}}],"collection":[{"href":"https:\/\/moir.com.co\/web\/wp-json\/wp\/v2\/posts"}],"about":[{"href":"https:\/\/moir.com.co\/web\/wp-json\/wp\/v2\/types\/post"}],"author":[{"embeddable":true,"href":"https:\/\/moir.com.co\/web\/wp-json\/wp\/v2\/users\/1"}],"replies":[{"embeddable":true,"href":"https:\/\/moir.com.co\/web\/wp-json\/wp\/v2\/comments?post=13134"}],"version-history":[{"count":1,"href":"https:\/\/moir.com.co\/web\/wp-json\/wp\/v2\/posts\/13134\/revisions"}],"predecessor-version":[{"id":13135,"href":"https:\/\/moir.com.co\/web\/wp-json\/wp\/v2\/posts\/13134\/revisions\/13135"}],"wp:featuredmedia":[{"embeddable":true,"href":"https:\/\/moir.com.co\/web\/wp-json\/wp\/v2\/media\/12953"}],"wp:attachment":[{"href":"https:\/\/moir.com.co\/web\/wp-json\/wp\/v2\/media?parent=13134"}],"wp:term":[{"taxonomy":"category","embeddable":true,"href":"https:\/\/moir.com.co\/web\/wp-json\/wp\/v2\/categories?post=13134"},{"taxonomy":"post_tag","embeddable":true,"href":"https:\/\/moir.com.co\/web\/wp-json\/wp\/v2\/tags?post=13134"}],"curies":[{"name":"wp","href":"https:\/\/api.w.org\/{rel}","templated":true}]}}