{"id":13111,"date":"2017-08-14T20:49:35","date_gmt":"2017-08-14T20:49:35","guid":{"rendered":"https:\/\/moir.org.co\/web\/?p=13111"},"modified":"2017-08-14T20:49:35","modified_gmt":"2017-08-14T20:49:35","slug":"la-punta-de-un-enorme-iceberg","status":"publish","type":"post","link":"https:\/\/moir.com.co\/web\/la-punta-de-un-enorme-iceberg\/","title":{"rendered":"La punta de un enorme iceberg"},"content":{"rendered":"<p><strong>Jos\u00e9 Arlex Arias, Cartagena, agosto 14 de 2017<\/strong><\/p>\n<p>El t\u00edtulo resalta la cruda realidad por la que atraviesan las Administraciones del distrito de Cartagena y el departamento de Bol\u00edvar. El dos de este mes, el alcalde de Cartagena,\u00a0Manuel Vicente Duque V\u00e1squez, fue capturado por el Cuerpo T\u00e9cnico de Investigaci\u00f3n de la Fiscal\u00eda, junto a su hermano de crianza, Jos\u00e9 Juli\u00e1n V\u00e1squez Buelvas, el concejal conservador Jorge Useche Correa \u2013quien, seg\u00fan su abogado, se present\u00f3 voluntariamente\u2013 y la contralora Distrital, Nubia Fontalvo Hern\u00e1ndez. Los &#8220;mentideros&#8221; pol\u00edticos daban por seguro de que se trataba del desplome del edificio Portales de Blas de Lezo II, que el 27 de abril pasado dej\u00f3 21 personas muertas, hecho por el cual el constructor est\u00e1 detenido con &#8220;casa por c\u00e1rcel&#8221;.<\/p>\n<p>&nbsp;<\/p>\n<p>El fiscal N\u00e9stor Humberto Mart\u00ednez explic\u00f3: &#8220;Hubo un concierto para la elecci\u00f3n de la Contralora y cooptar, a trav\u00e9s de este mecanismo, el organismo de vigilancia y control&#8230; Como parte de los acuerdos, la Contralora solo se hab\u00eda reservado para s\u00ed la designaci\u00f3n del secretario, lo dem\u00e1s quedaba a disposici\u00f3n de quienes concurrieron en el acuerdo&#8230; La Contralor\u00eda fue cooptada por varios miembros del Concejo y por presuntamente el se\u00f1or Jos\u00e9 Juli\u00e1n V\u00e1squez&#8230; Alg\u00fan concejal da cuenta que como parte de esos arreglos ya ha recibido \u201832 libros\u2019 y a partir de esa conversaci\u00f3n se empezar\u00e1 a recibir \u20187,5 libros cada mes\u2019&#8230; La investigaci\u00f3n permiti\u00f3 advertir que el se\u00f1or Jos\u00e9 Juli\u00e1n V\u00e1squez, sin aceptar la calidad de servidor p\u00fablico, por dem\u00e1s inhabilitado, se habr\u00eda arrogado las funciones p\u00fablicas que corresponden al burgomaestre&#8230; Se ha podido establecer que la Oficina de Control Urbano, vinculada a los sucesos de Blas de Lezo, tambi\u00e9n form\u00f3 parte de los il\u00edcitos acuerdos&#8230; Tenemos evidencia de que se dispon\u00edan cargos al punto que uno de los indiciados logr\u00f3 celebrar \u2018que eso era muy importante para sus intereses porque all\u00e1 se mueve plata por debajo\u2019&#8230; Los fiscales de conocimiento han decidido imputar: a Manuel Vicente Duque V\u00e1squez: concierto para delinquir, tr\u00e1fico de influencias y cohecho por dar y ofrecer; a Jos\u00e9 Juli\u00e1n V\u00e1squez Buelvas: concierto para delinquir, cohecho por dar y ofrecer, tr\u00e1fico de influencias y usurpaci\u00f3n de funciones p\u00fablicas; a la contralora Nubia Fontalvo Hern\u00e1ndez: concierto para delinquir y cohecho; a Jorge Alfonso Useche Correa: cohecho, tr\u00e1fico y asociaci\u00f3n para comisi\u00f3n de delito&#8230; La fase II de la Operaci\u00f3n Heroica continuar\u00e1 en los pr\u00f3ximos d\u00edas&#8221;.<\/p>\n<p>&nbsp;<\/p>\n<p>Las capturas fueron legalizadas. La investigaci\u00f3n confirma una &#8220;voz en cuello&#8221; que afirma que en Cartagena no gobernaba ni decid\u00eda Duque; adem\u00e1s, deja en claro que los \u00f3rganos de control y vigilancia son ap\u00e9ndices de los gobernantes, por lo cual ninguna investigaci\u00f3n llega a feliz t\u00e9rmino, incluso corre m\u00e1s riesgo de ser encarcelado el denunciante que el denunciado. Tambi\u00e9n nos reconfirma la tesis de que la corrupci\u00f3n inicia en el momento de la elecci\u00f3n, cuando los financistas entregan los dineros con los cuales compran a algunos: votantes, jurados y funcionarios en la Registradur\u00eda, con el objetivo de quedarse con &#8220;el bot\u00edn&#8221;. Si &#8220;Manolo&#8221; quiere hacer algo importante por Cartagena, deber\u00eda renunciar, colaborar con la justicia y desenmascarar a quienes secuestran el presupuesto. Queda mucho por investigar, pero dudo que la Fiscal\u00eda lo haga de oficio. \u00a1Esta es la punta del iceberg!<\/p>\n","protected":false},"excerpt":{"rendered":"<p>Jos\u00e9 Arlex Arias, Cartagena, agosto 14 de 2017 El t\u00edtulo resalta la cruda realidad por la que atraviesan las Administraciones del distrito de Cartagena y el departamento de Bol\u00edvar. El dos de este mes, el alcalde de Cartagena,\u00a0Manuel Vicente Duque V\u00e1squez, fue capturado por el Cuerpo T\u00e9cnico de Investigaci\u00f3n de la Fiscal\u00eda, junto a su [&hellip;]<\/p>\n","protected":false},"author":1,"featured_media":13112,"comment_status":"open","ping_status":"open","sticky":false,"template":"","format":"standard","meta":{"advanced_seo_description":"","jetpack_seo_html_title":"","jetpack_seo_noindex":false,"_jetpack_memberships_contains_paid_content":false,"footnotes":""},"categories":[102,97,98,111],"tags":[],"class_list":["post-13111","post","type-post","status-publish","format-standard","has-post-thumbnail","hentry","category-economia","category-imperialismo-y-neoliberalismo","category-politica","category-vivienda-y-desarrollo-urbano"],"jetpack_featured_media_url":"https:\/\/i0.wp.com\/moir.com.co\/web\/wp-content\/uploads\/2017\/08\/cartagena_alcaldia.jpg?fit=290%2C174&ssl=1","jetpack-related-posts":[{"id":7770,"url":"https:\/\/moir.com.co\/web\/alcalde-de-cartagena-retribuye-financiacion-campana-con-secretaria-de-hacienda-de-la-ciudad\/","url_meta":{"origin":13111,"position":0},"title":"Alcalde de Cartagena retribuye financiaci\u00f3n campa\u00f1a con secretar\u00eda de hacienda de la ciudad","author":"admin","date":"julio 28, 2013","format":false,"excerpt":"\u201c\u00bfcu\u00e1l c\u00f3digo de \u00c9tica? El c\u00f3digo de \u00c9tica de lo cual se ufan\u00f3 el candidato Dionisio V\u00e9lez, hoy, como alcalde de Cartagena lo lanz\u00f3 al diablo. Ha puesto a uno de los financiadores de sus campa\u00f1as electorales, ni m\u00e1s ni menos que a dirigir las finanzas de la ciudad. Exijo\u2026","rel":"","context":"En \u00abPolo Democr\u00e1tico Alternativo\u00bb","block_context":{"text":"Polo Democr\u00e1tico Alternativo","link":"https:\/\/moir.com.co\/web\/category\/polo-democratico-alternativo\/"},"img":{"alt_text":"","src":"","width":0,"height":0},"classes":[]},{"id":7778,"url":"https:\/\/moir.com.co\/web\/alcalde-cartagena-importa-funcionarios-de-otras-regiones\/","url_meta":{"origin":13111,"position":1},"title":"Alcalde Cartagena importa funcionarios de otras regiones","author":"admin","date":"julio 30, 2013","format":false,"excerpt":"\u201cMe causa mucho asombro y rechazo con todas mis energ\u00edas que el se\u00f1or Alcalde de Cartagena, traiga de otras ciudades cuotas pol\u00edticas para integrar los cuadros directivos de su Despacho. El nombramiento de la doctora Marta Rodr\u00edguez en el Departamento Administrativo de Salud \u2013Dadis- es una verdadera afrenta contra los\u2026","rel":"","context":"En \u00abPolo Democr\u00e1tico Alternativo\u00bb","block_context":{"text":"Polo Democr\u00e1tico Alternativo","link":"https:\/\/moir.com.co\/web\/category\/polo-democratico-alternativo\/"},"img":{"alt_text":"","src":"","width":0,"height":0},"classes":[]},{"id":13086,"url":"https:\/\/moir.com.co\/web\/con-el-afianzamiento-del-modelo-neoliberal-aparecieron-los-grandes-escandalos-de-corrupcion\/","url_meta":{"origin":13111,"position":2},"title":"Con el afianzamiento del modelo neoliberal aparecieron los grandes esc\u00e1ndalos de corrupci\u00f3n","author":"admin","date":"agosto 12, 2017","format":false,"excerpt":"Polo Democr\u00e1tico Alternativo de Bol\u00edvar, Cartagena, agosto 11 de 2017 El pasado dos (2) de este mes, despu\u00e9s de haber sido detenidos, el Fiscal General N\u00e9stor Humberto Mart\u00ednez, revel\u00f3: \"Los fiscales de conocimiento han decidido imputar a: Manuel Vicente Duque V\u00e1squez, alcalde de Cartagena, concierto para delinquir, tr\u00e1fico de influencias,\u2026","rel":"","context":"En \u00abImperialismo y Neoliberalismo\u00bb","block_context":{"text":"Imperialismo y Neoliberalismo","link":"https:\/\/moir.com.co\/web\/category\/temas\/imperialismo-y-neoliberalismo\/"},"img":{"alt_text":"","src":"","width":0,"height":0},"classes":[]},{"id":13288,"url":"https:\/\/moir.com.co\/web\/la-renuncia-de-manolo-y-los-puya-ojos\/","url_meta":{"origin":13111,"position":3},"title":"La renuncia de \u00b4Manolo\u00b4 y los \u00b4puya ojos\u00b4","author":"admin","date":"septiembre 12, 2017","format":false,"excerpt":"Jos\u00e9 Arlex Arias, Cartagena, septiembre 11 de 2017 Los esc\u00e1ndalos de corrupci\u00f3n denunciados en todas las esferas del pa\u00eds corroboran que este flagelo no es casual, de unas manzanas podridas, sino parte integral del modelo neoliberal, es decir, la corrupci\u00f3n en s\u00ed es el paradigma. La raz\u00f3n la encontramos en\u2026","rel":"","context":"En \u00abEconom\u00eda\u00bb","block_context":{"text":"Econom\u00eda","link":"https:\/\/moir.com.co\/web\/category\/temas\/economia\/"},"img":{"alt_text":"","src":"","width":0,"height":0},"classes":[]},{"id":19036,"url":"https:\/\/moir.com.co\/web\/no-leen-los-libros-de-los-concejales\/","url_meta":{"origin":13111,"position":4},"title":"No leen los libros de los concejales","author":"admin","date":"febrero 13, 2021","format":false,"excerpt":"Jos\u00e9 Arlex Arias, Cartagena, febrero 8 de 2021 Los cartageneros recuerdan el hecho hasta con hilaridad, pero no fue un cuento del realismo m\u00e1gico de la \"tierrita\", fue un hecho propio de esa \u201cmalicia ind\u00edgena\u201d de un gran sector de la clase pol\u00edtica, que convirti\u00f3 dicha virtud en un arma\u2026","rel":"","context":"En \u00abCorrupci\u00f3n\u00bb","block_context":{"text":"Corrupci\u00f3n","link":"https:\/\/moir.com.co\/web\/category\/temas\/corrupcion\/"},"img":{"alt_text":"","src":"","width":0,"height":0},"classes":[]},{"id":11187,"url":"https:\/\/moir.com.co\/web\/cartagena-que-mal-nos-gobiernan\/","url_meta":{"origin":13111,"position":5},"title":"\u00a1Cartagena: qu\u00e9 mal nos gobiernan!","author":"admin","date":"noviembre 28, 2016","format":false,"excerpt":"Jos\u00e9 Arlex Arias, La Verdad, Cartagena, noviembre 28 de 2016 Las repetidas salidas en falso del alcalde de Cartagena, Manuel Vicente Duque V\u00e1squez, ser\u00edan irrelevantes, pasando solo al anecdotario que muchos denominan \u201cLas Manoladas\u201d, sino se reflejaran en lo mal que le va a esta ciudad y, por consecuencia l\u00f3gica,\u2026","rel":"","context":"En \u00abImperialismo y Neoliberalismo\u00bb","block_context":{"text":"Imperialismo y Neoliberalismo","link":"https:\/\/moir.com.co\/web\/category\/temas\/imperialismo-y-neoliberalismo\/"},"img":{"alt_text":"","src":"","width":0,"height":0},"classes":[]}],"jetpack_sharing_enabled":true,"_links":{"self":[{"href":"https:\/\/moir.com.co\/web\/wp-json\/wp\/v2\/posts\/13111","targetHints":{"allow":["GET"]}}],"collection":[{"href":"https:\/\/moir.com.co\/web\/wp-json\/wp\/v2\/posts"}],"about":[{"href":"https:\/\/moir.com.co\/web\/wp-json\/wp\/v2\/types\/post"}],"author":[{"embeddable":true,"href":"https:\/\/moir.com.co\/web\/wp-json\/wp\/v2\/users\/1"}],"replies":[{"embeddable":true,"href":"https:\/\/moir.com.co\/web\/wp-json\/wp\/v2\/comments?post=13111"}],"version-history":[{"count":0,"href":"https:\/\/moir.com.co\/web\/wp-json\/wp\/v2\/posts\/13111\/revisions"}],"wp:featuredmedia":[{"embeddable":true,"href":"https:\/\/moir.com.co\/web\/wp-json\/wp\/v2\/media\/13112"}],"wp:attachment":[{"href":"https:\/\/moir.com.co\/web\/wp-json\/wp\/v2\/media?parent=13111"}],"wp:term":[{"taxonomy":"category","embeddable":true,"href":"https:\/\/moir.com.co\/web\/wp-json\/wp\/v2\/categories?post=13111"},{"taxonomy":"post_tag","embeddable":true,"href":"https:\/\/moir.com.co\/web\/wp-json\/wp\/v2\/tags?post=13111"}],"curies":[{"name":"wp","href":"https:\/\/api.w.org\/{rel}","templated":true}]}}