{"id":13088,"date":"2017-08-12T15:34:22","date_gmt":"2017-08-12T15:34:22","guid":{"rendered":"https:\/\/moir.org.co\/web\/?p=13088"},"modified":"2017-08-12T15:34:22","modified_gmt":"2017-08-12T15:34:22","slug":"las-mujeres-en-colombia-mas-trabajo-menor-remuneracion-e-impuestos-sexistas","status":"publish","type":"post","link":"https:\/\/moir.com.co\/web\/las-mujeres-en-colombia-mas-trabajo-menor-remuneracion-e-impuestos-sexistas\/","title":{"rendered":"Las mujeres en Colombia: m\u00e1s trabajo, menor remuneraci\u00f3n e impuestos sexistas"},"content":{"rendered":"<p><strong><a href=\"http:\/\/lasillavacia.com\/users\/natalia-moreno-s\">Natalia Moreno Salamanca<\/a>, Bogot\u00e1, abril 11 de 2017<\/strong><\/p>\n<p>La pol\u00edtica econ\u00f3mica de Santos no promueve la seguridad econ\u00f3mica para sus ciudadanos y ciudadanas. Es por esto que el pa\u00eds compite por el p\u00f3dium de la peor desigualdad, la m\u00e1s alta pobreza y el peor desempleo de la regi\u00f3n. En este vergonzoso marco, la tragedia econ\u00f3mica de las mujeres se agudiza porque las medidas de ajuste a la crisis del santismo son peores que la enfermedad. Austeridad en el gasto, bajos salarios e impuestos indirectos son la soluci\u00f3n que el gobierno le propone al pa\u00eds. Veamos c\u00f3mo afectan a las mujeres.<\/p>\n<p>Aunque las mujeres somos el 51% de la poblaci\u00f3n y de la poblaci\u00f3n en edad de trabajar, tan solo son mujeres el 42% de quienes se consideran \u201cocupados\u201d, es decir, las personas que en teor\u00eda gozan de un empleo. En el mercado laboral colombiano hay doce millones de hombres y ocho millones de mujeres. Somos m\u00e1s pero ocupamos menos empleos. \u00bfPor qu\u00e9?<\/p>\n<p>La respuesta est\u00e1 en el trabajo no remunerado realizado en el hogar, equivalente a una quinta parte del PIB, seg\u00fan el DANE, \u00a1m\u00e1s de tres\u00a0veces de la riqueza que genera la miner\u00eda! Las mujeres cargamos con esta econom\u00eda paralela a la de mercado, necesaria para la reproducci\u00f3n de las generaciones actuales y futuras. En datos: hay cinco millones de mujeres \u201camas de casa\u201d y nueve de cada diez mujeres realiza trabajo dom\u00e9stico y de cuidado no remunerado, al que destinan m\u00e1s de 7 horas en promedio al d\u00eda. Entre las desempleadas y las mal llamadas \u201cinactivas\u201d suman 6,2 millones de mujeres que podr\u00edan ingresar al mercado laboral, pero que hoy no tienen ingresos propios, aunque realicen este tipo de trabajos sin recibir ninguna remuneraci\u00f3n.<\/p>\n<p>Y las mujeres que logran superar los obst\u00e1culos y conseguir un empleo se enfrentan a grandes desigualdades. No solo porque sus salarios son inferiores a los de los hombres en un 20,4%, seg\u00fan las cifras oficiales, sino tambi\u00e9n porque se concentran en posiciones dentro del mercado laboral poco favorables como el cuentapropismo y el servicio dom\u00e9stico o como trabajadoras familiares sin remuneraci\u00f3n. Adem\u00e1s, en sectores de la econom\u00eda que promueven empleos precarios: el 66% de las ocupadas se ubica en el comercio, hoteles, restaurante, servicios comunales, sociales y personales. Colombia tiene una de las tasas de informalidad en el empleo femenino m\u00e1s altas del continente (60%).<\/p>\n<p>Sin la acci\u00f3n estatal no hay posibilidad de cambiar esta situaci\u00f3n. Su papel es determinante en el cierre de las brechas sociales y de g\u00e9nero. Sin embargo, Santos y los anteriores gobiernos se han dedicado a ampliar estas brechas. La austeridad \u201cinteligente\u201d del Ministerio de Hacienda le quit\u00f3 11 billones al gasto social en los \u00faltimos tres a\u00f1os, descargando a\u00fan m\u00e1s el trabajo de cuidado en las mujeres. Si los Estados no invierten en guarder\u00edas, escuelas p\u00fablicas y sistemas de salud fuertes, les trasladan la prestaci\u00f3n de esos servicios a las mujeres a trav\u00e9s de trabajo no pago, empeorando una realidad en la que las colombianas trabajan en promedio 13 horas diarias, si se suman el trabajo remunerado y no remunerado.<\/p>\n<p>Y la cereza que le faltaba al pastel: \u00a1los impuestos sexistas! No hay justificaci\u00f3n te\u00f3rica ni t\u00e9cnica para pagar m\u00e1s impuestos por ser mujer. El inicuo cobro del IVA a los art\u00edculos necesarios para la protecci\u00f3n de la menstruaci\u00f3n \u2013toallas higi\u00e9nicas y tampones\u2013 es un impuesto a una condici\u00f3n biol\u00f3gica de las mujeres, es decir, un gravamen que se les aplica exclusivamente a las colombianas. En la reforma tributaria, el gobierno cometi\u00f3 el descaro de rechazar la propuesta de eximir del IVA estos art\u00edculos, y, de manera demag\u00f3gica, fij\u00f3 la tarifa en 5%, insistiendo en un absurdo que agrava la desigualdad entre hombres y mujeres.<\/p>\n<p>Mientras cuatro de cada diez ocupados en Colombia son mujeres, solo 3 de cada 10 pesos producidos en la econom\u00eda llegan a las colombianas. Mientras las inspiradoras del 8 de marzo luchaban por jornadas de 8 horas diarias de trabajo, en Colombia las mujeres trabajan 13 horas. Mientras los pa\u00edses serios avanzan hacia sistemas tributarios progresivos, en Colombia m\u00e1s de la mitad del recaudo proviene de impuestos indirectos como el IVA, y el recaudo por productos femeninos asciende a m\u00e1s de 100 mil millones de pesos al a\u00f1o.<\/p>\n<p>La igualdad salarial, la redistribuci\u00f3n del trabajo dom\u00e9stico y de cuidado y la implementaci\u00f3n de una pol\u00edtica fiscal que propenda a superar la desigualdad social y econ\u00f3mica pasan por cambiar a quienes hoy nos presentan como \u201csabias recetas\u201d f\u00f3rmulas del pasado que nos quieren seguir hundiendo en el atraso. Como dice Calle 13, \u201cSi quieres cambio verdadero\u2026 pues camina distinto\u201d. Hay que cambiar a quienes llevan d\u00e9cadas arruinando al pa\u00eds y acentuando la desigualdad de g\u00e9nero.<\/p>\n","protected":false},"excerpt":{"rendered":"<p>Natalia Moreno Salamanca, Bogot\u00e1, abril 11 de 2017 La pol\u00edtica econ\u00f3mica de Santos no promueve la seguridad econ\u00f3mica para sus ciudadanos y ciudadanas. Es por esto que el pa\u00eds compite por el p\u00f3dium de la peor desigualdad, la m\u00e1s alta pobreza y el peor desempleo de la regi\u00f3n. En este vergonzoso marco, la tragedia econ\u00f3mica [&hellip;]<\/p>\n","protected":false},"author":1,"featured_media":12775,"comment_status":"open","ping_status":"open","sticky":false,"template":"","format":"standard","meta":{"advanced_seo_description":"","jetpack_seo_html_title":"","jetpack_seo_noindex":false,"_jetpack_memberships_contains_paid_content":false,"footnotes":""},"categories":[102,97,98],"tags":[],"class_list":["post-13088","post","type-post","status-publish","format-standard","has-post-thumbnail","hentry","category-economia","category-imperialismo-y-neoliberalismo","category-politica"],"jetpack_featured_media_url":"https:\/\/i0.wp.com\/moir.com.co\/web\/wp-content\/uploads\/2017\/06\/NataliaMoreno.png?fit=136%2C200&ssl=1","jetpack-related-posts":[{"id":11862,"url":"https:\/\/moir.com.co\/web\/por-soberania-democracia-y-derechos-de-las-mujeres-8-de-marzo-dia-internacional-de-la-mujer\/","url_meta":{"origin":13088,"position":0},"title":"Por soberan\u00eda, democracia y derechos de las mujeres. 8 de marzo d\u00eda internacional de la mujer","author":"admin","date":"marzo 8, 2017","format":false,"excerpt":"Luz Mar\u00eda Correal P\u00e9rez, Marzo 8 de 2017 Lejos de \u201cremediar\u201d la situaci\u00f3n de la poblaci\u00f3n colombiana; las pol\u00edticas del gobierno de Juan Manuel Santos tienden a agravar la crisis de la naci\u00f3n y en especial la vida de las mujeres. Las recientes medidas econ\u00f3micas como la Reforma tributaria y\u2026","rel":"","context":"En \u00abImperialismo y Neoliberalismo\u00bb","block_context":{"text":"Imperialismo y Neoliberalismo","link":"https:\/\/moir.com.co\/web\/category\/temas\/imperialismo-y-neoliberalismo\/"},"img":{"alt_text":"","src":"","width":0,"height":0},"classes":[]},{"id":8898,"url":"https:\/\/moir.com.co\/web\/no-violencia-contra-las-mujeres\/","url_meta":{"origin":13088,"position":1},"title":"No violencia contra las mujeres","author":"admin","date":"noviembre 26, 2014","format":false,"excerpt":"El 25 de noviembre de 1960 en Rep\u00fablica Dominicana en el gobierno del dictador Rafael Leonidas Trujillo fueron brutalmente asesinadas las hermanas Mirabal Reyes, Patria, Minerva y Mar\u00eda Teresa. La fecha conmemorativa se estableci\u00f3 en el Primer Encuentro feminista latinoamericano y del Caribe, celebrado en Bogot\u00e1 en 1981 y en\u2026","rel":"","context":"En \u00abTemas\u00bb","block_context":{"text":"Temas","link":"https:\/\/moir.com.co\/web\/category\/temas\/"},"img":{"alt_text":"","src":"","width":0,"height":0},"classes":[]},{"id":6144,"url":"https:\/\/moir.com.co\/web\/el-neoliberalismo-agrava-la-violencia-contra-las-mujeres\/","url_meta":{"origin":13088,"position":2},"title":"El neoliberalismo agrava la violencia contra las mujeres","author":"admin","date":"noviembre 27, 2011","format":false,"excerpt":"La monogamia, que surge a la par de la esclavitud y de la propiedad privada, nace con el prop\u00f3sito de garantizar que la herencia quedara en manos de los hijos leg\u00edtimos del due\u00f1o. Desde entonces la mujer qued\u00f3 condenada a ser la \u201creina del hogar\u201d. Y es varios miles de\u2026","rel":"","context":"En \u00abTribuna Magisterial\u00bb","block_context":{"text":"Tribuna Magisterial","link":"https:\/\/moir.com.co\/web\/category\/tribuna-magisterial\/"},"img":{"alt_text":"","src":"","width":0,"height":0},"classes":[]},{"id":12774,"url":"https:\/\/moir.com.co\/web\/por-una-menstruacion-libre-de-impuestos\/","url_meta":{"origin":13088,"position":3},"title":"Por una menstruaci\u00f3n libre de impuestos","author":"admin","date":"junio 29, 2017","format":false,"excerpt":"Patricia Cifuentes, Bogot\u00e1, junio 27 de 2017 Para nadie es un secreto que en Colombia las mujeres est\u00e1n en condiciones muy por debajo de lo que deber\u00edan estar. Y si bien esta es una tendencia mundial, las inequidades son m\u00e1s marcadas en los pa\u00edses subdesarrollados. Ganan menos dinero que los\u2026","rel":"","context":"En \u00abEconom\u00eda\u00bb","block_context":{"text":"Econom\u00eda","link":"https:\/\/moir.com.co\/web\/category\/temas\/economia\/"},"img":{"alt_text":"","src":"","width":0,"height":0},"classes":[]},{"id":11157,"url":"https:\/\/moir.com.co\/web\/la-reforma-tributaria-santista-un-golpe-economico-a-las-mujeres\/","url_meta":{"origin":13088,"position":4},"title":"LA REFORMA TRIBUTAR\u00cdA SANTISTA: un golpe econ\u00f3mico a las mujeres","author":"admin","date":"noviembre 25, 2016","format":false,"excerpt":"Juan Pablo Mart\u00ednez Gamboa, C\u00facuta, noviembre 25 de 2016 En una sociedad verdaderamente democr\u00e1tica se repudian todos los actos que vayan en contra de las mujeres, sin importar si estos son f\u00edsicos, sicol\u00f3gicos o econ\u00f3micos; adem\u00e1s, teniendo en cuenta lo determinante que resultan ser los aspectos econ\u00f3micos, se puede se\u00f1alar\u2026","rel":"","context":"En \u00abEconom\u00eda\u00bb","block_context":{"text":"Econom\u00eda","link":"https:\/\/moir.com.co\/web\/category\/temas\/economia\/"},"img":{"alt_text":"","src":"https:\/\/i0.wp.com\/moir.com.co\/web\/wp-content\/uploads\/2016\/11\/mujernoviolencia.jpg?fit=228%2C221&ssl=1&resize=350%2C200","width":350,"height":200},"classes":[]},{"id":6929,"url":"https:\/\/moir.com.co\/web\/son-las-mujeres-quienes-mas-sufren-la-creciente-pobreza-del-campo-colombiano\/","url_meta":{"origin":13088,"position":5},"title":"Son las mujeres quienes m\u00e1s sufren la creciente pobreza del campo colombiano","author":"admin","date":"octubre 16, 2012","format":false,"excerpt":"Las mujeres que viven en el campo sufren como mujeres por lo mucho que en Colombia se discrimina contra ellas y sufren como campesinas por la enorme pobreza rural, dijo hoy en la Comisi\u00f3n Quinta el senador Jorge Enrique Robledo en el debate promovido por las senadores Maritza Mart\u00ednez, Daira\u2026","rel":"","context":"En \u00abJorge Enrique Robledo\u00bb","block_context":{"text":"Jorge Enrique Robledo","link":"https:\/\/moir.com.co\/web\/category\/jorge-enrique-robledo\/"},"img":{"alt_text":"","src":"","width":0,"height":0},"classes":[]}],"jetpack_sharing_enabled":true,"_links":{"self":[{"href":"https:\/\/moir.com.co\/web\/wp-json\/wp\/v2\/posts\/13088","targetHints":{"allow":["GET"]}}],"collection":[{"href":"https:\/\/moir.com.co\/web\/wp-json\/wp\/v2\/posts"}],"about":[{"href":"https:\/\/moir.com.co\/web\/wp-json\/wp\/v2\/types\/post"}],"author":[{"embeddable":true,"href":"https:\/\/moir.com.co\/web\/wp-json\/wp\/v2\/users\/1"}],"replies":[{"embeddable":true,"href":"https:\/\/moir.com.co\/web\/wp-json\/wp\/v2\/comments?post=13088"}],"version-history":[{"count":0,"href":"https:\/\/moir.com.co\/web\/wp-json\/wp\/v2\/posts\/13088\/revisions"}],"wp:featuredmedia":[{"embeddable":true,"href":"https:\/\/moir.com.co\/web\/wp-json\/wp\/v2\/media\/12775"}],"wp:attachment":[{"href":"https:\/\/moir.com.co\/web\/wp-json\/wp\/v2\/media?parent=13088"}],"wp:term":[{"taxonomy":"category","embeddable":true,"href":"https:\/\/moir.com.co\/web\/wp-json\/wp\/v2\/categories?post=13088"},{"taxonomy":"post_tag","embeddable":true,"href":"https:\/\/moir.com.co\/web\/wp-json\/wp\/v2\/tags?post=13088"}],"curies":[{"name":"wp","href":"https:\/\/api.w.org\/{rel}","templated":true}]}}