{"id":13076,"date":"2017-08-09T19:12:46","date_gmt":"2017-08-09T19:12:46","guid":{"rendered":"https:\/\/moir.org.co\/web\/?p=13076"},"modified":"2017-08-09T19:12:46","modified_gmt":"2017-08-09T19:12:46","slug":"video-jorge-enrique-robledo-envia-saludo-al-foro-sobre-crisis-lechera-citado-por-dignidad-lechera-en-ubate","status":"publish","type":"post","link":"https:\/\/moir.com.co\/web\/video-jorge-enrique-robledo-envia-saludo-al-foro-sobre-crisis-lechera-citado-por-dignidad-lechera-en-ubate\/","title":{"rendered":"Video: Jorge Enrique Robledo env\u00eda saludo al foro sobre crisis lechera citado por Dignidad Lechera en Ubat\u00e9"},"content":{"rendered":"<p>VIDEO CONFERENCIA: Participaci\u00f3n del precandidato presidencial y Senador del PDA Jorge Enrique Robledo en el foro lechero organizado por Dignidad Lechera Nacional, en el cual analiza la crisis actual por la que atraviesan los productores l\u00e1cteos colombianos, Ubat\u00e9, julio 25 de 2017<\/p>\n","protected":false},"excerpt":{"rendered":"<p>VIDEO CONFERENCIA: Participaci\u00f3n del precandidato presidencial y Senador del PDA Jorge Enrique Robledo en el foro lechero organizado por Dignidad Lechera Nacional, en el cual analiza la crisis actual por la que atraviesan los productores l\u00e1cteos colombianos, Ubat\u00e9, julio 25 de 2017<\/p>\n","protected":false},"author":1,"featured_media":0,"comment_status":"open","ping_status":"open","sticky":false,"template":"","format":"video","meta":{"advanced_seo_description":"","jetpack_seo_html_title":"","jetpack_seo_noindex":false,"_jetpack_memberships_contains_paid_content":false,"footnotes":""},"categories":[114,102,97,105,4],"tags":[],"class_list":["post-13076","post","type-post","status-publish","format-video","hentry","category-agro","category-economia","category-imperialismo-y-neoliberalismo","category-internacional-articulos-de-actualidad","category-jorge-enrique-robledo","post_format-post-format-video"],"jetpack_featured_media_url":"","jetpack-related-posts":[{"id":17523,"url":"https:\/\/moir.com.co\/web\/video-no-mas-ruina-a-los-lecheros-por-causa-del-libre-comercio-robledo\/","url_meta":{"origin":13076,"position":0},"title":"Video: No m\u00e1s ruina a los lecheros por causa del libre comercio: Robledo","author":"admin","date":"mayo 21, 2019","format":"video","excerpt":"Bogot\u00e1, mayo 20 de 2019","rel":"","context":"En \u00abAgro\u00bb","block_context":{"text":"Agro","link":"https:\/\/moir.com.co\/web\/category\/temas\/agro\/"},"img":{"alt_text":"","src":"","width":0,"height":0},"classes":[]},{"id":17276,"url":"https:\/\/moir.com.co\/web\/el-agro-esta-en-la-quiebra\/","url_meta":{"origin":13076,"position":1},"title":"El agro est\u00e1 en la quiebra","author":"admin","date":"abril 11, 2019","format":false,"excerpt":"Oficina de prensa del senador Jorge Enrique Robledo, Bogot\u00e1, abril 9 de 2019 El pr\u00f3ximo jueves 11 de abril, desde las 9:00 am, se realizar\u00e1 en el recinto de la Comisi\u00f3n Quinta del Senado de la Rep\u00fablica la audiencia p\u00fablica\u00a0 \u201cEl agro en quiebra\u201d citada por el senador Jorge Enrique\u2026","rel":"","context":"En \u00abAgro\u00bb","block_context":{"text":"Agro","link":"https:\/\/moir.com.co\/web\/category\/temas\/agro\/"},"img":{"alt_text":"","src":"https:\/\/i0.wp.com\/moir.com.co\/web\/wp-content\/uploads\/2019\/04\/agrocrisis.jpeg?fit=768%2C516&ssl=1&resize=350%2C200","width":350,"height":200,"srcset":"https:\/\/i0.wp.com\/moir.com.co\/web\/wp-content\/uploads\/2019\/04\/agrocrisis.jpeg?fit=768%2C516&ssl=1&resize=350%2C200 1x, https:\/\/i0.wp.com\/moir.com.co\/web\/wp-content\/uploads\/2019\/04\/agrocrisis.jpeg?fit=768%2C516&ssl=1&resize=525%2C300 1.5x, https:\/\/i0.wp.com\/moir.com.co\/web\/wp-content\/uploads\/2019\/04\/agrocrisis.jpeg?fit=768%2C516&ssl=1&resize=700%2C400 2x"},"classes":[]},{"id":9573,"url":"https:\/\/moir.com.co\/web\/el-tpp-incrementara-la-crisis-de-los-lecheros-colombianos\/","url_meta":{"origin":13076,"position":2},"title":"El TPP incrementara la crisis de los lecheros colombianos","author":"admin","date":"agosto 12, 2015","format":false,"excerpt":"Cada kilo de leche que entra por las importaciones de los TLC tumban los precios que reciben nuestros lecheros, quienes no est\u00e1n cubriendo los costos de producci\u00f3n. Una 'masacre' lechera. As\u00ed resumi\u00f3 el senador Jorge Enrique Robledo la dif\u00edcil situaci\u00f3n por la que pasan 400 mil lecheros, la mayor\u00eda peque\u00f1os\u2026","rel":"","context":"En \u00abJorge Enrique Robledo\u00bb","block_context":{"text":"Jorge Enrique Robledo","link":"https:\/\/moir.com.co\/web\/category\/jorge-enrique-robledo\/"},"img":{"alt_text":"","src":"","width":0,"height":0},"classes":[]},{"id":5383,"url":"https:\/\/moir.com.co\/web\/varios-congresistas-participaran-en-la-marcha-lechera-en-defensa-de-la-cadena-lactea-nacional\/","url_meta":{"origin":13076,"position":3},"title":"Varios congresistas participar\u00e1n en la marcha lechera en defensa de la cadena l\u00e1ctea nacional","author":"admin","date":"marzo 8, 2011","format":false,"excerpt":"La senadora Daira Galvis, los senadores Germ\u00e1n Carlosama, Jorge Enrique Robledo y otros congresistas, participar\u00e1n en la marcha lechera que se realizar\u00e1 el mi\u00e9rcoles 9 de marzo en Bogot\u00e1. Los parlamentarios acompa\u00f1ar\u00e1n a decenas de organizaciones de la cadena l\u00e1ctea, que marchar\u00e1n en defensa de la leche cantina y la\u2026","rel":"","context":"En \u00abJorge Enrique Robledo\u00bb","block_context":{"text":"Jorge Enrique Robledo","link":"https:\/\/moir.com.co\/web\/category\/jorge-enrique-robledo\/"},"img":{"alt_text":"","src":"","width":0,"height":0},"classes":[]},{"id":14733,"url":"https:\/\/moir.com.co\/web\/las-importaciones-siguen-arruinando-a-nuestros-lecheros-robledo\/","url_meta":{"origin":13076,"position":4},"title":"Las importaciones siguen arruinando a nuestros lecheros: Robledo","author":"admin","date":"marzo 16, 2018","format":false,"excerpt":"Oficina de prensa del senador Jorge Enrique Robledo, Bogot\u00e1, marzo 15 de 2018 Importaciones de leche valen 322.000 millones de pesos; hay que revisar uno a uno los TLC Inundados de leche importada \u201cEn repetidas ocasiones he advertido como las importaciones de los TLC pondr\u00edan en jaque a los lecheros\u2026","rel":"","context":"En \u00abAgro\u00bb","block_context":{"text":"Agro","link":"https:\/\/moir.com.co\/web\/category\/temas\/agro\/"},"img":{"alt_text":"","src":"https:\/\/i0.wp.com\/moir.com.co\/web\/wp-content\/uploads\/2018\/03\/lecheimportaciones.jpg?fit=370%2C252&ssl=1&resize=350%2C200","width":350,"height":200},"classes":[]},{"id":15760,"url":"https:\/\/moir.com.co\/web\/video-delegados-del-caqueta-y-el-senador-robledo-plantean-la-problematica-de-la-produccion-en-ese-departamento\/","url_meta":{"origin":13076,"position":5},"title":"Video: Delegados del Caquet\u00e1 y el senador Robledo plantean la problem\u00e1tica de la producci\u00f3n lechera en ese departamento","author":"admin","date":"agosto 27, 2018","format":"video","excerpt":"Bogot\u00e1, agosto 27 de 2018","rel":"","context":"En \u00abAgro\u00bb","block_context":{"text":"Agro","link":"https:\/\/moir.com.co\/web\/category\/temas\/agro\/"},"img":{"alt_text":"","src":"","width":0,"height":0},"classes":[]}],"jetpack_sharing_enabled":true,"_links":{"self":[{"href":"https:\/\/moir.com.co\/web\/wp-json\/wp\/v2\/posts\/13076","targetHints":{"allow":["GET"]}}],"collection":[{"href":"https:\/\/moir.com.co\/web\/wp-json\/wp\/v2\/posts"}],"about":[{"href":"https:\/\/moir.com.co\/web\/wp-json\/wp\/v2\/types\/post"}],"author":[{"embeddable":true,"href":"https:\/\/moir.com.co\/web\/wp-json\/wp\/v2\/users\/1"}],"replies":[{"embeddable":true,"href":"https:\/\/moir.com.co\/web\/wp-json\/wp\/v2\/comments?post=13076"}],"version-history":[{"count":0,"href":"https:\/\/moir.com.co\/web\/wp-json\/wp\/v2\/posts\/13076\/revisions"}],"wp:attachment":[{"href":"https:\/\/moir.com.co\/web\/wp-json\/wp\/v2\/media?parent=13076"}],"wp:term":[{"taxonomy":"category","embeddable":true,"href":"https:\/\/moir.com.co\/web\/wp-json\/wp\/v2\/categories?post=13076"},{"taxonomy":"post_tag","embeddable":true,"href":"https:\/\/moir.com.co\/web\/wp-json\/wp\/v2\/tags?post=13076"}],"curies":[{"name":"wp","href":"https:\/\/api.w.org\/{rel}","templated":true}]}}