{"id":13073,"date":"2017-08-09T19:07:29","date_gmt":"2017-08-09T19:07:29","guid":{"rendered":"https:\/\/moir.org.co\/web\/?p=13073"},"modified":"2017-08-09T19:07:29","modified_gmt":"2017-08-09T19:07:29","slug":"la-crisis-del-aftosa-es-el-reflejo-de-un-estado-incapaz-robledo","status":"publish","type":"post","link":"https:\/\/moir.com.co\/web\/la-crisis-del-aftosa-es-el-reflejo-de-un-estado-incapaz-robledo\/","title":{"rendered":"La crisis del aftosa es el reflejo de un Estado incapaz: Robledo"},"content":{"rendered":"<p><strong>Oficina de prensa del senador Jorge Enrique Robledo, Bogot\u00e1, agosto 9 de 2017<\/strong><\/p>\n<p><em>Seg\u00fan la Organizaci\u00f3n Mundial de Sanidad Animal, OIE, el 75% del personal de ICA est\u00e1 tercerizado<\/em><\/p>\n<p>\u201cLa situaci\u00f3n del agro es dram\u00e1tica\u201d, expres\u00f3 Jorge Enrique Robledo en el debate realizado hoy en la Comisi\u00f3n Quinta del Senado sobre la crisis de la aftosa. Arroceros, lecheros, azucareros, cacaoteros, paperos, palmeros, entre otros, se est\u00e1n arruinando por la avalancha de importaciones agropecuarios que ya van en 13 millones de toneladas.<\/p>\n<p>Respecto a la crisis de la aftosa, Robledo explic\u00f3 que hay sufrimiento entre los ganaderos nacionales quienes est\u00e1n perdiendo miles de millones de pesos por la ca\u00edda en los precios internos, el cierre de mercados externos y por cambios en el consumo desde la carne de res a otras carnes.<\/p>\n<p>El congresista del Polo se\u00f1al\u00f3 que sin duda el virus entr\u00f3 desde Venezuela v\u00eda contrabando, flagelo que tambi\u00e9n est\u00e1 afectando a textileros, zapateros y a las licoreras colombianas. El contrabando se ha tomado en proporciones inmensas a la econom\u00eda nacional. Robledo tambi\u00e9n hizo \u00e9nfasis en los problemas en la vacunaci\u00f3n. Si todas las reses estuvieran vacunadas contra la aftosa, la res contagiada ingresar\u00eda, pero no contagiar\u00eda.<\/p>\n<p>Robledo explic\u00f3 que la principal causa de la extensi\u00f3n del virus es el desmembramiento de las instituciones. En 2015 la Organizaci\u00f3n Mundial de Sanidad Animal (OIE) revis\u00f3 la operaci\u00f3n del ICA y concluy\u00f3 que all\u00ed existe una elevada inestabilidad laboral del personal veterinario. El 75 por ciento de los funcionarios tienen contrataci\u00f3n temporal, es decir, est\u00e1n tercerizados. \u201cEs un crimen en contra de los ganaderos que en el ICA existan esos niveles de tercerizaci\u00f3n.\u201d La crisis es un reflejo de la incapacidad del Estado y de las p\u00e9simas decisiones del gobierno, concluy\u00f3 el congresista.<\/p>\n","protected":false},"excerpt":{"rendered":"<p>Oficina de prensa del senador Jorge Enrique Robledo, Bogot\u00e1, agosto 9 de 2017 Seg\u00fan la Organizaci\u00f3n Mundial de Sanidad Animal, OIE, el 75% del personal de ICA est\u00e1 tercerizado \u201cLa situaci\u00f3n del agro es dram\u00e1tica\u201d, expres\u00f3 Jorge Enrique Robledo en el debate realizado hoy en la Comisi\u00f3n Quinta del Senado sobre la crisis de la [&hellip;]<\/p>\n","protected":false},"author":1,"featured_media":13074,"comment_status":"open","ping_status":"open","sticky":false,"template":"","format":"standard","meta":{"advanced_seo_description":"","jetpack_seo_html_title":"","jetpack_seo_noindex":false,"_jetpack_memberships_contains_paid_content":false,"footnotes":""},"categories":[114,102,97,4],"tags":[],"class_list":["post-13073","post","type-post","status-publish","format-standard","has-post-thumbnail","hentry","category-agro","category-economia","category-imperialismo-y-neoliberalismo","category-jorge-enrique-robledo"],"jetpack_featured_media_url":"https:\/\/i0.wp.com\/moir.com.co\/web\/wp-content\/uploads\/2017\/08\/robledoaftosa.jpg?fit=768%2C403&ssl=1","jetpack-related-posts":[{"id":13069,"url":"https:\/\/moir.com.co\/web\/video-crisis-de-la-aftosa-responsabilidad-del-gobierno-robledo\/","url_meta":{"origin":13073,"position":0},"title":"Video: Crisis de la aftosa, responsabilidad del gobierno, Robledo","author":"admin","date":"agosto 9, 2017","format":"video","excerpt":"Intervenci\u00f3n del senador Jorge Enrique Robledo en el debate sobre la crisis del sector ganadero provocado por la fiebre aftosa y la responsabilidad del Gobierno en este asunto, Bogot\u00e1, agosto 8 de 2017","rel":"","context":"En \u00abAgro\u00bb","block_context":{"text":"Agro","link":"https:\/\/moir.com.co\/web\/category\/temas\/agro\/"},"img":{"alt_text":"","src":"","width":0,"height":0},"classes":[]},{"id":3826,"url":"https:\/\/moir.com.co\/web\/graves-denuncias-hacen-ganaderos-del-magdalena-medio-contra-el-monopolio-de-los-frigorificos\/","url_meta":{"origin":13073,"position":1},"title":"Graves denuncias hacen ganaderos del Magdalena Medio contra el monopolio de los frigor\u00edficos","author":"admin","date":"diciembre 2, 2009","format":false,"excerpt":"En medio de la profunda crisis de casi todo el sector agrario \u2013en la que tambi\u00e9n resaltan la crisis del caf\u00e9, el arroz y la panela\u2013 son notorios los graves problemas de la ganader\u00eda de carne y leche, sector donde hay 473 mil productores y en el que el 50\u2026","rel":"","context":"En \u00abJorge Enrique Robledo\u00bb","block_context":{"text":"Jorge Enrique Robledo","link":"https:\/\/moir.com.co\/web\/category\/jorge-enrique-robledo\/"},"img":{"alt_text":"","src":"","width":0,"height":0},"classes":[]},{"id":12917,"url":"https:\/\/moir.com.co\/web\/video-por-que-esta-en-crisis-el-agro-colombiano-audiencia-publica-citada-por-el-senador-jorge-enrique-robledo\/","url_meta":{"origin":13073,"position":2},"title":"Video: \u00bfPor qu\u00e9 est\u00e1 en crisis el agro colombiano? Audiencia p\u00fablica citada por el senador Jorge Enrique Robledo","author":"admin","date":"julio 18, 2017","format":"video","excerpt":"","rel":"","context":"En \u00abAgro\u00bb","block_context":{"text":"Agro","link":"https:\/\/moir.com.co\/web\/category\/temas\/agro\/"},"img":{"alt_text":"","src":"","width":0,"height":0},"classes":[]},{"id":17286,"url":"https:\/\/moir.com.co\/web\/video-intervencion-del-senador-jorge-enrique-robledo-en-la-audiencia-el-agro-en-crisis\/","url_meta":{"origin":13073,"position":3},"title":"Video: Intervenci\u00f3n del senador Jorge Enrique Robledo en la Audiencia &#8220;El agro en crisis&#8221;","author":"admin","date":"abril 11, 2019","format":"video","excerpt":"Bogot\u00e1, abril 11 de 2019","rel":"","context":"En \u00abAgro\u00bb","block_context":{"text":"Agro","link":"https:\/\/moir.com.co\/web\/category\/temas\/agro\/"},"img":{"alt_text":"","src":"","width":0,"height":0},"classes":[]},{"id":12708,"url":"https:\/\/moir.com.co\/web\/privatizar-el-riego-otra-decision-en-contra-del-progreso-del-agro-nacional-robledo\/","url_meta":{"origin":13073,"position":4},"title":"Privatizar el riego, otra decisi\u00f3n en contra del progreso del agro nacional: Robledo","author":"admin","date":"junio 14, 2017","format":false,"excerpt":"Oficina de prensa del senador Jorge Enrique Robledo, Bogot\u00e1, junio 14 de 2017 Se aumentar\u00e1 la desigualdad en el campo; el agua no puede volverse un negocio; el agro pasa por una profunda crisis Con autor\u00eda de los Ministros de Agricultura y del Interior, se tramita, una ley, dentro del\u2026","rel":"","context":"En \u00abAgro\u00bb","block_context":{"text":"Agro","link":"https:\/\/moir.com.co\/web\/category\/temas\/agro\/"},"img":{"alt_text":"","src":"https:\/\/i0.wp.com\/moir.com.co\/web\/wp-content\/uploads\/2017\/05\/robledocartaapen%CC%83alosa.png?fit=578%2C325&ssl=1&resize=350%2C200","width":350,"height":200,"srcset":"https:\/\/i0.wp.com\/moir.com.co\/web\/wp-content\/uploads\/2017\/05\/robledocartaapen%CC%83alosa.png?fit=578%2C325&ssl=1&resize=350%2C200 1x, https:\/\/i0.wp.com\/moir.com.co\/web\/wp-content\/uploads\/2017\/05\/robledocartaapen%CC%83alosa.png?fit=578%2C325&ssl=1&resize=525%2C300 1.5x"},"classes":[]},{"id":6283,"url":"https:\/\/moir.com.co\/web\/el-tlc-con-corea-destruye-la-industria-y-no-le-sirve-al-agro\/","url_meta":{"origin":13073,"position":5},"title":"El TLC con Corea destruye la industria y no le sirve al agro","author":"admin","date":"febrero 7, 2012","format":false,"excerpt":"El senador Jorge Enrique Robledo le envi\u00f3 hoy una carta a Rafael Mej\u00eda, presidente de la Sociedad de Agricultores de Colombia, SAC, en que le reafirma que el TLC que tramita el gobierno de Colombia con el de Corea del Sur no solo va a destruir la industria automotriz, la\u2026","rel":"","context":"En \u00abJorge Enrique Robledo\u00bb","block_context":{"text":"Jorge Enrique Robledo","link":"https:\/\/moir.com.co\/web\/category\/jorge-enrique-robledo\/"},"img":{"alt_text":"","src":"","width":0,"height":0},"classes":[]}],"jetpack_sharing_enabled":true,"_links":{"self":[{"href":"https:\/\/moir.com.co\/web\/wp-json\/wp\/v2\/posts\/13073","targetHints":{"allow":["GET"]}}],"collection":[{"href":"https:\/\/moir.com.co\/web\/wp-json\/wp\/v2\/posts"}],"about":[{"href":"https:\/\/moir.com.co\/web\/wp-json\/wp\/v2\/types\/post"}],"author":[{"embeddable":true,"href":"https:\/\/moir.com.co\/web\/wp-json\/wp\/v2\/users\/1"}],"replies":[{"embeddable":true,"href":"https:\/\/moir.com.co\/web\/wp-json\/wp\/v2\/comments?post=13073"}],"version-history":[{"count":0,"href":"https:\/\/moir.com.co\/web\/wp-json\/wp\/v2\/posts\/13073\/revisions"}],"wp:featuredmedia":[{"embeddable":true,"href":"https:\/\/moir.com.co\/web\/wp-json\/wp\/v2\/media\/13074"}],"wp:attachment":[{"href":"https:\/\/moir.com.co\/web\/wp-json\/wp\/v2\/media?parent=13073"}],"wp:term":[{"taxonomy":"category","embeddable":true,"href":"https:\/\/moir.com.co\/web\/wp-json\/wp\/v2\/categories?post=13073"},{"taxonomy":"post_tag","embeddable":true,"href":"https:\/\/moir.com.co\/web\/wp-json\/wp\/v2\/tags?post=13073"}],"curies":[{"name":"wp","href":"https:\/\/api.w.org\/{rel}","templated":true}]}}