{"id":13069,"date":"2017-08-09T15:16:03","date_gmt":"2017-08-09T15:16:03","guid":{"rendered":"https:\/\/moir.org.co\/web\/?p=13069"},"modified":"2017-08-09T15:16:03","modified_gmt":"2017-08-09T15:16:03","slug":"video-crisis-de-la-aftosa-responsabilidad-del-gobierno-robledo","status":"publish","type":"post","link":"https:\/\/moir.com.co\/web\/video-crisis-de-la-aftosa-responsabilidad-del-gobierno-robledo\/","title":{"rendered":"Video: Crisis de la aftosa, responsabilidad del gobierno, Robledo"},"content":{"rendered":"<p><strong>Intervenci\u00f3n del senador Jorge Enrique Robledo en el debate sobre la crisis del sector ganadero provocado por la fiebre aftosa y la responsabilidad del Gobierno en este asunto, Bogot\u00e1, agosto 8 de 2017<\/strong><\/p>\n","protected":false},"excerpt":{"rendered":"<p>Intervenci\u00f3n del senador Jorge Enrique Robledo en el debate sobre la crisis del sector ganadero provocado por la fiebre aftosa y la responsabilidad del Gobierno en este asunto, Bogot\u00e1, agosto 8 de 2017<\/p>\n","protected":false},"author":1,"featured_media":0,"comment_status":"open","ping_status":"open","sticky":false,"template":"","format":"video","meta":{"advanced_seo_description":"","jetpack_seo_html_title":"","jetpack_seo_noindex":false,"_jetpack_memberships_contains_paid_content":false,"footnotes":""},"categories":[114,102,97,4],"tags":[],"class_list":["post-13069","post","type-post","status-publish","format-video","hentry","category-agro","category-economia","category-imperialismo-y-neoliberalismo","category-jorge-enrique-robledo","post_format-post-format-video"],"jetpack_featured_media_url":"","jetpack-related-posts":[{"id":13073,"url":"https:\/\/moir.com.co\/web\/la-crisis-del-aftosa-es-el-reflejo-de-un-estado-incapaz-robledo\/","url_meta":{"origin":13069,"position":0},"title":"La crisis del aftosa es el reflejo de un Estado incapaz: Robledo","author":"admin","date":"agosto 9, 2017","format":false,"excerpt":"Oficina de prensa del senador Jorge Enrique Robledo, Bogot\u00e1, agosto 9 de 2017 Seg\u00fan la Organizaci\u00f3n Mundial de Sanidad Animal, OIE, el 75% del personal de ICA est\u00e1 tercerizado \u201cLa situaci\u00f3n del agro es dram\u00e1tica\u201d, expres\u00f3 Jorge Enrique Robledo en el debate realizado hoy en la Comisi\u00f3n Quinta del Senado\u2026","rel":"","context":"En \u00abAgro\u00bb","block_context":{"text":"Agro","link":"https:\/\/moir.com.co\/web\/category\/temas\/agro\/"},"img":{"alt_text":"","src":"https:\/\/i0.wp.com\/moir.com.co\/web\/wp-content\/uploads\/2017\/08\/robledoaftosa.jpg?fit=768%2C403&ssl=1&resize=350%2C200","width":350,"height":200,"srcset":"https:\/\/i0.wp.com\/moir.com.co\/web\/wp-content\/uploads\/2017\/08\/robledoaftosa.jpg?fit=768%2C403&ssl=1&resize=350%2C200 1x, https:\/\/i0.wp.com\/moir.com.co\/web\/wp-content\/uploads\/2017\/08\/robledoaftosa.jpg?fit=768%2C403&ssl=1&resize=525%2C300 1.5x, https:\/\/i0.wp.com\/moir.com.co\/web\/wp-content\/uploads\/2017\/08\/robledoaftosa.jpg?fit=768%2C403&ssl=1&resize=700%2C400 2x"},"classes":[]},{"id":3826,"url":"https:\/\/moir.com.co\/web\/graves-denuncias-hacen-ganaderos-del-magdalena-medio-contra-el-monopolio-de-los-frigorificos\/","url_meta":{"origin":13069,"position":1},"title":"Graves denuncias hacen ganaderos del Magdalena Medio contra el monopolio de los frigor\u00edficos","author":"admin","date":"diciembre 2, 2009","format":false,"excerpt":"En medio de la profunda crisis de casi todo el sector agrario \u2013en la que tambi\u00e9n resaltan la crisis del caf\u00e9, el arroz y la panela\u2013 son notorios los graves problemas de la ganader\u00eda de carne y leche, sector donde hay 473 mil productores y en el que el 50\u2026","rel":"","context":"En \u00abJorge Enrique Robledo\u00bb","block_context":{"text":"Jorge Enrique Robledo","link":"https:\/\/moir.com.co\/web\/category\/jorge-enrique-robledo\/"},"img":{"alt_text":"","src":"","width":0,"height":0},"classes":[]},{"id":16215,"url":"https:\/\/moir.com.co\/web\/ganaderia-de-carne-y-leche-estan-amenazadas-por-males-que-saben-curarse\/","url_meta":{"origin":13069,"position":2},"title":"Ganader\u00eda de carne y leche est\u00e1n amenazadas, por males que saben curarse","author":"admin","date":"octubre 18, 2018","format":false,"excerpt":"Oficina de prensa del representante Jorge G\u00f3mez, Medell\u00edn, octubre 18 de 2018 En las \u00faltimas semanas ocurrieron hechos graves para la ganader\u00eda de carne y leche del pa\u00eds y, en medio de la cantidad de noticias negativas para el sector agropecuario, est\u00e1s vienen a agravar la situaci\u00f3n de quienes, en\u2026","rel":"","context":"En \u00abAgro\u00bb","block_context":{"text":"Agro","link":"https:\/\/moir.com.co\/web\/category\/temas\/agro\/"},"img":{"alt_text":"","src":"","width":0,"height":0},"classes":[]},{"id":7325,"url":"https:\/\/moir.com.co\/web\/robledo-le-pide-a-roy-barreras-que-cite-debate-sobre-la-responsabilidad-del-ministro-de-agricultura-en-crisis-cafetera-cacaotera-y-agraria\/","url_meta":{"origin":13069,"position":3},"title":"Robledo le pide a Roy Barreras que cite debate sobre la responsabilidad del Ministro de Agricultura en crisis cafetera, cacaotera y agraria","author":"admin","date":"marzo 2, 2013","format":false,"excerpt":"El debate se har\u00eda antes de que inicien las sesiones ordinarias. En carta dirigida al Presidente del Senado, el senador Jorge Enrique Robledo le solicit\u00f3 la citaci\u00f3n a un debate de control pol\u00edtico sobre la responsabilidad del Ministro de Agricultura en la crisis cafetera, cacaotera y, en general, de todo\u2026","rel":"","context":"En \u00abJorge Enrique Robledo\u00bb","block_context":{"text":"Jorge Enrique Robledo","link":"https:\/\/moir.com.co\/web\/category\/jorge-enrique-robledo\/"},"img":{"alt_text":"","src":"","width":0,"height":0},"classes":[]},{"id":3352,"url":"https:\/\/moir.com.co\/web\/el-gobierno-nacional-es-responsable-de-la-crisis-de-la-salud-en-los-departamentos\/","url_meta":{"origin":13069,"position":4},"title":"EL GOBIERNO NACIONAL ES RESPONSABLE DE  LA CRISIS DE LA SALUD EN LOS DEPARTAMENTOS","author":"admin","date":"agosto 5, 2009","format":false,"excerpt":"La EPS Convida est\u00e1 a punto de ser privatizada despu\u00e9s que un informe preliminar de la banca de inversiones Structure se\u00f1alara su inviabilidad como entidad p\u00fablica. Convida es una Empresa Promotora de Salud del r\u00e9gimen subsidiado del departamento de Cundinamarca con m\u00e1s de 400 mil afiliados y 92 trabajadores. El\u2026","rel":"","context":"En \u00abJorge Enrique Robledo\u00bb","block_context":{"text":"Jorge Enrique Robledo","link":"https:\/\/moir.com.co\/web\/category\/jorge-enrique-robledo\/"},"img":{"alt_text":"","src":"","width":0,"height":0},"classes":[]},{"id":14428,"url":"https:\/\/moir.com.co\/web\/video-el-principal-responsable-de-la-crisis-de-basuras-que-vive-bogota-es-enrique-penalosa-denuncia-robledo\/","url_meta":{"origin":13069,"position":5},"title":"Video: El principal responsable de la crisis de basuras que vive Bogot\u00e1 es Enrique Pe\u00f1alosa, denuncia Robledo","author":"admin","date":"febrero 7, 2018","format":"video","excerpt":"Bogot\u00e1, febrero 6 de 2018","rel":"","context":"En \u00abBogot\u00e1\u00bb","block_context":{"text":"Bogot\u00e1","link":"https:\/\/moir.com.co\/web\/category\/temas\/bogota\/"},"img":{"alt_text":"","src":"","width":0,"height":0},"classes":[]}],"jetpack_sharing_enabled":true,"_links":{"self":[{"href":"https:\/\/moir.com.co\/web\/wp-json\/wp\/v2\/posts\/13069","targetHints":{"allow":["GET"]}}],"collection":[{"href":"https:\/\/moir.com.co\/web\/wp-json\/wp\/v2\/posts"}],"about":[{"href":"https:\/\/moir.com.co\/web\/wp-json\/wp\/v2\/types\/post"}],"author":[{"embeddable":true,"href":"https:\/\/moir.com.co\/web\/wp-json\/wp\/v2\/users\/1"}],"replies":[{"embeddable":true,"href":"https:\/\/moir.com.co\/web\/wp-json\/wp\/v2\/comments?post=13069"}],"version-history":[{"count":0,"href":"https:\/\/moir.com.co\/web\/wp-json\/wp\/v2\/posts\/13069\/revisions"}],"wp:attachment":[{"href":"https:\/\/moir.com.co\/web\/wp-json\/wp\/v2\/media?parent=13069"}],"wp:term":[{"taxonomy":"category","embeddable":true,"href":"https:\/\/moir.com.co\/web\/wp-json\/wp\/v2\/categories?post=13069"},{"taxonomy":"post_tag","embeddable":true,"href":"https:\/\/moir.com.co\/web\/wp-json\/wp\/v2\/tags?post=13069"}],"curies":[{"name":"wp","href":"https:\/\/api.w.org\/{rel}","templated":true}]}}