{"id":13056,"date":"2017-08-08T17:36:30","date_gmt":"2017-08-08T17:36:30","guid":{"rendered":"https:\/\/moir.org.co\/web\/?p=13056"},"modified":"2017-08-08T17:38:05","modified_gmt":"2017-08-08T17:38:05","slug":"cual-es-el-secreto-de-finlandia-para-ser-la-mejor-educacion-del-mundo","status":"publish","type":"post","link":"https:\/\/moir.com.co\/web\/cual-es-el-secreto-de-finlandia-para-ser-la-mejor-educacion-del-mundo\/","title":{"rendered":"\u00bfCu\u00e1l es el secreto de Finlandia para ser la mejor educaci\u00f3n del mundo?"},"content":{"rendered":"<p><strong>Mar\u00eda Antonieta Cano, miembro Junta Directiva ADE, Bogot\u00e1, agosto 8 de 2017<\/strong><\/p>\n<p>\u00bfQu\u00e9 tiene Finlandia que no tenemos nosotros? \u00bfPor qu\u00e9 ellos ostentan el mejor sistema educativo del mundo y nosotros, uno de los peores? Las respuestas a estas preguntas son m\u00e1s sencillas de lo que se prev\u00e9. En Finlandia la educaci\u00f3n es universal, p\u00fablica, gratuita y de alta calidad. En las mismas instituciones estudian los hijos de la \u00e9lite y de los pobres. Cuenta con un sistema en el que los profesores son de los profesionales mejor pagos, con una excelente formaci\u00f3n docente garantizada por el Estado y con garant\u00edas laborales. Elemental, querido Watson. \u00a1Claro! Ni punto de comparaci\u00f3n con lo que aqu\u00ed sucede.<\/p>\n<p>&nbsp;<\/p>\n<p>Se trata de hacer conciencia de que es el Estado el que debe asumir la responsabilidad, al ser el \u00fanico con el m\u00fasculo econ\u00f3mico suficiente para garantizar la educaci\u00f3n como un derecho. Al ser un asunto de Estado, se debe garantizar como derecho una educaci\u00f3n universal, gratuita y de alta calidad.<\/p>\n<p>&nbsp;<\/p>\n<p>Si miramos, los mejores sistemas educativos del mundo, como el de Finlandia, no tienen una receta m\u00e1gica, simplemente obedecen a unos criterios b\u00e1sicos;<\/p>\n<p>&nbsp;<\/p>\n<p><strong>La educaci\u00f3n en<\/strong><strong> estos pa\u00edses es universal<\/strong>, es decir, para todos. Los pobres, los de clase media y los ricos van a la misma escuela. El hijo de un minstro se sienta al lado de la hija de un obrero y esto hace que haya un criterio altamente democr\u00e1tico y que quienes gobiernan se preocupen por la educaci\u00f3n que recibir\u00e1n sus propios hijos. El principal objetivo de la pol\u00edtica educativa finlandesa, financiada en su mayor parte por el Estado, es ofrecer a todos los ciudadanos igualdad de oportunidades.<\/p>\n<p>&nbsp;<\/p>\n<p><strong>Es p\u00fablica y gratuita. <\/strong>Otra de las caracter\u00edsticas b\u00e1sicas de la educaci\u00f3n finlandesa es que es p\u00fablica en todos los niveles, desde el preescolar hasta la educaci\u00f3n superior. Y gratuita en todo el sentido de la palabra. Incluye los textos escolares, la alimentaci\u00f3n y el transporte. En Colombia, el concepto de gratuidad no pasa de ser mera ret\u00f3rica y en el caso de la cobertura la cifra es alarmante. Hay m\u00e1s de 1.800.000 estudiantes que se encuentran matriculados en colegios privados y para completar el cuadro, alrededor de 1.400.000 son de estratos uno, dos y tres. \u00a1Verg\u00fcenza nacional!<\/p>\n<p>&nbsp;<\/p>\n<p><strong>Es democr\u00e1tica<\/strong>. En Finlandia existe y se respeta la autonom\u00eda escolar. Las escuelas siguen unos lineamientos curriculares, que incluyen los objetivos y contenidos b\u00e1sicos de las diferentes materias, pero son las autoridades locales de educaci\u00f3n y las escuelas mismas las que elaboran sus propios planes de estudio, en el marco del plan nacional de estudios, y los maestros gozan de libertad de c\u00e1tedra. Pueden decidir sus m\u00e9todos de ense\u00f1anza, su m\u00e9todo para evaluar, sus textos escolares y otros materiales. A contramano, en Colombia la autonom\u00eda y la libertad de c\u00e1tedra son letra muerta frente a las imposiciones del Ministerio de Educaci\u00f3n. El mundo al rev\u00e9s. Mientras que en pa\u00edses como Finlandia el gobierno financia y las escuelas deciden aut\u00f3nomamente los contenidos y los m\u00e9todos, en Colombia el Estado no solo se ha ido desentendiendo de la financiaci\u00f3n, sino que ha ido imponiendo los \u00e9nfasis a rajatabla, pasando de los contenidos en los a\u00f1os sesenta a los logros en los noventa y de aqu\u00ed a los indicadores de logros, las competencias interpretativas, argumentativas y propositivas y, finalmente, a los est\u00e1ndares.<\/p>\n<p>&nbsp;<\/p>\n<p><strong>Es de calidad. <\/strong>Pa\u00edses como Finlandia tienen claro que la educaci\u00f3n apuntala el desarrollo del conocimiento y de las sociedades siempre y cuando sea de buena calidad. En palabras del senador Robledo, \u201cLa clave es el desarrollo del conocimiento. No hay progreso social que no est\u00e1 antecedido por un progreso del conocimiento, ni progreso que no genere saltos en el conocimiento\u201d. La educaci\u00f3n debe generar desarrollo, no subdesarrollo. En Colombia, la mala educaci\u00f3n es una pol\u00edtica de Estado.<\/p>\n<p>&nbsp;<\/p>\n<p>En nuestro pa\u00eds, infortunadamente, se ha impuesto la l\u00f3gica neoliberal. Se le ha impuesto como meta al sistema educativo, no la fundamentaci\u00f3n y alcance del saber, sino obtener alguna habilidad. Se desecha as\u00ed el conocimiento por la b\u00fasqueda de la competencia. Se trata, no del conocimiento cient\u00edfico, sino de lograr formar una competencia, algo as\u00ed como \u201cun saber hacer en contexto\u201d, pues las competencias son en esencia \u201cformaci\u00f3n para la vida en sociedad\u201d, lo cual significa la adaptaci\u00f3n del individuo a las condiciones de la globalizaci\u00f3n y el libre comercio.<\/p>\n<p><strong>\u00a0<\/strong><\/p>\n<p><strong>En Finlandia los profesores son tratados con respeto y es un orgullo ser profesor<\/strong>. La docencia es una carrera atractiva en Finlandia. Como los centros de formaci\u00f3n pedag\u00f3gica hacen un exhaustivo proceso de selecci\u00f3n, s\u00f3lo accede el 12% de los postulantes. Se considera imprescindible contar con personal altamente calificado, porque los maestros gozan de amplia autonom\u00eda.<\/p>\n<p>&nbsp;<\/p>\n<p>Los educadores son reconocidos como la clave de la calidad y, por lo tanto, se presta atenci\u00f3n a su formaci\u00f3n, tanto a sus estudios como a la continua actualizaci\u00f3n. Todo lo contrario sucede en Colombia, donde el salario de los docentes es uno de los m\u00e1s bajos del mundo, comparado apenas con pa\u00edses como Monzambique o Hait\u00ed y donde el gobierno de Santos acaba de expedir los Decretos 501, 490 y 915, que configuran una verdadera contrareforma laboral tendiente a flexibilizar, precarizar y tercerizar la labor docente.<\/p>\n<p>&nbsp;<\/p>\n<p>As\u00ed pues que no existe truco, receta ni p\u00f3cima secreta. Para tener una buena educaci\u00f3n como la de Finlandia solo basta con que el Estado, en aras del inter\u00e9s general, cumpla con edificar un proyecto educativo para la sociedad. Est\u00e1 claro que los intereses privados no pueden cumplir con dicha misi\u00f3n.<\/p>\n<p>&nbsp;<\/p>\n<p>Si es tan f\u00e1cil, \u00bfpor qu\u00e9 en Colombia no se aplican estos mismos criterios? La respuesta es indignante. Aqu\u00ed desde hace mucho tiempo los que han malgobernado al pa\u00eds decidieron imponer una educaci\u00f3n pobre para pobres.<\/p>\n<p>&nbsp;<\/p>\n<p>Es el momento de emprender una cruzada para defender como derecho la educaci\u00f3n universal, p\u00fablica, gratuita y de calidad, que rescate la dignidad de la profesi\u00f3n docente y que restablezca la verdadera autonom\u00eda escolar, para que los docentes y las instituciones sean los que determinen qu\u00e9 se ense\u00f1a y c\u00f3mo se ense\u00f1a, qu\u00e9 se eval\u00faa y c\u00f3mo se eval\u00faa y sean los criterios de la calidad y de servicio a los intereses nacionales los que se impongan y no los de la \u201cracionalizaci\u00f3n econ\u00f3mica\u201d y \u201csostenibilidad fiscal\u201d impuestas por el modelo neoliberal.<\/p>\n","protected":false},"excerpt":{"rendered":"<p>Mar\u00eda Antonieta Cano, miembro Junta Directiva ADE, Bogot\u00e1, agosto 8 de 2017 \u00bfQu\u00e9 tiene Finlandia que no tenemos nosotros? \u00bfPor qu\u00e9 ellos ostentan el mejor sistema educativo del mundo y nosotros, uno de los peores? Las respuestas a estas preguntas son m\u00e1s sencillas de lo que se prev\u00e9. En Finlandia la educaci\u00f3n es universal, p\u00fablica, [&hellip;]<\/p>\n","protected":false},"author":1,"featured_media":13060,"comment_status":"open","ping_status":"open","sticky":false,"template":"","format":"standard","meta":{"advanced_seo_description":"","jetpack_seo_html_title":"","jetpack_seo_noindex":false,"_jetpack_memberships_contains_paid_content":false,"footnotes":""},"categories":[102,103,97,98,11],"tags":[],"class_list":["post-13056","post","type-post","status-publish","format-standard","has-post-thumbnail","hentry","category-economia","category-educacion","category-imperialismo-y-neoliberalismo","category-politica","category-tribuna-magisterial"],"jetpack_featured_media_url":"https:\/\/i0.wp.com\/moir.com.co\/web\/wp-content\/uploads\/2017\/08\/maestro5.jpg?fit=244%2C207&ssl=1","jetpack-related-posts":[{"id":15765,"url":"https:\/\/moir.com.co\/web\/a-anos-luz-de-la-educacion\/","url_meta":{"origin":13056,"position":0},"title":"A a\u00f1os luz de la educaci\u00f3n","author":"admin","date":"agosto 28, 2018","format":false,"excerpt":"Mario Alejandro Valencia, Bogot\u00e1, agosto 27 de 2018 El afamado escritor Yuval Noah Harari escribi\u00f3, con relaci\u00f3n al c\u00edrculo m\u00e1gico de la econom\u00eda moderna, que el progreso est\u00e1 \u00edntimamente ligado con la financiaci\u00f3n de \u201cun buen sistema educativo\u201d, \u201cpromover una floreciente industria de alta tecnolog\u00eda\u201d e invertir recursos en la\u2026","rel":"","context":"En \u00abCiencia\u00bb","block_context":{"text":"Ciencia","link":"https:\/\/moir.com.co\/web\/category\/temas\/ciencia\/"},"img":{"alt_text":"","src":"https:\/\/i0.wp.com\/moir.com.co\/web\/wp-content\/uploads\/2018\/08\/educacionfundamentaldesarrollo.jpeg?fit=236%2C213&ssl=1&resize=350%2C200","width":350,"height":200},"classes":[]},{"id":12720,"url":"https:\/\/moir.com.co\/web\/por-que-respaldar-al-magisterio\/","url_meta":{"origin":13056,"position":1},"title":"POR QU\u00c9 RESPALDAR AL MAGISTERIO","author":"admin","date":"junio 16, 2017","format":false,"excerpt":"Jorge Enrique Robledo, Bogot\u00e1, junio 16 de 2017 Finlandia es un pa\u00eds de econom\u00eda de mercado que posee la merecida fama de tener la mejor educaci\u00f3n del mundo. Entre las razones de su \u00e9xito est\u00e1n un profesorado bien pago, que le permite a cada maestro llevar una vida digna dedicada\u2026","rel":"","context":"En \u00abEconom\u00eda\u00bb","block_context":{"text":"Econom\u00eda","link":"https:\/\/moir.com.co\/web\/category\/temas\/economia\/"},"img":{"alt_text":"","src":"https:\/\/i0.wp.com\/moir.com.co\/web\/wp-content\/uploads\/2017\/06\/robledoton%CC%83aparomaestros.jpg?fit=1200%2C674&ssl=1&resize=350%2C200","width":350,"height":200,"srcset":"https:\/\/i0.wp.com\/moir.com.co\/web\/wp-content\/uploads\/2017\/06\/robledoton%CC%83aparomaestros.jpg?fit=1200%2C674&ssl=1&resize=350%2C200 1x, https:\/\/i0.wp.com\/moir.com.co\/web\/wp-content\/uploads\/2017\/06\/robledoton%CC%83aparomaestros.jpg?fit=1200%2C674&ssl=1&resize=525%2C300 1.5x, https:\/\/i0.wp.com\/moir.com.co\/web\/wp-content\/uploads\/2017\/06\/robledoton%CC%83aparomaestros.jpg?fit=1200%2C674&ssl=1&resize=700%2C400 2x, https:\/\/i0.wp.com\/moir.com.co\/web\/wp-content\/uploads\/2017\/06\/robledoton%CC%83aparomaestros.jpg?fit=1200%2C674&ssl=1&resize=1050%2C600 3x"},"classes":[]},{"id":9362,"url":"https:\/\/moir.com.co\/web\/en-colombia-la-mala-educacion-es-politica-de-estado\/","url_meta":{"origin":13056,"position":2},"title":"En Colombia la mala educaci\u00f3n es pol\u00edtica de Estado","author":"admin","date":"mayo 7, 2015","format":false,"excerpt":"Pura demagogia la tal revoluci\u00f3n educativa del presidente Santos. Hay consenso sobre el mal funcionamiento del sistema educativo. La educaci\u00f3n p\u00fablica, gratuita, universal y de buena calidad, la mayor revoluci\u00f3n en la historia de la humanidad. El eje del debate: \u00bfest\u00e1 el gobierno de Colombia persiguiendo hacer realidad este paradigma\u2026","rel":"","context":"En \u00abJorge Enrique Robledo\u00bb","block_context":{"text":"Jorge Enrique Robledo","link":"https:\/\/moir.com.co\/web\/category\/jorge-enrique-robledo\/"},"img":{"alt_text":"","src":"","width":0,"height":0},"classes":[]},{"id":9293,"url":"https:\/\/moir.com.co\/web\/programa-radial-de-tribuna-magisterial-abril-12-de-2015\/","url_meta":{"origin":13056,"position":3},"title":"Programa Radial de Tribuna Magisterial, abril 12 de 2015","author":"admin","date":"abril 13, 2015","format":false,"excerpt":"En la emisi\u00f3n del 12 de Abril de 2015 de Tribuna Magisterial, la Directora del programa y directiva de Asociaci\u00f3n Distrital de Educadores Mar\u00eda Antonieta Cano, inicia con la entrevista a Francisco Torres del comit\u00e9 ejecutivo de FECODE, quien informa la decisi\u00f3n de la federaci\u00f3n de declarar como hora cero\u2026","rel":"","context":"En \u00abTribuna Magisterial\u00bb","block_context":{"text":"Tribuna Magisterial","link":"https:\/\/moir.com.co\/web\/category\/tribuna-magisterial\/"},"img":{"alt_text":"","src":"","width":0,"height":0},"classes":[]},{"id":6473,"url":"https:\/\/moir.com.co\/web\/presidente-santos-que-pasa-con-el-aumento-salarial-de-los-maestros\/","url_meta":{"origin":13056,"position":4},"title":"Presidente Santos, \u00bfqu\u00e9 pasa con el aumento salarial de los maestros?","author":"admin","date":"abril 22, 2012","format":false,"excerpt":"En Colombia todo sube, todo, menos el salario de los profesores. Ya se acaba abril, cuarto mes del a\u00f1o, y es la hora en la que a\u00fan no se conoce ni siquiera la tabla salarial que regir\u00e1 a los docentes para el a\u00f1o 2012. Este incumplimiento con el gremio no\u2026","rel":"","context":"En \u00abTribuna Magisterial\u00bb","block_context":{"text":"Tribuna Magisterial","link":"https:\/\/moir.com.co\/web\/category\/tribuna-magisterial\/"},"img":{"alt_text":"","src":"","width":0,"height":0},"classes":[]},{"id":5446,"url":"https:\/\/moir.com.co\/web\/la-educacion-como-lucro-individual\/","url_meta":{"origin":13056,"position":5},"title":"La educaci\u00f3n como lucro individual","author":"admin","date":"marzo 25, 2011","format":false,"excerpt":"La nueva reforma educativa contempla la inversi\u00f3n con \u00e1nimo de lucro en las instituciones de educaci\u00f3n superior. La norma est\u00e1 orientada a propiciar la entrada de capital privado y de los inversionistas para ampliar la oferta del servicio y reducir la necesidad de los aportes presupuestales para las universidades p\u00fablicas.\u2026","rel":"","context":"En \u00abRevista de Prensa\u00bb","block_context":{"text":"Revista de Prensa","link":"https:\/\/moir.com.co\/web\/category\/prensa\/revista-de-prensa\/"},"img":{"alt_text":"","src":"","width":0,"height":0},"classes":[]}],"jetpack_sharing_enabled":true,"_links":{"self":[{"href":"https:\/\/moir.com.co\/web\/wp-json\/wp\/v2\/posts\/13056","targetHints":{"allow":["GET"]}}],"collection":[{"href":"https:\/\/moir.com.co\/web\/wp-json\/wp\/v2\/posts"}],"about":[{"href":"https:\/\/moir.com.co\/web\/wp-json\/wp\/v2\/types\/post"}],"author":[{"embeddable":true,"href":"https:\/\/moir.com.co\/web\/wp-json\/wp\/v2\/users\/1"}],"replies":[{"embeddable":true,"href":"https:\/\/moir.com.co\/web\/wp-json\/wp\/v2\/comments?post=13056"}],"version-history":[{"count":0,"href":"https:\/\/moir.com.co\/web\/wp-json\/wp\/v2\/posts\/13056\/revisions"}],"wp:featuredmedia":[{"embeddable":true,"href":"https:\/\/moir.com.co\/web\/wp-json\/wp\/v2\/media\/13060"}],"wp:attachment":[{"href":"https:\/\/moir.com.co\/web\/wp-json\/wp\/v2\/media?parent=13056"}],"wp:term":[{"taxonomy":"category","embeddable":true,"href":"https:\/\/moir.com.co\/web\/wp-json\/wp\/v2\/categories?post=13056"},{"taxonomy":"post_tag","embeddable":true,"href":"https:\/\/moir.com.co\/web\/wp-json\/wp\/v2\/tags?post=13056"}],"curies":[{"name":"wp","href":"https:\/\/api.w.org\/{rel}","templated":true}]}}