{"id":13054,"date":"2017-08-08T17:27:50","date_gmt":"2017-08-08T17:27:50","guid":{"rendered":"https:\/\/moir.org.co\/web\/?p=13054"},"modified":"2017-08-08T17:27:50","modified_gmt":"2017-08-08T17:27:50","slug":"construir-riqueza-para-vivir-bien","status":"publish","type":"post","link":"https:\/\/moir.com.co\/web\/construir-riqueza-para-vivir-bien\/","title":{"rendered":"Construir riqueza para vivir bien"},"content":{"rendered":"<p><strong>Libardo G\u00f3mez S\u00e1nchez, Neiva, agosto 8 de 2017<\/strong><\/p>\n<p>Si se realiza el ejercicio a trav\u00e9s de la red, de preguntar c\u00f3mo construir riqueza, las b\u00fasquedas se refieren al uso met\u00f3dico del dinero y al h\u00e1bito del ahorro, muestra una tendencia a asociar la fortuna a la habilidad de especular con el circulante, \u00a0resulta ser una deformaci\u00f3n del concepto de aportar o agregar valor, porque lo \u00fanico que en verdad crea valor es el trabajo que transforma la naturaleza, este\u00a0 valor a su vez es cuantificable y depende de la cantidad de trabajo que socialmente sea necesario para la producci\u00f3n; a medida que avanza la tecnolog\u00eda y el conocimiento de la humanidad sobre las leyes y caracter\u00edsticas de la materia, se elaboran instrumentos que facilitan su\u00a0 modificaci\u00f3n y reducen el tiempo requerido para convertirla en bienes de uso y merman la participaci\u00f3n del trabajo f\u00edsico en dicho proceso, as\u00ed a la larga la humanidad podr\u00e1 dedicar mayor tiempo al esparcimiento y menos al trabajo.<\/p>\n<p>Una sociedad que pretenda ofrecer bienestar a sus habitantes requiere producir riqueza, la abundancia es la \u00fanica que posibilita satisfacer las necesidades de cualquier sociedad, la escasez golpea a sus miembros y con especial rigor a los m\u00e1s d\u00e9biles; por esto son indispensables las empresas y los negocios en el fortalecimiento de una comunidad, son ellas las que proveen empleo y los ingresos que los individuos utilizan para atender las obligaciones de alimento, vestido, salud, educaci\u00f3n, vivienda y recreaci\u00f3n del n\u00facleo familiar, el Estado no reemplaza a los jefes del hogar, solo provee un entorno que le facilite las cosas. \u00a0Una Naci\u00f3n puede disponer de enormes bienes naturales con valor de uso, pero si estos permanecen intactos o por el contrario se entregan en beneficio de extranjeros como ocurre en nuestro pa\u00eds la suerte de sus habitantes ser\u00e1 catastr\u00f3fica.<\/p>\n<p>La propuesta del Senador Robledo de crear el Ministerio\u00a0 de la Peque\u00f1a y Mediana Empresa apunta a resolver una problem\u00e1tica que amenaza la viabilidad del pa\u00eds, la destrucci\u00f3n del aparato productivo en el agro y la ciudad como consecuencia de las pol\u00edticas Neoliberales aplicadas por todos los gobiernos desde Cesar Gaviria en adelante; en lugar de entregar nuestro mercado y feriar los bienes p\u00fablicos al capital extranjero, se propone fortalecer al empresariado nacional, modernizarlo y derribar las barreras que impiden su crecimiento con el apoyo decidido del gobierno, es la \u00fanica forma de producir los capitales que requerimos para avanzar por el camino del progreso.<\/p>\n","protected":false},"excerpt":{"rendered":"<p>Libardo G\u00f3mez S\u00e1nchez, Neiva, agosto 8 de 2017 Si se realiza el ejercicio a trav\u00e9s de la red, de preguntar c\u00f3mo construir riqueza, las b\u00fasquedas se refieren al uso met\u00f3dico del dinero y al h\u00e1bito del ahorro, muestra una tendencia a asociar la fortuna a la habilidad de especular con el circulante, \u00a0resulta ser una [&hellip;]<\/p>\n","protected":false},"author":1,"featured_media":12881,"comment_status":"open","ping_status":"open","sticky":false,"template":"","format":"standard","meta":{"advanced_seo_description":"","jetpack_seo_html_title":"","jetpack_seo_noindex":false,"_jetpack_memberships_contains_paid_content":false,"footnotes":""},"categories":[114,102,97,98,6],"tags":[],"class_list":["post-13054","post","type-post","status-publish","format-standard","has-post-thumbnail","hentry","category-agro","category-economia","category-imperialismo-y-neoliberalismo","category-politica","category-no-a-los-tlc-y-al-alca"],"jetpack_featured_media_url":"https:\/\/i0.wp.com\/moir.com.co\/web\/wp-content\/uploads\/2017\/07\/robledoplenaria.jpg?fit=600%2C366&ssl=1","jetpack-related-posts":[{"id":3092,"url":"https:\/\/moir.com.co\/web\/creadores-de-riqueza\/","url_meta":{"origin":13054,"position":0},"title":"Creadores de riqueza","author":"admin","date":"mayo 17, 2009","format":false,"excerpt":"\u00bfC\u00f3mo se crea riqueza? \u00bfCu\u00e1les son los factores que producen un aumento de la riqueza de una sociedad? Estas son las preguntas b\u00e1sicas que desde sus or\u00edgenes ha tratado de responder la teor\u00eda econ\u00f3mica, dando numerosas y variadas respuestas, desde la m\u00e1s elemental que explicaba la riqueza por la acumulaci\u00f3n\u2026","rel":"","context":"En \u00abRevista de Prensa\u00bb","block_context":{"text":"Revista de Prensa","link":"https:\/\/moir.com.co\/web\/category\/prensa\/revista-de-prensa\/"},"img":{"alt_text":"","src":"","width":0,"height":0},"classes":[]},{"id":6720,"url":"https:\/\/moir.com.co\/web\/mas-represas-en-el-huila\/","url_meta":{"origin":13054,"position":1},"title":"\u00bfM\u00e1s represas en el Huila?","author":"admin","date":"julio 31, 2012","format":false,"excerpt":"Una noticia de la semana pasada, conocida porque la diputada Sandra Hern\u00e1ndez elev\u00f3 su valerosa voz de protesta, daba cuenta de que una comisi\u00f3n de la compa\u00f1\u00eda Hydrochina, contratada o con el aval de Cormagdalena, est\u00e1 realizando estudios en la cuenca alta del r\u00edo Magdalena, probablemente para contemplar la posibilidad\u2026","rel":"","context":"En \u00abTemas\u00bb","block_context":{"text":"Temas","link":"https:\/\/moir.com.co\/web\/category\/temas\/"},"img":{"alt_text":"","src":"","width":0,"height":0},"classes":[]},{"id":10252,"url":"https:\/\/moir.com.co\/web\/la-quimera-del-91\/","url_meta":{"origin":13054,"position":2},"title":"La Quimera del 91","author":"admin","date":"julio 11, 2016","format":false,"excerpt":"Cumplidos veinticinco a\u00f1os de la aprobaci\u00f3n de la Constituci\u00f3n del noventa y uno, el balance no puede ser m\u00e1s desalentador, la sensaci\u00f3n de quienes hemos vivido todo este per\u00edodo, es que los argumentos con que se nos vendi\u00f3 resultaron ser solo falacias y en su lugar se instaur\u00f3 un conjunto\u2026","rel":"","context":"En \u00abTemas\u00bb","block_context":{"text":"Temas","link":"https:\/\/moir.com.co\/web\/category\/temas\/"},"img":{"alt_text":"","src":"","width":0,"height":0},"classes":[]},{"id":10237,"url":"https:\/\/moir.com.co\/web\/la-naturaleza-es-sabia\/","url_meta":{"origin":13054,"position":3},"title":"La naturaleza es sabia","author":"admin","date":"junio 27, 2016","format":false,"excerpt":"El titulo recoge uno de esos aforismos que suelen emplearse para construir frases que parecen profundas a pesar de que no explican suficientemente su significado, de tal forma que sea inteligible para cualquier mortal; el inquieto se pregunta en que radica su sabidur\u00eda, si aparentemente ella no tiene conciencia, carece\u2026","rel":"","context":"En \u00abTemas\u00bb","block_context":{"text":"Temas","link":"https:\/\/moir.com.co\/web\/category\/temas\/"},"img":{"alt_text":"","src":"","width":0,"height":0},"classes":[]},{"id":9960,"url":"https:\/\/moir.com.co\/web\/el-drama-sirio\/","url_meta":{"origin":13054,"position":4},"title":"El drama Sirio","author":"admin","date":"febrero 22, 2016","format":false,"excerpt":"Una enorme franja de agua salada es parte de la frontera que separa a los afligidos beduinos hostigados por las bombas que a diario arrojan los aviones de quienes los han colonizado o de quienes pretenden continuar interfiriendo en las decisiones de su futuro, huyen desesperados acosados tambi\u00e9n por la\u2026","rel":"","context":"En \u00abTemas\u00bb","block_context":{"text":"Temas","link":"https:\/\/moir.com.co\/web\/category\/temas\/"},"img":{"alt_text":"","src":"","width":0,"height":0},"classes":[]},{"id":20708,"url":"https:\/\/moir.com.co\/web\/sobre-el-capitalismo\/","url_meta":{"origin":13054,"position":5},"title":"SOBRE EL CAPITALISMO","author":"admin","date":"febrero 3, 2005","format":false,"excerpt":"\u201cDespu\u00e9s de haber comprendido que el r\u00e9gimen econ\u00f3mico es la base sobre la cual se erige la superestructura pol\u00edtica, Marx se entreg\u00f3 sobre todo al estudio atento de ese sistema economito. La obra principal de Marx. El Capital, est\u00e1 consagrada al estudio del r\u00e9gimen econ\u00f3mico de la sociedad moderna, es\u2026","rel":"","context":"En \u00abTribuna Roja N\u00ba 45, Bogot\u00e1, marzo de 1983\u00bb","block_context":{"text":"Tribuna Roja N\u00ba 45, Bogot\u00e1, marzo de 1983","link":"https:\/\/moir.com.co\/web\/category\/tribuna-roja\/ediciones-1980-1984\/tribuna-roja-no-45-bogota-marzo-de-1983\/"},"img":{"alt_text":"","src":"","width":0,"height":0},"classes":[]}],"jetpack_sharing_enabled":true,"_links":{"self":[{"href":"https:\/\/moir.com.co\/web\/wp-json\/wp\/v2\/posts\/13054","targetHints":{"allow":["GET"]}}],"collection":[{"href":"https:\/\/moir.com.co\/web\/wp-json\/wp\/v2\/posts"}],"about":[{"href":"https:\/\/moir.com.co\/web\/wp-json\/wp\/v2\/types\/post"}],"author":[{"embeddable":true,"href":"https:\/\/moir.com.co\/web\/wp-json\/wp\/v2\/users\/1"}],"replies":[{"embeddable":true,"href":"https:\/\/moir.com.co\/web\/wp-json\/wp\/v2\/comments?post=13054"}],"version-history":[{"count":0,"href":"https:\/\/moir.com.co\/web\/wp-json\/wp\/v2\/posts\/13054\/revisions"}],"wp:featuredmedia":[{"embeddable":true,"href":"https:\/\/moir.com.co\/web\/wp-json\/wp\/v2\/media\/12881"}],"wp:attachment":[{"href":"https:\/\/moir.com.co\/web\/wp-json\/wp\/v2\/media?parent=13054"}],"wp:term":[{"taxonomy":"category","embeddable":true,"href":"https:\/\/moir.com.co\/web\/wp-json\/wp\/v2\/categories?post=13054"},{"taxonomy":"post_tag","embeddable":true,"href":"https:\/\/moir.com.co\/web\/wp-json\/wp\/v2\/tags?post=13054"}],"curies":[{"name":"wp","href":"https:\/\/api.w.org\/{rel}","templated":true}]}}