{"id":13049,"date":"2017-08-04T17:38:11","date_gmt":"2017-08-04T17:38:11","guid":{"rendered":"https:\/\/moir.org.co\/web\/?p=13049"},"modified":"2017-08-04T17:38:11","modified_gmt":"2017-08-04T17:38:11","slug":"eso-de-que-se-llevaron-la-mitad-del-polo-es-un-cuento-santista-robledo","status":"publish","type":"post","link":"https:\/\/moir.com.co\/web\/eso-de-que-se-llevaron-la-mitad-del-polo-es-un-cuento-santista-robledo\/","title":{"rendered":"\u201cEso de que se llevaron la mitad del Polo es un cuento santista\u201d: Robledo"},"content":{"rendered":"<p><strong>Entrevista de\u00a0\u00d3scar Andr\u00e9s S\u00e1nchez \u00c1., El Colombiano, Medell\u00edn, agosto 4 de 2017<\/strong><\/p>\n<div class=\"teads-inread\">Antes del 2002, cuando lleg\u00f3 por primera vez al Senado,\u00a0<i>Jorge Robledo\u00a0<\/i>era solo un reconocido profesor de arquitectura de la U. Nacional, sede Manizales, que adem\u00e1s era l\u00edder c\u00edvico de izquierda en la regi\u00f3n.<\/div>\n<div><\/div>\n<div class=\"teads-inread\">\n<p>Hoy es el \u00fanico candidato oficial a la Presidencia, pues nadie m\u00e1s se ha inscrito en otros partidos. No obstante, se siente animado con las conversaciones que adelanta con la Alianza Verde y Compromiso Ciudadano. \u201cEso ha ca\u00eddo muy bien en la opini\u00f3n p\u00fablica, vamos a tener un solo candidato\u201d, afirm\u00f3.<\/p>\n<p>En entrevista con EL COLOMBIANO manifest\u00f3 que las encuestas se est\u00e1n usando de manera irresponsable y que\u00a0<i>Germ\u00e1n Vargas Lleras\u00a0<\/i>no ganar\u00e1 la Presidencia. Agreg\u00f3 que es partidario de que llegue a buen t\u00e9rmino el proceso de paz con el Eln, y que, ojal\u00e1, haya pronto un cese el fuego.<\/p>\n<p>El CNE abri\u00f3 investigaci\u00f3n a la campa\u00f1a de Zuluaga y lo mismo har\u00e1 con la de Santos, \u00bfes un buen avance?<\/p>\n<p>\u201cLa cosas se mueven con mucha lentitud. No me hago ilusiones porque el CNE no brinda garant\u00eda por su composici\u00f3n, y los asuntos relacionados con Odebrecht no se desarrollar\u00e1n como deber\u00eda\u201d.<\/p>\n<p><b>\u00bfLe gan\u00f3 usted el pulso al fiscal general de la Naci\u00f3n?<\/b><\/p>\n<p>\u201cLa conciliaci\u00f3n consisti\u00f3 en que \u00e9l retir\u00f3 la demanda por injuria y calumnia, y yo me ratifiqu\u00e9 en mi puntos de vista. Los desacuerdos contin\u00faan\u201d.<\/p>\n<p><b>\u00bfTiene esperanzas de que se desenrede el entramado de la v\u00eda Oca\u00f1a &#8211; Gamarra?<\/b><\/p>\n<p>\u201cLlama la atenci\u00f3n como est\u00e1 desapareciendo el delito de cohecho en ese caso. Se est\u00e1 hablando de grades sumas, pero no aparece la acusaci\u00f3n de cohecho contra nadie. Tampoco se habla de quien pag\u00f3 sobornos, que se suponen son por 28 millones de d\u00f3lares\u201d.<\/p>\n<div class=\"text\"><strong>\u00bfClara L\u00f3pez se le llev\u00f3 medio Polo Democr\u00e1tico?<\/strong>\u201cEso es un cuento santista. El 99 % de Polo se qued\u00f3 aqu\u00ed, decidi\u00f3 no irse a respaldar el gobierno de\u00a0<i>Juan Manuel Santos<\/i>. La bancada de congresistas y los dirigentes est\u00e1n aqu\u00ed. Hay mucho entusiasmo en el partido por la campa\u00f1a\u201d.<\/p>\n<p><b>\u00bfQuiere decir eso que ya no reconoce a la exministra como l\u00edder de izquierda?<\/b><\/p>\n<p>\u201cSus coincidencias pol\u00edticas fundamentales son con Santos y el santismo. Eso es una cosa que est\u00e1 demostrada hasta la saciedad y eso fue lo que la llev\u00f3 a abandonar el barco\u201d.<b><\/b><\/p>\n<p><b>\u00bfEs cierto que usted ya decidi\u00f3 apoyar a Fajardo?<\/b><\/p>\n<p>\u201cEso no tiene ning\u00fan grado de veracidad. Soy el candidato del Polo, y si esa candidatura no se mantiene es porque encontramos alg\u00fan tipo de acuerdo con Compromiso y la Alianza Verde. La idea es encontrar un mecanismo que permita escoger un solo candidato\u201d.<\/p>\n<p><b>\u00bfNo es incoherente que usted busque una alianza con Fajardo, cuando el Polo le hizo oposici\u00f3n como alcalde y gobernador?<\/b><\/p>\n<p>\u201cEl acuerdo que se haga va a depender de que haya un programa que permita unificarnos. Si ese programa puede construirse, no habr\u00e1 ninguna incoherencia\u201d.<b><\/b><\/p>\n<p><b>\u00bfQu\u00e9 mecanismo propondr\u00e1 para escoger el candidato?<\/b><\/p>\n<p>\u201cSobre eso no se ha hablado nada. Todas las posibilidades est\u00e1n abiertas, pero s\u00ed est\u00e1 la a idea de una consulta. Hay que esperar que las conversaciones avancen\u201d.<\/p>\n<p><b>Si Germ\u00e1n Vargas Lleras se dispara en las encuestas, \u00bfse aliar\u00eda con Petro para primera vuelta?<\/b><\/p>\n<p>\u201cLo que hemos conversado con los verdes y con Compromiso es que vamos a promover este acuerdo que estamos impulsando y luego veremos qu\u00e9 decisiones tomamos. Pero no est\u00e1 en mis cuentas que Vargas gane la Presidencia\u201d.<\/p>\n<p><b>Pero las encuestas lo est\u00e1n dando como ganador&#8230;<\/b><\/p>\n<p>\u201cEs lamentable y una irresponsabilidad que est\u00e9n haciendo encuestas con 20 precandidatos y con m\u00e1rgenes de error altos. No hay un rigor t\u00e9cnico. La forma como la est\u00e1n presentando en algunos medios de comunicaci\u00f3n contiene sesgo, por determinados intereses. Esperemos que pasen algunos d\u00edas\u201d.<\/p>\n<p><b>\u00bfCu\u00e1l ser\u00e1 su pol\u00edtica fiscal para reactivar la econom\u00eda?<\/b><\/p>\n<p>\u201cColombia necesita un cambio en el modelo econ\u00f3mico neoliberal que se est\u00e1 promoviendo hace 25 a\u00f1os. As\u00ed no hay posibilidad de sacar al pa\u00eds de la grave crisis. Han fracasado todas las orientaciones econ\u00f3micas. Hay que hacer modificaciones a la econom\u00eda de mercado\u201d.<\/p>\n<p><b>\u00bfY cu\u00e1les ser\u00edan esas modificaciones a la econom\u00eda?<\/b><\/p>\n<p>\u201cUna defensa muy clara de la producci\u00f3n nacional industrial y agropecuaria. Quiero que haya un ministerio de la peque\u00f1a y mediana econom\u00eda urbana y rural\u201d.<\/p>\n<p><b>\u00bfEn qu\u00e9 se diferencia su propuesta econ\u00f3mica del socialismo del siglo XXI?<\/b><\/p>\n<p>\u201cEn mi gobierno no habr\u00eda ninguna propuesta para estatizar (que el Estado la maneje) la econom\u00eda o para atacar la propiedad privada\u201d.<\/p>\n<p><b>\u00bfQu\u00e9 opina de la actual situaci\u00f3n de Venezuela?<\/b><\/p>\n<p>\u201cEl Polo no tiene ning\u00fan grado de dependencia o sujeci\u00f3n a un gobierno extranjero. Son lamentables las confrontaciones que se est\u00e1n viviendo en Venezuela y el rompimiento del orden constitucional. Lo que ocurre all\u00e1 debe ser resuelto mediante el di\u00e1logo, con concesiones democr\u00e1ticas y por parte de los venezolanos, sin injerencia extranjera\u201d.<\/p>\n<\/div>\n<h5 class=\"entretitulo\">\u00bfPero esa v\u00eda del di\u00e1logo no se agot\u00f3, no debe el r\u00e9gimen permitir elecciones transparentes?<\/h5>\n<div class=\"text\">\n<p>\u201cTodo se debe arreglar mediante el di\u00e1logo. Terrible ser\u00eda que, por cualquier raz\u00f3n, la violencia que est\u00e1 padeciendo Venezuela creciera. Colombia tiene que hacer votos para que los problemas all\u00e1 no se compliquen, porque eso nos generar\u00eda problemas\u201d.<\/p>\n<p><b>\u00bfExageran los sectores que califican ese gobierno como una dictadura?<\/b><\/p>\n<p>\u201cEl gobierno ha tomado decisiones que rompen el orden constitucional y golpean garant\u00edas ciudadanas, que pueden llevar a ese calificativo. Es verdad que la oposici\u00f3n se expresa de muchas maneras y realiza actos vigorosos como el plebiscito contra Maduro. Esto permite buscarle soluci\u00f3n dialogada y democr\u00e1tica a un conflicto como el que se vive\u201d.<\/p>\n<p><b>En Cambio Radical calificaron de populista el referendo anticorrupci\u00f3n, por considerar que muchas de esas propuestas ya est\u00e1n en leyes. \u00bfQu\u00e9 opina?<\/b><\/p>\n<p>\u201cNo comparto esa apreciaci\u00f3n. Conocidas las caracter\u00edsticas de Cambio Radical no me sorprende que se opongan a cualquier proyecto que intente resolver ese problema\u201d.<\/p>\n<p><b>\u00bfC\u00f3mo va enfrentar la crisis del sector salud?<\/b><\/p>\n<p>\u201cSe requiere un cambio profundo, una operaci\u00f3n de alta cirug\u00eda. Mientras se mantengan los criterios de la Ley 100 y el sistema de salud est\u00e9 en beneficio de las EPS y no de la salud de los colombianos, de las IPS y de los propios trabajadores del sector, no habr\u00e1 remedio a los problemas\u201d.<\/p>\n<p><b>\u00bfC\u00f3mo ve el nuevo proyecto de presupuesto general para 2018? En todos los sectores hubo disminuci\u00f3n, excepto en Defensa.<\/b><\/p>\n<p>\u201cEs un proyecto indeseable. Sigue contrayendo el gasto, cuando se requiere el respaldo del Estado. Es reflejo de la crisis del modelo econ\u00f3mico\u201d.<\/p>\n<\/div>\n<div class=\"conclusion\"><em>El senador Jorge Robledo es el candidato presidencial del Polo Democr\u00e1tico, pero espera ser parte de una coalici\u00f3n con la Alianza Verde y con Compromiso Ciudadano.<\/em><\/div>\n<\/div>\n","protected":false},"excerpt":{"rendered":"<p>Entrevista de\u00a0\u00d3scar Andr\u00e9s S\u00e1nchez \u00c1., El Colombiano, Medell\u00edn, agosto 4 de 2017 Antes del 2002, cuando lleg\u00f3 por primera vez al Senado,\u00a0Jorge Robledo\u00a0era solo un reconocido profesor de arquitectura de la U. Nacional, sede Manizales, que adem\u00e1s era l\u00edder c\u00edvico de izquierda en la regi\u00f3n. Hoy es el \u00fanico candidato oficial a la Presidencia, pues [&hellip;]<\/p>\n","protected":false},"author":1,"featured_media":12931,"comment_status":"open","ping_status":"open","sticky":false,"template":"","format":"standard","meta":{"advanced_seo_description":"","jetpack_seo_html_title":"","jetpack_seo_noindex":false,"_jetpack_memberships_contains_paid_content":false,"footnotes":""},"categories":[114,80,102,97,105,4,98,96],"tags":[],"class_list":["post-13049","post","type-post","status-publish","format-standard","has-post-thumbnail","hentry","category-agro","category-debate-salud","category-economia","category-imperialismo-y-neoliberalismo","category-internacional-articulos-de-actualidad","category-jorge-enrique-robledo","category-politica","category-salud-y-pensiones"],"jetpack_featured_media_url":"https:\/\/i0.wp.com\/moir.com.co\/web\/wp-content\/uploads\/2017\/07\/robledofiscalrecula.jpg?fit=1200%2C1200&ssl=1","jetpack-related-posts":[{"id":14051,"url":"https:\/\/moir.com.co\/web\/las-propuestas-de-robledo-el-candidato-presidencial-del-polo-para-todos-los-colombianos\/","url_meta":{"origin":13049,"position":0},"title":"Video entrevista en Canal Capital: Las propuestas de Robledo, el Candidato Presidencial del Polo para todos los colombianos","author":"admin","date":"diciembre 8, 2017","format":"video","excerpt":"En entrevista con Yesid Lancheros y Erika Fontalvo en el programa #OpinaBogot\u00e1 de Canal Capital, el Candidato Presidencial del Polo Democr\u00e1tico explica su visi\u00f3n del pa\u00eds y se\u00f1ala los pilares de sus propuestas y de como ser\u00eda su gobierno.\u00a0Publicado el 7 de diciembre de 2017","rel":"","context":"En \u00abCiencia\u00bb","block_context":{"text":"Ciencia","link":"https:\/\/moir.com.co\/web\/category\/temas\/ciencia\/"},"img":{"alt_text":"","src":"","width":0,"height":0},"classes":[]},{"id":13313,"url":"https:\/\/moir.com.co\/web\/video-entrevista-con-jorge-robledo-candidato-presidencial-del-polo-en-opinion-caribe\/","url_meta":{"origin":13049,"position":1},"title":"Video: Entrevista con Jorge Robledo candidato presidencial del Polo en Opini\u00f3n Caribe","author":"admin","date":"septiembre 15, 2017","format":"video","excerpt":"Santa Marta, septiembre 15 de 2017","rel":"","context":"En \u00abAgro\u00bb","block_context":{"text":"Agro","link":"https:\/\/moir.com.co\/web\/category\/temas\/agro\/"},"img":{"alt_text":"","src":"","width":0,"height":0},"classes":[]},{"id":13729,"url":"https:\/\/moir.com.co\/web\/las-propuestas-de-robledo-la-otra-cara-de-la-moneda-con-laura-puente-de-cablenoticias\/","url_meta":{"origin":13049,"position":2},"title":"Las propuestas de Robledo: &#8220;La otra Cara de la Moneda&#8221; con Laura Puente de Cablenoticias","author":"admin","date":"noviembre 4, 2017","format":"video","excerpt":"Programa \"La Otra Cara de la Moneda\" de Cablenoticias en el que Laura Puente entrevista al candidato presidencial Jorge Enrique Robledo, 2 de noviembre de 2017","rel":"","context":"En \u00abAgro\u00bb","block_context":{"text":"Agro","link":"https:\/\/moir.com.co\/web\/category\/temas\/agro\/"},"img":{"alt_text":"","src":"","width":0,"height":0},"classes":[]},{"id":12587,"url":"https:\/\/moir.com.co\/web\/en-2018-se-enfrentaran-los-candidatos-del-continuismo-y-una-opcion-distinta-los-ni-ni-robledo\/","url_meta":{"origin":13049,"position":3},"title":"&#8220;En 2018 se enfrentaran los candidatos del continuismo y una opci\u00f3n distinta, los ni-ni&#8221; Robledo","author":"admin","date":"junio 1, 2017","format":"video","excerpt":"Bogot\u00e1, Entrevista al senador y candidato presidencial por el Polo Democr\u00e1tico Alternativo Jorge Enrique Robledo con Yolanda Ruiz y su equipo de trabajo en RCN Radio. Junio 1 de 2017.","rel":"","context":"En \u00abEconom\u00eda\u00bb","block_context":{"text":"Econom\u00eda","link":"https:\/\/moir.com.co\/web\/category\/temas\/economia\/"},"img":{"alt_text":"","src":"","width":0,"height":0},"classes":[]},{"id":4448,"url":"https:\/\/moir.com.co\/web\/entrevista-del-programa-radial-tribuna-magisterial-al-senador-jorge-enrique-robledo\/","url_meta":{"origin":13049,"position":4},"title":"Entrevista del programa radial Tribuna Magisterial al senador Jorge Enrique Robledo","author":"admin","date":"junio 6, 2010","format":false,"excerpt":"El senador Robledo ofrece en esta entrevista radial una explicaci\u00f3n de los resultados electorales de las votaciones realizadas el pasado domingo 30 de mayo de 2010; relata y analiza las determinaciones que adopt\u00f3 el Comit\u00e9 Ejecutivo Nacional del Polo Democr\u00e1tico Alternativo, junto con Gustavo Petro y los parlamentarios elegidos, sobre\u2026","rel":"","context":"En \u00abJorge Enrique Robledo\u00bb","block_context":{"text":"Jorge Enrique Robledo","link":"https:\/\/moir.com.co\/web\/category\/jorge-enrique-robledo\/"},"img":{"alt_text":"","src":"","width":0,"height":0},"classes":[]},{"id":13970,"url":"https:\/\/moir.com.co\/web\/video-entrevista-en-hora-20-a-la-coalicion-por-colombia-robledo-claudia-y-fajardo\/","url_meta":{"origin":13049,"position":5},"title":"Video: Entrevista en Hora 20 a la Coalici\u00f3n por Colombia: Robledo, Claudia y Fajardo","author":"admin","date":"noviembre 27, 2017","format":"video","excerpt":"Entrevista en Hora 20 a la #Coalici\u00f3nColombia del mi\u00e9rcoles 22 de noviembre de 2017. Vamos a construir un pa\u00eds donde el sol brille para todos.","rel":"","context":"En \u00abAgro\u00bb","block_context":{"text":"Agro","link":"https:\/\/moir.com.co\/web\/category\/temas\/agro\/"},"img":{"alt_text":"","src":"","width":0,"height":0},"classes":[]}],"jetpack_sharing_enabled":true,"_links":{"self":[{"href":"https:\/\/moir.com.co\/web\/wp-json\/wp\/v2\/posts\/13049","targetHints":{"allow":["GET"]}}],"collection":[{"href":"https:\/\/moir.com.co\/web\/wp-json\/wp\/v2\/posts"}],"about":[{"href":"https:\/\/moir.com.co\/web\/wp-json\/wp\/v2\/types\/post"}],"author":[{"embeddable":true,"href":"https:\/\/moir.com.co\/web\/wp-json\/wp\/v2\/users\/1"}],"replies":[{"embeddable":true,"href":"https:\/\/moir.com.co\/web\/wp-json\/wp\/v2\/comments?post=13049"}],"version-history":[{"count":0,"href":"https:\/\/moir.com.co\/web\/wp-json\/wp\/v2\/posts\/13049\/revisions"}],"wp:featuredmedia":[{"embeddable":true,"href":"https:\/\/moir.com.co\/web\/wp-json\/wp\/v2\/media\/12931"}],"wp:attachment":[{"href":"https:\/\/moir.com.co\/web\/wp-json\/wp\/v2\/media?parent=13049"}],"wp:term":[{"taxonomy":"category","embeddable":true,"href":"https:\/\/moir.com.co\/web\/wp-json\/wp\/v2\/categories?post=13049"},{"taxonomy":"post_tag","embeddable":true,"href":"https:\/\/moir.com.co\/web\/wp-json\/wp\/v2\/tags?post=13049"}],"curies":[{"name":"wp","href":"https:\/\/api.w.org\/{rel}","templated":true}]}}