{"id":13021,"date":"2017-08-02T15:32:08","date_gmt":"2017-08-02T15:32:08","guid":{"rendered":"https:\/\/moir.org.co\/web\/?p=13021"},"modified":"2017-08-02T15:32:08","modified_gmt":"2017-08-02T15:32:08","slug":"el-gobierno-debe-proteger-la-mineria-tradicional-en-remedios-y-segovia-carta-a-santos","status":"publish","type":"post","link":"https:\/\/moir.com.co\/web\/el-gobierno-debe-proteger-la-mineria-tradicional-en-remedios-y-segovia-carta-a-santos\/","title":{"rendered":"\u201cEl gobierno debe proteger la miner\u00eda tradicional en Remedios y Segovia\u201d, carta a Santos"},"content":{"rendered":"<p><strong>Senador Jorge Enrique Robledo, Bogot\u00e1, julio 28 de 2017<\/strong><\/p>\n<div class=\"entry-content\">\n<p>Doctor<\/p>\n<p>JUAN MANUEL SANTOS CALDER\u00d3N<\/p>\n<p>Presidente de la Rep\u00fablica<\/p>\n<p>Ref.: El gobierno debe proteger la miner\u00eda tradicional de Remedios y Segovia.<\/p>\n<p>Atento saludo.<\/p>\n<p>Completa una semana el paro de m\u00e1s de diez mil mineros tradicionales de Remedios y Segovia (Antioquia), desarrollado con la solidaridad de los pobladores de esos municipios del nordeste antioque\u00f1o y sin que se les ofrezcan soluciones dignas a la comunidad que pac\u00edfica, justa y democr\u00e1ticamente protesta.<\/p>\n<p>Se\u00f1or presidente: es necesario proteger la cultura minera centenaria de Segovia y Remedios. El gobierno nacional tiene el deber de encontrar una soluci\u00f3n que asegure la existencia de la miner\u00eda tradicional, respetando en especial la confianza leg\u00edtima de quienes han habitado y explotado esa zona desde siempre.<\/p>\n<p>Pero los actos del gobierno solo favorecen a la multinacional Gran Colombia Gold, aun cuando los mineros solicitan poder hacer contratos de operaci\u00f3n equitativos con la compa\u00f1\u00eda y que se proteja la supervivencia de toda la cadena productiva aur\u00edfera (barequeros, chatarreros, arrieros, etc.). El gobierno y la trasnacional no pueden decirles a los habitantes tradicionales: \u201ccomo llego el progreso, entonces se me van de aqu\u00ed\u201d.<\/p>\n<p>Los mineros de Segovia y Remedios, adem\u00e1s reclaman que se hunda el proyecto de ley en tr\u00e1mite que criminaliza a la miner\u00eda informal, que es una realidad social, y solicitan la profunda revisi\u00f3n de los decretos y resoluciones que en la pr\u00e1ctica les imposibilitan explotar, transformar y comercializar los minerales, los cuales se aplican siguiendo los lineamientos de la OCDE.<\/p>\n<p>El gobierno, se\u00f1or presidente, debe tramitar debidamente los reclamos de la comunidad de esa zona de Colombia y acordar con ella una soluci\u00f3n que beneficie a los mineros de todos los tama\u00f1os, y no a uno solo en particular.<\/p>\n<p>De antemano agradezco la atenci\u00f3n que merezca la presente.<\/p>\n<p><a href=\"https:\/\/i0.wp.com\/jorgerobledo.com\/wp-content\/uploads\/2016\/01\/Firma-Robledo-.png\" data-slb-active=\"1\" data-slb-asset=\"1938524575\" data-slb-internal=\"0\" data-slb-group=\"6206\"><img data-recalc-dims=\"1\" decoding=\"async\" class=\" wp-image-3620 alignleft\" src=\"https:\/\/i0.wp.com\/jorgerobledo.com\/wp-content\/uploads\/2016\/01\/Firma-Robledo-.png?resize=226%2C122\" sizes=\"(max-width: 226px) 100vw, 226px\" srcset=\"http:\/\/jorgerobledo.com\/wp-content\/uploads\/2016\/01\/Firma-Robledo-.png 283w, http:\/\/jorgerobledo.com\/wp-content\/uploads\/2016\/01\/Firma-Robledo--282x153.png 282w\" alt=\"\" width=\"226\" height=\"122\" \/><\/a><\/p>\n<\/div>\n","protected":false},"excerpt":{"rendered":"<p>Senador Jorge Enrique Robledo, Bogot\u00e1, julio 28 de 2017 Doctor JUAN MANUEL SANTOS CALDER\u00d3N Presidente de la Rep\u00fablica Ref.: El gobierno debe proteger la miner\u00eda tradicional de Remedios y Segovia. Atento saludo. Completa una semana el paro de m\u00e1s de diez mil mineros tradicionales de Remedios y Segovia (Antioquia), desarrollado con la solidaridad de los [&hellip;]<\/p>\n","protected":false},"author":1,"featured_media":13022,"comment_status":"open","ping_status":"open","sticky":false,"template":"","format":"standard","meta":{"advanced_seo_description":"","jetpack_seo_html_title":"","jetpack_seo_noindex":false,"_jetpack_memberships_contains_paid_content":false,"footnotes":""},"categories":[102,97,105,4,107,98],"tags":[],"class_list":["post-13021","post","type-post","status-publish","format-standard","has-post-thumbnail","hentry","category-economia","category-imperialismo-y-neoliberalismo","category-internacional-articulos-de-actualidad","category-jorge-enrique-robledo","category-mineria-y-petroleo","category-politica"],"jetpack_featured_media_url":"https:\/\/i0.wp.com\/moir.com.co\/web\/wp-content\/uploads\/2017\/08\/Mineria_pequen%CC%83a2.jpg?fit=270%2C190&ssl=1","jetpack-related-posts":[{"id":13210,"url":"https:\/\/moir.com.co\/web\/video-que-gobierno-y-trasnacional-atiendan-con-seriedad-paro-minero-en-segovia-y-remedios-robledo\/","url_meta":{"origin":13021,"position":0},"title":"Video: Que gobierno y trasnacional atiendan con seriedad paro minero en Segovia y Remedios, Robledo","author":"admin","date":"agosto 29, 2017","format":"video","excerpt":"Intervenci\u00f3n del senador Jorge Enrique Robledo, Comisi\u00f3n Quinta de Senado, Bogot\u00e1, 29 de agosto de 2017","rel":"","context":"En \u00abEconom\u00eda\u00bb","block_context":{"text":"Econom\u00eda","link":"https:\/\/moir.com.co\/web\/category\/temas\/economia\/"},"img":{"alt_text":"","src":"","width":0,"height":0},"classes":[]},{"id":9630,"url":"https:\/\/moir.com.co\/web\/que-el-gobierno-sea-sensato-con-los-mineros-informales-senador-robledo\/","url_meta":{"origin":13021,"position":1},"title":"Que el gobierno sea sensato con los mineros informales: senador Robledo","author":"admin","date":"septiembre 9, 2015","format":false,"excerpt":"Las normas del gobierno Santos sobre los mineros informales est\u00e1n dise\u00f1adas para maltratar a la gente y violan elementales derechos constitucionales como el de la presunci\u00f3n de inocencia, explic\u00f3 el senador Jorge Enrique Robledo en el debate sobre miner\u00eda informal realizado hoy en la Comisi\u00f3n Quinta del Senado. El congresista\u2026","rel":"","context":"En \u00abJorge Enrique Robledo\u00bb","block_context":{"text":"Jorge Enrique Robledo","link":"https:\/\/moir.com.co\/web\/category\/jorge-enrique-robledo\/"},"img":{"alt_text":"","src":"","width":0,"height":0},"classes":[]},{"id":13139,"url":"https:\/\/moir.com.co\/web\/video-reclamos-de-mineros-de-segovia-deben-ser-atendidos-por-el-gobierno-robledo\/","url_meta":{"origin":13021,"position":2},"title":"Video: Reclamos de mineros de Segovia deben ser atendidos por el gobierno, Robledo","author":"admin","date":"agosto 16, 2017","format":"video","excerpt":"Intervenci\u00f3n del senador Jorge Enrique Robledo, Comisi\u00f3n Quinta del Senado, 15 de agosto de 2017","rel":"","context":"En \u00abEconom\u00eda\u00bb","block_context":{"text":"Econom\u00eda","link":"https:\/\/moir.com.co\/web\/category\/temas\/economia\/"},"img":{"alt_text":"","src":"","width":0,"height":0},"classes":[]},{"id":4808,"url":"https:\/\/moir.com.co\/web\/la-situacion-de-la-mineria-es-un-desastre\/","url_meta":{"origin":13021,"position":3},"title":"La situacion de la miner\u00eda es un desastre","author":"admin","date":"septiembre 19, 2010","format":false,"excerpt":"Que cambien a Felipe Mu\u00f1oz. S\u00ed puede haber inversi\u00f3n extranjera si es beneficiosa y respeta la soberan\u00eda de Colombia. El inter\u00e9s nacional y el extranjero pueden llegar a ser antag\u00f3nicos. Una tragedia como la de Amag\u00e1, en otro pa\u00eds, tumba de inmediato al gobierno. Paro c\u00edvico en Segovia y Remedios.\u2026","rel":"","context":"En \u00abJorge Enrique Robledo\u00bb","block_context":{"text":"Jorge Enrique Robledo","link":"https:\/\/moir.com.co\/web\/category\/jorge-enrique-robledo\/"},"img":{"alt_text":"","src":"","width":0,"height":0},"classes":[]},{"id":13170,"url":"https:\/\/moir.com.co\/web\/video-segovia-refleja-la-pesima-politica-minera-del-pais-robledo\/","url_meta":{"origin":13021,"position":4},"title":"Video: Segovia refleja la p\u00e9sima pol\u00edtica minera del pa\u00eds, Robledo","author":"admin","date":"agosto 22, 2017","format":"video","excerpt":"Intervenci\u00f3n del senador Jorge Enrique Robledo, Comisi\u00f3n Quinta del Senado, 22 de agosto de 2017","rel":"","context":"En \u00abEconom\u00eda\u00bb","block_context":{"text":"Econom\u00eda","link":"https:\/\/moir.com.co\/web\/category\/temas\/economia\/"},"img":{"alt_text":"","src":"","width":0,"height":0},"classes":[]},{"id":4797,"url":"https:\/\/moir.com.co\/web\/colombia-en-el-peor-de-los-mundos-frente-a-trasnacionales-mineras-dice-robledo\/","url_meta":{"origin":13021,"position":5},"title":"Colombia en el peor de los mundos frente a trasnacionales mineras, dice Robledo","author":"admin","date":"septiembre 14, 2010","format":false,"excerpt":"AngloGold Ashanti y dem\u00e1s trasnacionales poseen en concesi\u00f3n un territorio de 43.000 km2, tan grande como los departamentos de Boyac\u00e1 y Cundinamarca juntos. Por exenciones tributarias, Drummond dej\u00f3 de pagarle a Colombia casi un bill\u00f3n de pesos entre 1995 y 2007. En Cerromatoso, por malas liquidaciones, la naci\u00f3n puede haber\u2026","rel":"","context":"En \u00abJorge Enrique Robledo\u00bb","block_context":{"text":"Jorge Enrique Robledo","link":"https:\/\/moir.com.co\/web\/category\/jorge-enrique-robledo\/"},"img":{"alt_text":"","src":"","width":0,"height":0},"classes":[]}],"jetpack_sharing_enabled":true,"_links":{"self":[{"href":"https:\/\/moir.com.co\/web\/wp-json\/wp\/v2\/posts\/13021","targetHints":{"allow":["GET"]}}],"collection":[{"href":"https:\/\/moir.com.co\/web\/wp-json\/wp\/v2\/posts"}],"about":[{"href":"https:\/\/moir.com.co\/web\/wp-json\/wp\/v2\/types\/post"}],"author":[{"embeddable":true,"href":"https:\/\/moir.com.co\/web\/wp-json\/wp\/v2\/users\/1"}],"replies":[{"embeddable":true,"href":"https:\/\/moir.com.co\/web\/wp-json\/wp\/v2\/comments?post=13021"}],"version-history":[{"count":0,"href":"https:\/\/moir.com.co\/web\/wp-json\/wp\/v2\/posts\/13021\/revisions"}],"wp:featuredmedia":[{"embeddable":true,"href":"https:\/\/moir.com.co\/web\/wp-json\/wp\/v2\/media\/13022"}],"wp:attachment":[{"href":"https:\/\/moir.com.co\/web\/wp-json\/wp\/v2\/media?parent=13021"}],"wp:term":[{"taxonomy":"category","embeddable":true,"href":"https:\/\/moir.com.co\/web\/wp-json\/wp\/v2\/categories?post=13021"},{"taxonomy":"post_tag","embeddable":true,"href":"https:\/\/moir.com.co\/web\/wp-json\/wp\/v2\/tags?post=13021"}],"curies":[{"name":"wp","href":"https:\/\/api.w.org\/{rel}","templated":true}]}}