{"id":13016,"date":"2017-08-01T19:38:21","date_gmt":"2017-08-01T19:38:21","guid":{"rendered":"https:\/\/moir.org.co\/web\/?p=13016"},"modified":"2017-08-01T19:38:21","modified_gmt":"2017-08-01T19:38:21","slug":"colombia-sociedad-anonima","status":"publish","type":"post","link":"https:\/\/moir.com.co\/web\/colombia-sociedad-anonima\/","title":{"rendered":"Colombia, Sociedad An\u00f3nima"},"content":{"rendered":"<p><strong>Mario Alejandro Valencia, Bogot\u00e1, julio 31 de 2017<\/strong><\/p>\n<p>Para la mayor\u00eda de la poblaci\u00f3n colombiana sus condiciones de vida podr\u00edan ser mejores en t\u00e9rminos educaci\u00f3n, salud, calidad de empleo y alimentaci\u00f3n, entre otras. Satisfacer estas aspiraciones implica mejores ingresos para la poblaci\u00f3n y para el Estado en t\u00e9rminos tributarios.<\/p>\n<p>Pero en las \u00faltimas d\u00e9cadas un conjunto de medidas se han aplicado con el objetivo de que las grandes corporaciones privadas y los m\u00e1s ricos de la sociedad paguen menos impuestos. Sin suficientes recursos el Estado es incapaz de estimular la producci\u00f3n, mejorar la competitividad y por ende solo se crean empresas y trabajos en actividades de poca ganancia, como en el comercio de revendedores y en el rebusque. No en vano el \u00c9xito desplaz\u00f3 a Ecopetrol como la empresa m\u00e1s grande de Colombia.<\/p>\n<div class=\"code-block code-block-5\"><\/div>\n<div class=\"code-block code-block-1\"><\/div>\n<p>La Comisi\u00f3n Econ\u00f3mica para Am\u00e9rica Latina, Cepal, estima que la evasi\u00f3n en Am\u00e9rica Latina suma USD 340 000 millones, correspondiente al 95 % del gasto total en educaci\u00f3n en la regi\u00f3n. Asimismo, la tasa media efectiva de impuesto a la renta que paga el decil m\u00e1s rico de la poblaci\u00f3n es de 5 %, mientras en Europa es igual a 21,3 %.<\/p>\n<div class=\"code-block code-block-8\"><\/div>\n<p>Los mecanismos que ha usado el capital transnacional para no pagar impuestos se han venido convirtiendo en normas legales en los pa\u00edses, por medio de acuerdos internacionales y con la complicidad de gobiernos como el colombiano que se niegan a perseguir a los capitales que se fugan hacia para\u00edsos fiscales como Panam\u00e1.<\/p>\n<p>La subfacturaci\u00f3n de las exportaciones colombianas, es decir, facturar por menos de lo que valen los productos en el mercado externo para no pagar impuestos, seg\u00fan Cepal cuesta USD 3259 millones anuales. Datos de la OCDE tambi\u00e9n indican que por cada d\u00f3lar que reciben los pa\u00edses en desarrollo en ayudas, se pierden USD 3 millones en flujos financieros il\u00edcitos, especialmente los que se adelantan por medio del comercio, respaldados en los leoninos TLC. Lograr el desarrollo con menos d\u00f3lares es pr\u00e1cticamente imposible, como afirma Dereje Alemayehu, de Tax Justice Network.<\/p>\n<p>La obsesi\u00f3n de los gobiernos por atraer inversi\u00f3n extranjera a cualquier costo est\u00e1 arruinando a los pa\u00edses con m\u00e1s d\u00e9ficit en cuenta corriente y endeudamiento externo, para cumplir a los inversionistas con los requisitos impuestos a las naciones. En Egipto una empresa francesa de servicios domiciliarios, Veolia, demand\u00f3 al gobierno por subir el salario m\u00ednimo, despu\u00e9s de 27 a\u00f1os de estar congelado. Philp Morris demand\u00f3 al estado uruguayo por haber emprendido campa\u00f1as de salud p\u00fablica para disminuir el consumo de tabaco. En Colombia, seg\u00fan la Agencia de Defensa del Estado, las demandas en contra del Estado suman aproximadamente USD 140 000 millones, muchas de las cuales han sido interpuestas por grandes empresas como Uni\u00f3n Fenosa (Electricaribe), Glencore, Eco Oro, Tobie Mining y Claro (Carlos Slim), con el argumento de que no se han cumplido sus \u201cexpectativas de ganancias\u201d.<\/p>\n<p>La promesa de que m\u00e1s beneficios al capital atraer\u00edan inversi\u00f3n para generar empleo, no se cumpli\u00f3. Un estudio de Latindadd muestra que entre 2002 y 2006 los pa\u00edses en desarrollo recibieron USD 857 000 millones en inversi\u00f3n y ayudas, pero asimismo salieron USD 1,2 billones en flujos financieros il\u00edcitos y servicios de la deuda, lo que comprueba un balance neto negativo y convierte a estos pa\u00edses en exportadores netos de capitales.<\/p>\n<p>Bienvenida la inversi\u00f3n extranjera que genera actividades productivas, realiza transferencia tecnol\u00f3gica, genera empleos de calidad y paga los impuestos. Pero ese no es el caso de la inversi\u00f3n que est\u00e1 llegando al pa\u00eds y por eso es necesario evaluar la pol\u00edtica de \u2018Confianza Inversionista\u2019, que convirti\u00f3 al Estado en una sociedad an\u00f3nima al servicio de negociantes y no como un defensor de los derechos humanos. Un gobierno que le sirve al pa\u00eds debe ser el que endurezca los mecanismos de control al capital, exija compensaciones, realice una auditor\u00eda a la deuda y renegocie los tratados de protecci\u00f3n de inversiones y los de libre comercio.<\/p>\n","protected":false},"excerpt":{"rendered":"<p>Mario Alejandro Valencia, Bogot\u00e1, julio 31 de 2017 Para la mayor\u00eda de la poblaci\u00f3n colombiana sus condiciones de vida podr\u00edan ser mejores en t\u00e9rminos educaci\u00f3n, salud, calidad de empleo y alimentaci\u00f3n, entre otras. Satisfacer estas aspiraciones implica mejores ingresos para la poblaci\u00f3n y para el Estado en t\u00e9rminos tributarios. Pero en las \u00faltimas d\u00e9cadas un [&hellip;]<\/p>\n","protected":false},"author":1,"featured_media":13017,"comment_status":"open","ping_status":"open","sticky":false,"template":"","format":"standard","meta":{"advanced_seo_description":"","jetpack_seo_html_title":"","jetpack_seo_noindex":false,"_jetpack_memberships_contains_paid_content":false,"footnotes":""},"categories":[102,97,105],"tags":[],"class_list":["post-13016","post","type-post","status-publish","format-standard","has-post-thumbnail","hentry","category-economia","category-imperialismo-y-neoliberalismo","category-internacional-articulos-de-actualidad"],"jetpack_featured_media_url":"https:\/\/i0.wp.com\/moir.com.co\/web\/wp-content\/uploads\/2017\/08\/inversionextranjera.jpg?fit=700%2C500&ssl=1","jetpack-related-posts":[{"id":16172,"url":"https:\/\/moir.com.co\/web\/mi-bolsillo-no-aguanta-mas\/","url_meta":{"origin":13016,"position":0},"title":"Mi bolsillo no aguanta m\u00e1s","author":"admin","date":"octubre 16, 2018","format":false,"excerpt":"Mario Alejandro Valencia, Bogot\u00e1, octubre 16 de 2018 La Ley de la gravedad parece no aplicar en Colombia. El debate acad\u00e9mico sobre las fuentes de creaci\u00f3n de riqueza est\u00e1 superado en el mundo desarrollado hace d\u00e9cadas, pero en Colombia, a pesar del fracaso en este aspecto, quienes han promovido el\u2026","rel":"","context":"En \u00abEconom\u00eda\u00bb","block_context":{"text":"Econom\u00eda","link":"https:\/\/moir.com.co\/web\/category\/temas\/economia\/"},"img":{"alt_text":"","src":"","width":0,"height":0},"classes":[]},{"id":4996,"url":"https:\/\/moir.com.co\/web\/las-politicas-economicas-de-la-ultima-decada-beneficiaron-a-los-grandes-capitales-en-detrimento-de-la-comunidad\/","url_meta":{"origin":13016,"position":1},"title":"\u201cLas pol\u00edticas econ\u00f3micas de la \u00faltima d\u00e9cada beneficiaron a los grandes capitales en detrimento de la comunidad\u201d","author":"admin","date":"noviembre 10, 2010","format":false,"excerpt":"Este postulado es la base del libro Confianza Inversionista, la econom\u00eda colombiana en la primera d\u00e9cada del siglo XXI, escrito por Aurelio Su\u00e1rez Montoya. \u201cEl libro tiene como eje examinar si las ventajas que el gobierno le entreg\u00f3 a los grandes inversionistas transnacionales redund\u00f3 en beneficios a la poblaci\u00f3n. Recordemos\u2026","rel":"","context":"En \u00abRevista de Prensa\u00bb","block_context":{"text":"Revista de Prensa","link":"https:\/\/moir.com.co\/web\/category\/prensa\/revista-de-prensa\/"},"img":{"alt_text":"","src":"","width":0,"height":0},"classes":[]},{"id":19000,"url":"https:\/\/moir.com.co\/web\/bienvenido-2021-al-pais-de-la-desigualdad\/","url_meta":{"origin":13016,"position":2},"title":"Bienvenido 2021 al pa\u00eds de la desigualdad","author":"admin","date":"enero 7, 2021","format":false,"excerpt":"Jos\u00e9 Arlex Arias, Cartagena, enero 4 de 2021 Con angustia fue despedido el a\u00f1o 2020, que dejar\u00e1 una profunda huella, pues los graves da\u00f1os causados por la pandemia \u2013sin contar las miles de personas que lloran la muerte de sus familiares\u2013 han terminado de desenmascarar la odiosa desigualdad que existe\u2026","rel":"","context":"En \u00abEconom\u00eda\u00bb","block_context":{"text":"Econom\u00eda","link":"https:\/\/moir.com.co\/web\/category\/temas\/economia\/"},"img":{"alt_text":"","src":"https:\/\/i0.wp.com\/moir.com.co\/web\/wp-content\/uploads\/2021\/01\/desigualdadColombia2.jpg?fit=1200%2C630&ssl=1&resize=350%2C200","width":350,"height":200,"srcset":"https:\/\/i0.wp.com\/moir.com.co\/web\/wp-content\/uploads\/2021\/01\/desigualdadColombia2.jpg?fit=1200%2C630&ssl=1&resize=350%2C200 1x, https:\/\/i0.wp.com\/moir.com.co\/web\/wp-content\/uploads\/2021\/01\/desigualdadColombia2.jpg?fit=1200%2C630&ssl=1&resize=525%2C300 1.5x, https:\/\/i0.wp.com\/moir.com.co\/web\/wp-content\/uploads\/2021\/01\/desigualdadColombia2.jpg?fit=1200%2C630&ssl=1&resize=700%2C400 2x, https:\/\/i0.wp.com\/moir.com.co\/web\/wp-content\/uploads\/2021\/01\/desigualdadColombia2.jpg?fit=1200%2C630&ssl=1&resize=1050%2C600 3x"},"classes":[]},{"id":6905,"url":"https:\/\/moir.com.co\/web\/justicia-tributaria-en-colombia\/","url_meta":{"origin":13016,"position":3},"title":"Justicia Tributaria en Colombia","author":"admin","date":"octubre 9, 2012","format":false,"excerpt":"Que Colombia sea un pa\u00eds extremadamente desigual no es un secreto para nadie, aunque para la mayor\u00eda de su poblaci\u00f3n s\u00ed lo sean sus causas. Una de ellas, quiz\u00e1s la m\u00e1s importante, est\u00e1 relacionada con la forma injusta en que sus habitantes aportan para financiar los gastos del Estado, es\u2026","rel":"","context":"En \u00abPronunciamientos de Organizaciones Sociales\u00bb","block_context":{"text":"Pronunciamientos de Organizaciones Sociales","link":"https:\/\/moir.com.co\/web\/category\/pronunciamientos-de-organizaciones-sociales\/"},"img":{"alt_text":"","src":"","width":0,"height":0},"classes":[]},{"id":6937,"url":"https:\/\/moir.com.co\/web\/una-sociedad-escindida\/","url_meta":{"origin":13016,"position":4},"title":"Una sociedad escindida","author":"admin","date":"octubre 18, 2012","format":false,"excerpt":"Es evidente que el inter\u00e9s de las clases en el poder es, cada vez m\u00e1s, diferente de los intereses de la mayor\u00eda de la sociedad. La apuesta de desarrollar el pa\u00eds sobre la base de dar privilegios exorbitantes a los grandes monopolios y al sector rid\u00edculamente minoritario de los m\u00e1s\u2026","rel":"","context":"En \u00abTemas\u00bb","block_context":{"text":"Temas","link":"https:\/\/moir.com.co\/web\/category\/temas\/"},"img":{"alt_text":"","src":"","width":0,"height":0},"classes":[]},{"id":19463,"url":"https:\/\/moir.com.co\/web\/elegir-a-un-lider-no-a-un-caudillo\/","url_meta":{"origin":13016,"position":5},"title":"Elegir a un l\u00edder, no a un caudillo","author":"admin","date":"febrero 12, 2022","format":false,"excerpt":"Jos\u00e9 Arlex Arias, Cartagena, febrero 7 de 2022 Colombia es un pa\u00eds ca\u00f3tico, no solo por la descomposici\u00f3n que ha permeado a algunas capas de la sociedad, convertidas en caldo de cultivo para una violencia que se ha vuelto consuetudinaria y se percibe como \u201calgo normal\u201d, sino porque adem\u00e1s el\u2026","rel":"","context":"En \u00abAgro\u00bb","block_context":{"text":"Agro","link":"https:\/\/moir.com.co\/web\/category\/temas\/agro\/"},"img":{"alt_text":"","src":"https:\/\/i0.wp.com\/moir.com.co\/web\/wp-content\/uploads\/2022\/02\/tarjetoncoalicioncentroesperanza.jpeg?fit=1200%2C705&ssl=1&resize=350%2C200","width":350,"height":200,"srcset":"https:\/\/i0.wp.com\/moir.com.co\/web\/wp-content\/uploads\/2022\/02\/tarjetoncoalicioncentroesperanza.jpeg?fit=1200%2C705&ssl=1&resize=350%2C200 1x, https:\/\/i0.wp.com\/moir.com.co\/web\/wp-content\/uploads\/2022\/02\/tarjetoncoalicioncentroesperanza.jpeg?fit=1200%2C705&ssl=1&resize=525%2C300 1.5x, https:\/\/i0.wp.com\/moir.com.co\/web\/wp-content\/uploads\/2022\/02\/tarjetoncoalicioncentroesperanza.jpeg?fit=1200%2C705&ssl=1&resize=700%2C400 2x, https:\/\/i0.wp.com\/moir.com.co\/web\/wp-content\/uploads\/2022\/02\/tarjetoncoalicioncentroesperanza.jpeg?fit=1200%2C705&ssl=1&resize=1050%2C600 3x"},"classes":[]}],"jetpack_sharing_enabled":true,"_links":{"self":[{"href":"https:\/\/moir.com.co\/web\/wp-json\/wp\/v2\/posts\/13016","targetHints":{"allow":["GET"]}}],"collection":[{"href":"https:\/\/moir.com.co\/web\/wp-json\/wp\/v2\/posts"}],"about":[{"href":"https:\/\/moir.com.co\/web\/wp-json\/wp\/v2\/types\/post"}],"author":[{"embeddable":true,"href":"https:\/\/moir.com.co\/web\/wp-json\/wp\/v2\/users\/1"}],"replies":[{"embeddable":true,"href":"https:\/\/moir.com.co\/web\/wp-json\/wp\/v2\/comments?post=13016"}],"version-history":[{"count":0,"href":"https:\/\/moir.com.co\/web\/wp-json\/wp\/v2\/posts\/13016\/revisions"}],"wp:featuredmedia":[{"embeddable":true,"href":"https:\/\/moir.com.co\/web\/wp-json\/wp\/v2\/media\/13017"}],"wp:attachment":[{"href":"https:\/\/moir.com.co\/web\/wp-json\/wp\/v2\/media?parent=13016"}],"wp:term":[{"taxonomy":"category","embeddable":true,"href":"https:\/\/moir.com.co\/web\/wp-json\/wp\/v2\/categories?post=13016"},{"taxonomy":"post_tag","embeddable":true,"href":"https:\/\/moir.com.co\/web\/wp-json\/wp\/v2\/tags?post=13016"}],"curies":[{"name":"wp","href":"https:\/\/api.w.org\/{rel}","templated":true}]}}