{"id":13013,"date":"2017-08-01T18:29:50","date_gmt":"2017-08-01T18:29:50","guid":{"rendered":"https:\/\/moir.org.co\/web\/?p=13013"},"modified":"2017-08-01T18:29:50","modified_gmt":"2017-08-01T18:29:50","slug":"tlc-con-la-union-europea-otro-negocio-fallido-para-colombia","status":"publish","type":"post","link":"https:\/\/moir.com.co\/web\/tlc-con-la-union-europea-otro-negocio-fallido-para-colombia\/","title":{"rendered":"TLC con la Uni\u00f3n Europea: otro negocio fallido para Colombia"},"content":{"rendered":"<h1 class=\"entry-title\"><span style=\"font-size: 18px;\">Informe SIA #42,<\/span>\u00a0<span style=\"font-size: 18px;\">Bogot\u00e1, julio de 2017<\/span><\/h1>\n<p><strong>Introducci\u00f3n<\/strong><\/p>\n<p>En agosto se cumplen 4 a\u00f1os de la implementaci\u00f3n del TLC entre Colombia y la Uni\u00f3n Europea. Como todos los acuerdos de este tipo, el de Europa ha significado m\u00e1s pobreza y destrucci\u00f3n del aparato productivo colombiano, bajo la mirada c\u00f3mplice del gobierno de Juan Manuel Santos. Lejos de corregir el rumbo, funcionarios como la ministra Mar\u00eda Claudia Lacouture se han convertido en portavoces de una estrategia para enga\u00f1ar a la poblaci\u00f3n, haci\u00e9ndoles creer que todo est\u00e1 bien, mientras las p\u00e9rdidas no paran de crecer.<\/p>\n<p>En este documento se muestra el balance comercial, en materia de inversiones y una recopilaci\u00f3n de las actuaciones de algunas de las transnacionales europeas que est\u00e1n envueltas en esc\u00e1ndalos de corrupci\u00f3n en sus actuaciones en el pa\u00eds.<\/p>\n<p><strong>Documento completo:\u00a0<\/strong><\/p>\n<p><iframe class=\"gde-frame\" src=\"http:\/\/docs.google.com\/viewer?url=http%3A%2F%2Ftlcalbanquillo.co%2Fwp-content%2Fuploads%2F2017%2F06%2FSIA-No42.pdf&amp;hl=es&amp;embedded=true\" width=\"300\" height=\"150\" scrolling=\"no\" data-mce-fragment=\"1\"><\/iframe><\/p>\n<p class=\"gde-text\"><a class=\"gde-link\" href=\"http:\/\/tlcalbanquillo.co\/wp-content\/uploads\/2017\/06\/SIA-No42.pdf\">Descargar (PDF, 3.21MB)<\/a><\/p>\n","protected":false},"excerpt":{"rendered":"<p>Informe SIA #42,\u00a0Bogot\u00e1, julio de 2017 Introducci\u00f3n En agosto se cumplen 4 a\u00f1os de la implementaci\u00f3n del TLC entre Colombia y la Uni\u00f3n Europea. Como todos los acuerdos de este tipo, el de Europa ha significado m\u00e1s pobreza y destrucci\u00f3n del aparato productivo colombiano, bajo la mirada c\u00f3mplice del gobierno de Juan Manuel Santos. Lejos [&hellip;]<\/p>\n","protected":false},"author":1,"featured_media":13014,"comment_status":"open","ping_status":"open","sticky":false,"template":"","format":"standard","meta":{"advanced_seo_description":"","jetpack_seo_html_title":"","jetpack_seo_noindex":false,"_jetpack_memberships_contains_paid_content":false,"footnotes":""},"categories":[114,102,97,105,98,7,6],"tags":[],"class_list":["post-13013","post","type-post","status-publish","format-standard","has-post-thumbnail","hentry","category-agro","category-economia","category-imperialismo-y-neoliberalismo","category-internacional-articulos-de-actualidad","category-politica","category-pronunciamientos-de-organizaciones-sociales","category-no-a-los-tlc-y-al-alca"],"jetpack_featured_media_url":"https:\/\/i0.wp.com\/moir.com.co\/web\/wp-content\/uploads\/2017\/08\/tlceuropa.jpg?fit=266%2C190&ssl=1","jetpack-related-posts":[{"id":3272,"url":"https:\/\/moir.com.co\/web\/debate-sobre-el-tlc-de-colombia-con-la-union-europea\/","url_meta":{"origin":13013,"position":0},"title":"Debate sobre el TLC de Colombia con la Union Europea","author":"admin","date":"julio 10, 2009","format":false,"excerpt":"","rel":"","context":"En \u00abVideos\u00bb","block_context":{"text":"Videos","link":"https:\/\/moir.com.co\/web\/category\/multimedia\/videos\/"},"img":{"alt_text":"","src":"","width":0,"height":0},"classes":[]},{"id":2706,"url":"https:\/\/moir.com.co\/web\/el-tlc-con-la-union-europea-puede-ser-peor-que-el-suscrito-con-estados-unidos\/","url_meta":{"origin":13013,"position":1},"title":"EL TLC CON LA UNI\u00d3N EUROPEA PUEDE SER PEOR QUE EL SUSCRITO CON ESTADOS UNIDOS","author":"admin","date":"febrero 12, 2009","format":false,"excerpt":"Que el TLC de Colombia con la Uni\u00f3n Europea puede ser peor que el suscrito con Estados Unidos fue la principal conclusi\u00f3n del seminario convocado en el d\u00eda de hoy por Recalca, la CUT, la CGT, Fecode, Salvaci\u00f3n Agropecuaria, la Anuc Cundinamarca y la Coordinaci\u00f3n Colombia-Europa-Estados Unidos, entre otras organizaciones.\u2026","rel":"","context":"En \u00abJorge Enrique Robledo\u00bb","block_context":{"text":"Jorge Enrique Robledo","link":"https:\/\/moir.com.co\/web\/category\/jorge-enrique-robledo\/"},"img":{"alt_text":"","src":"","width":0,"height":0},"classes":[]},{"id":3088,"url":"https:\/\/moir.com.co\/web\/tlc-con-union-europea-a-debate-en-comision-quinta-del-senado-el-tratado-no-le-conviene-a-colombia\/","url_meta":{"origin":13013,"position":2},"title":"TLC CON UNI\u00d3N EUROPEA, A DEBATE EN COMISI\u00d3N QUINTA DEL SENADO: EL TRATADO NO LE CONVIENE A COLOMBIA","author":"admin","date":"mayo 17, 2009","format":false,"excerpt":"El pr\u00f3ximo martes 19 de mayo, a partir de las 9:30 de la ma\u00f1ana y con transmisi\u00f3n en directo por el Canal Institucional y el del Congreso, se debatir\u00e1 en la Comisi\u00f3n Quinta del Senado la conveniencia del TLC con la Uni\u00f3n Europea. El senador Jorge Enrique Robledo, citante del\u2026","rel":"","context":"En \u00abJorge Enrique Robledo\u00bb","block_context":{"text":"Jorge Enrique Robledo","link":"https:\/\/moir.com.co\/web\/category\/jorge-enrique-robledo\/"},"img":{"alt_text":"","src":"","width":0,"height":0},"classes":[]},{"id":2734,"url":"https:\/\/moir.com.co\/web\/el-tlc-con-la-ue-igual-o-peor-que-con-eu\/","url_meta":{"origin":13013,"position":3},"title":"EL TLC CON LA UE: IGUAL O PEOR QUE CON EU","author":"admin","date":"febrero 20, 2009","format":false,"excerpt":"Los gobiernos de Colombia y la Uni\u00f3n Europea adelantan conversaciones para suscribir un tratado de libre comercio. Son muchas las razones que indican que los colombianos, por lo menos casi todos, sufriremos p\u00e9rdidas iguales o peores que las que se pactaron en el Tratado de Libre Comercio (TLC) con Estados\u2026","rel":"","context":"En \u00abJorge Enrique Robledo\u00bb","block_context":{"text":"Jorge Enrique Robledo","link":"https:\/\/moir.com.co\/web\/category\/jorge-enrique-robledo\/"},"img":{"alt_text":"","src":"","width":0,"height":0},"classes":[]},{"id":5289,"url":"https:\/\/moir.com.co\/web\/comercio-exterior-y-atraso-en-la-produccion-el-tlc-entre-colombia-y-la-union-europea\/","url_meta":{"origin":13013,"position":4},"title":"Comercio exterior y atraso en la producci\u00f3n: El TLC entre Colombia y la Uni\u00f3n Europea","author":"admin","date":"febrero 15, 2011","format":false,"excerpt":"En septiembre de 2007 los gobiernos de Colombia, Ecuador, Per\u00fa, Bolivia y la Uni\u00f3n Europea comenzaron a reunirse para buscar un Acuerdo de Asociaci\u00f3n, cuyos componentes eran el di\u00e1logo pol\u00edtico, la cooperaci\u00f3n y el comercio. El proceso fracas\u00f3 despu\u00e9s de que Bolivia, al terminar la tercera ronda de negociaci\u00f3n, manifest\u00f3\u2026","rel":"","context":"En \u00ab\u00a1No a los TLC y al ALCA!\u00bb","block_context":{"text":"\u00a1No a los TLC y al ALCA!","link":"https:\/\/moir.com.co\/web\/category\/temas\/no-a-los-tlc-y-al-alca\/"},"img":{"alt_text":"","src":"","width":0,"height":0},"classes":[]},{"id":7785,"url":"https:\/\/moir.com.co\/web\/tlc-con-la-union-europea-es-ilegal-y-provocara-danos-enormes-al-agro-y-a-la-industria-nacional\/","url_meta":{"origin":13013,"position":5},"title":"TLC con la Uni\u00f3n Europea es ilegal y provocar\u00e1 da\u00f1os enormes al agro y a la industria nacional","author":"admin","date":"agosto 1, 2013","format":false,"excerpt":"TLC con la UE se impone violando la Constituci\u00f3n. UE otorga subsidios a su agro por m\u00e1s de 70.000 millones de euros. Ser\u00e1 tan lesivo como el TLC con Estados Unidos. El gobierno de Santos infringi\u00f3 la Constituci\u00f3n al permitir la entrada en vigencia del Tratado de Libre Comercio con\u2026","rel":"","context":"En \u00abJorge Enrique Robledo\u00bb","block_context":{"text":"Jorge Enrique Robledo","link":"https:\/\/moir.com.co\/web\/category\/jorge-enrique-robledo\/"},"img":{"alt_text":"","src":"","width":0,"height":0},"classes":[]}],"jetpack_sharing_enabled":true,"_links":{"self":[{"href":"https:\/\/moir.com.co\/web\/wp-json\/wp\/v2\/posts\/13013","targetHints":{"allow":["GET"]}}],"collection":[{"href":"https:\/\/moir.com.co\/web\/wp-json\/wp\/v2\/posts"}],"about":[{"href":"https:\/\/moir.com.co\/web\/wp-json\/wp\/v2\/types\/post"}],"author":[{"embeddable":true,"href":"https:\/\/moir.com.co\/web\/wp-json\/wp\/v2\/users\/1"}],"replies":[{"embeddable":true,"href":"https:\/\/moir.com.co\/web\/wp-json\/wp\/v2\/comments?post=13013"}],"version-history":[{"count":0,"href":"https:\/\/moir.com.co\/web\/wp-json\/wp\/v2\/posts\/13013\/revisions"}],"wp:featuredmedia":[{"embeddable":true,"href":"https:\/\/moir.com.co\/web\/wp-json\/wp\/v2\/media\/13014"}],"wp:attachment":[{"href":"https:\/\/moir.com.co\/web\/wp-json\/wp\/v2\/media?parent=13013"}],"wp:term":[{"taxonomy":"category","embeddable":true,"href":"https:\/\/moir.com.co\/web\/wp-json\/wp\/v2\/categories?post=13013"},{"taxonomy":"post_tag","embeddable":true,"href":"https:\/\/moir.com.co\/web\/wp-json\/wp\/v2\/tags?post=13013"}],"curies":[{"name":"wp","href":"https:\/\/api.w.org\/{rel}","templated":true}]}}