{"id":13010,"date":"2017-08-01T18:22:45","date_gmt":"2017-08-01T18:22:45","guid":{"rendered":"https:\/\/moir.org.co\/web\/?p=13010"},"modified":"2017-08-01T18:22:45","modified_gmt":"2017-08-01T18:22:45","slug":"programa-radial-de-tribuna-magisterial-julio-30-de-2017","status":"publish","type":"post","link":"https:\/\/moir.com.co\/web\/programa-radial-de-tribuna-magisterial-julio-30-de-2017\/","title":{"rendered":"Programa Radial de Tribuna Magisterial, julio 30 de 2017"},"content":{"rendered":"<p><strong>Bogot\u00e1, julio 30 de 2017<\/strong><\/p>\n<p>En el programa del 30 de julio de 2017 Mar\u00eda Antonieta Cano de la junta directiva de la ADE entrevist\u00f3 al senador del Polo Democr\u00e1tico Alternativo y candidato a la Presidencia de la Rep\u00fablica, Jorge Robledo, en esta oportunidad se dio un informe sobre las audiencias \u201cEncuentros por la Verdad\u201d que se est\u00e1n realizando en todo el pa\u00eds en las que se escucha a la comunidad sobre las problem\u00e1ticas que los aquejan.<\/p>\n<p>Tambi\u00e9n se refiri\u00f3 sobre la acusaci\u00f3n de la Fiscal\u00eda General de la Naci\u00f3n a Luis Fernando Andrade director de la Agencia Nacional de Infraestructura sobre los graves hechos de corrupci\u00f3n de Odebretch y finalmente nos inform\u00f3 por qu\u00e9 el Polo rechaza tajantemente la decisi\u00f3n de Santos de enviar tropas colombianas a guerras extranjeras<\/p>\n<p>&nbsp;<\/p>\n<p>\u00d3scar Guti\u00e9rrez, director de Dignidad Agropecuaria, explic\u00f3 la dif\u00edcil situaci\u00f3n de los productores nacionales de leche por cuenta de los excesos de importaciones de este producto, el aumento de la producci\u00f3n nacional y la manipulaci\u00f3n de los precios por cuenta de las multinacionales.<\/p>\n<p>Finalmente, Natalia Moreno habl\u00f3 sobre la audiencia p\u00fablica, convocada por Robledo y que se realizar\u00e1 en el Congreso, sobre la situaci\u00f3n de las Mujeres en Colombia.<\/p>\n","protected":false},"excerpt":{"rendered":"<p>Bogot\u00e1, julio 30 de 2017 En el programa del 30 de julio de 2017 Mar\u00eda Antonieta Cano de la junta directiva de la ADE entrevist\u00f3 al senador del Polo Democr\u00e1tico Alternativo y candidato a la Presidencia de la Rep\u00fablica, Jorge Robledo, en esta oportunidad se dio un informe sobre las audiencias \u201cEncuentros por la Verdad\u201d [&hellip;]<\/p>\n","protected":false},"author":1,"featured_media":11070,"comment_status":"open","ping_status":"open","sticky":false,"template":"","format":"audio","meta":{"advanced_seo_description":"","jetpack_seo_html_title":"","jetpack_seo_noindex":false,"_jetpack_memberships_contains_paid_content":false,"footnotes":""},"categories":[114,102,103,97,98,11],"tags":[],"class_list":["post-13010","post","type-post","status-publish","format-audio","has-post-thumbnail","hentry","category-agro","category-economia","category-educacion","category-imperialismo-y-neoliberalismo","category-politica","category-tribuna-magisterial","post_format-post-format-audio"],"jetpack_featured_media_url":"https:\/\/i0.wp.com\/moir.com.co\/web\/wp-content\/uploads\/2016\/11\/tribmagton%CC%83a2.jpg?fit=298%2C268&ssl=1","jetpack-related-posts":[{"id":12907,"url":"https:\/\/moir.com.co\/web\/programa-radial-de-tribuna-magisterial-julio-16-de-2017\/","url_meta":{"origin":13010,"position":0},"title":"Programa Radial de Tribuna Magisterial, julio 16 de 2017","author":"admin","date":"julio 17, 2017","format":"audio","excerpt":"Bogot\u00e1, julio 16 de 2017 En la emisi\u00f3n del 16 de julio de 2017, Mar\u00eda Antonieta Cano, directiva de la ADE y directora del programa, entrevist\u00f3 al Senador del Polo Democr\u00e1tico Alternativo Jorge Robledo quien explic\u00f3 las razones por las cuales N\u00e9stor Humberto Mart\u00ednez, Fiscal General de la Naci\u00f3n, le\u2026","rel":"","context":"En \u00abBogot\u00e1\u00bb","block_context":{"text":"Bogot\u00e1","link":"https:\/\/moir.com.co\/web\/category\/temas\/bogota\/"},"img":{"alt_text":"","src":"https:\/\/i0.wp.com\/moir.com.co\/web\/wp-content\/uploads\/2017\/07\/tribmagton%CC%83a5.jpg?fit=900%2C1200&ssl=1&resize=350%2C200","width":350,"height":200,"srcset":"https:\/\/i0.wp.com\/moir.com.co\/web\/wp-content\/uploads\/2017\/07\/tribmagton%CC%83a5.jpg?fit=900%2C1200&ssl=1&resize=350%2C200 1x, https:\/\/i0.wp.com\/moir.com.co\/web\/wp-content\/uploads\/2017\/07\/tribmagton%CC%83a5.jpg?fit=900%2C1200&ssl=1&resize=525%2C300 1.5x, https:\/\/i0.wp.com\/moir.com.co\/web\/wp-content\/uploads\/2017\/07\/tribmagton%CC%83a5.jpg?fit=900%2C1200&ssl=1&resize=700%2C400 2x"},"classes":[]},{"id":12970,"url":"https:\/\/moir.com.co\/web\/programa-radial-de-tribuna-magisterial-julio-23-de-2017\/","url_meta":{"origin":13010,"position":1},"title":"Programa Radial de Tribuna Magisterial, julio 23 de 2017","author":"admin","date":"julio 25, 2017","format":"audio","excerpt":"Bogot\u00e1, julio 23 de 2017 En el programa del 23 de julio de 2017 Pedro Jim\u00e9nez docente del distrito y conductor del programa invit\u00f3 al magisterio bogotano a participar del encuentro de maestros voluntarios con Robledo que se realizar\u00e1 en la ADE norte el 5 de agosto a las 2:00\u2026","rel":"","context":"En \u00abCiencia\u00bb","block_context":{"text":"Ciencia","link":"https:\/\/moir.com.co\/web\/category\/temas\/ciencia\/"},"img":{"alt_text":"","src":"https:\/\/i0.wp.com\/moir.com.co\/web\/wp-content\/uploads\/2017\/07\/tribmagton%CC%83a5-1.jpg?fit=900%2C1200&ssl=1&resize=350%2C200","width":350,"height":200,"srcset":"https:\/\/i0.wp.com\/moir.com.co\/web\/wp-content\/uploads\/2017\/07\/tribmagton%CC%83a5-1.jpg?fit=900%2C1200&ssl=1&resize=350%2C200 1x, https:\/\/i0.wp.com\/moir.com.co\/web\/wp-content\/uploads\/2017\/07\/tribmagton%CC%83a5-1.jpg?fit=900%2C1200&ssl=1&resize=525%2C300 1.5x, https:\/\/i0.wp.com\/moir.com.co\/web\/wp-content\/uploads\/2017\/07\/tribmagton%CC%83a5-1.jpg?fit=900%2C1200&ssl=1&resize=700%2C400 2x"},"classes":[]},{"id":12860,"url":"https:\/\/moir.com.co\/web\/programa-radial-de-tribuna-magisterial-julio-9-de-2017\/","url_meta":{"origin":13010,"position":2},"title":"Programa Radial de Tribuna Magisterial, julio 9 de 2017","author":"admin","date":"julio 11, 2017","format":"audio","excerpt":"Bogot\u00e1, julio 9 de 2017 En el programa del 9 de junio, Mar\u00eda Antonieta Cano de la junta directiva de la ADE y directora del programa y Pedro Jim\u00e9nez profesor y conductor del programa, entrevistaron a Francisco Torres del comit\u00e9 ejecutivo de FECODE, quien explic\u00f3 la situaci\u00f3n educativa en Colombia,\u2026","rel":"","context":"En \u00abCiencia\u00bb","block_context":{"text":"Ciencia","link":"https:\/\/moir.com.co\/web\/category\/temas\/ciencia\/"},"img":{"alt_text":"","src":"https:\/\/i0.wp.com\/moir.com.co\/web\/wp-content\/uploads\/2017\/07\/tribmagton%CC%83a7.jpg?fit=1200%2C900&ssl=1&resize=350%2C200","width":350,"height":200,"srcset":"https:\/\/i0.wp.com\/moir.com.co\/web\/wp-content\/uploads\/2017\/07\/tribmagton%CC%83a7.jpg?fit=1200%2C900&ssl=1&resize=350%2C200 1x, https:\/\/i0.wp.com\/moir.com.co\/web\/wp-content\/uploads\/2017\/07\/tribmagton%CC%83a7.jpg?fit=1200%2C900&ssl=1&resize=525%2C300 1.5x, https:\/\/i0.wp.com\/moir.com.co\/web\/wp-content\/uploads\/2017\/07\/tribmagton%CC%83a7.jpg?fit=1200%2C900&ssl=1&resize=700%2C400 2x, https:\/\/i0.wp.com\/moir.com.co\/web\/wp-content\/uploads\/2017\/07\/tribmagton%CC%83a7.jpg?fit=1200%2C900&ssl=1&resize=1050%2C600 3x"},"classes":[]},{"id":11619,"url":"https:\/\/moir.com.co\/web\/programa-radial-de-tribuna-magisterial-enero-29-de-2017\/","url_meta":{"origin":13010,"position":3},"title":"Programa Radial de Tribuna Magisterial, enero 29 de 2017","author":"admin","date":"enero 31, 2017","format":"audio","excerpt":"Bogot\u00e1, enero 29 de 2017 En el programa del 29 de enero de 2017 Mar\u00eda Antonieta Cano de la Junta directiva de la ADE y directora del programa, inform\u00f3 que el 30 de enero la Junta Directiva de la ADE se reunir\u00e1 con la Secretaria de Educaci\u00f3n Mar\u00eda Victoria Angulo\u2026","rel":"","context":"En \u00abTribuna Magisterial\u00bb","block_context":{"text":"Tribuna Magisterial","link":"https:\/\/moir.com.co\/web\/category\/tribuna-magisterial\/"},"img":{"alt_text":"","src":"https:\/\/i0.wp.com\/moir.com.co\/web\/wp-content\/uploads\/2016\/11\/tribmagton%CC%83a5-1.jpg?fit=900%2C1200&ssl=1&resize=350%2C200","width":350,"height":200,"srcset":"https:\/\/i0.wp.com\/moir.com.co\/web\/wp-content\/uploads\/2016\/11\/tribmagton%CC%83a5-1.jpg?fit=900%2C1200&ssl=1&resize=350%2C200 1x, https:\/\/i0.wp.com\/moir.com.co\/web\/wp-content\/uploads\/2016\/11\/tribmagton%CC%83a5-1.jpg?fit=900%2C1200&ssl=1&resize=525%2C300 1.5x, https:\/\/i0.wp.com\/moir.com.co\/web\/wp-content\/uploads\/2016\/11\/tribmagton%CC%83a5-1.jpg?fit=900%2C1200&ssl=1&resize=700%2C400 2x"},"classes":[]},{"id":12468,"url":"https:\/\/moir.com.co\/web\/programa-radial-de-tribuna-magisterial-mayo-21-de-2017\/","url_meta":{"origin":13010,"position":4},"title":"Programa Radial de Tribuna Magisterial, mayo 21 de 2017","author":"admin","date":"mayo 22, 2017","format":"audio","excerpt":"Bogot\u00e1, mayo 21 de 2017 El programa radial Tribuna Magisterial del 21 de mayo estuvo dedicado a realizar un profundo an\u00e1lisis del paro del magisterio y la negociaci\u00f3n del pliego de peticiones de Fecode con el gobierno nacional. Jorge Enrique Robledo, senador del Polo Democr\u00e1tico y candidato presidencial analiz\u00f3 los\u2026","rel":"","context":"En \u00abBogot\u00e1\u00bb","block_context":{"text":"Bogot\u00e1","link":"https:\/\/moir.com.co\/web\/category\/temas\/bogota\/"},"img":{"alt_text":"","src":"https:\/\/i0.wp.com\/moir.com.co\/web\/wp-content\/uploads\/2016\/11\/tribmagton%CC%83a5-1.jpg?fit=900%2C1200&ssl=1&resize=350%2C200","width":350,"height":200,"srcset":"https:\/\/i0.wp.com\/moir.com.co\/web\/wp-content\/uploads\/2016\/11\/tribmagton%CC%83a5-1.jpg?fit=900%2C1200&ssl=1&resize=350%2C200 1x, https:\/\/i0.wp.com\/moir.com.co\/web\/wp-content\/uploads\/2016\/11\/tribmagton%CC%83a5-1.jpg?fit=900%2C1200&ssl=1&resize=525%2C300 1.5x, https:\/\/i0.wp.com\/moir.com.co\/web\/wp-content\/uploads\/2016\/11\/tribmagton%CC%83a5-1.jpg?fit=900%2C1200&ssl=1&resize=700%2C400 2x"},"classes":[]},{"id":12046,"url":"https:\/\/moir.com.co\/web\/programa-radial-de-tribuna-magisterial-abril-2-de-2017\/","url_meta":{"origin":13010,"position":5},"title":"Programa Radial de Tribuna Magisterial, abril 2 de 2017","author":"admin","date":"abril 3, 2017","format":"audio","excerpt":"Bogot\u00e1, abril 2 de 2017 En el programa del 2 de abril de 2017, Mar\u00eda Antonieta Cano de la Junta Directiva de la ADE y directora del programa entrevist\u00f3 al Senador del Polo Democr\u00e1tico Alternativo Jorge Robledo. En este espacio \u00e9l se refiri\u00f3 a la exigencia que le realiz\u00f3 al\u2026","rel":"","context":"En \u00abAgro\u00bb","block_context":{"text":"Agro","link":"https:\/\/moir.com.co\/web\/category\/temas\/agro\/"},"img":{"alt_text":"","src":"https:\/\/i0.wp.com\/moir.com.co\/web\/wp-content\/uploads\/2016\/11\/tribmagton%CC%83a5.jpg?fit=900%2C1200&ssl=1&resize=350%2C200","width":350,"height":200,"srcset":"https:\/\/i0.wp.com\/moir.com.co\/web\/wp-content\/uploads\/2016\/11\/tribmagton%CC%83a5.jpg?fit=900%2C1200&ssl=1&resize=350%2C200 1x, https:\/\/i0.wp.com\/moir.com.co\/web\/wp-content\/uploads\/2016\/11\/tribmagton%CC%83a5.jpg?fit=900%2C1200&ssl=1&resize=525%2C300 1.5x, https:\/\/i0.wp.com\/moir.com.co\/web\/wp-content\/uploads\/2016\/11\/tribmagton%CC%83a5.jpg?fit=900%2C1200&ssl=1&resize=700%2C400 2x"},"classes":[]}],"jetpack_sharing_enabled":true,"_links":{"self":[{"href":"https:\/\/moir.com.co\/web\/wp-json\/wp\/v2\/posts\/13010","targetHints":{"allow":["GET"]}}],"collection":[{"href":"https:\/\/moir.com.co\/web\/wp-json\/wp\/v2\/posts"}],"about":[{"href":"https:\/\/moir.com.co\/web\/wp-json\/wp\/v2\/types\/post"}],"author":[{"embeddable":true,"href":"https:\/\/moir.com.co\/web\/wp-json\/wp\/v2\/users\/1"}],"replies":[{"embeddable":true,"href":"https:\/\/moir.com.co\/web\/wp-json\/wp\/v2\/comments?post=13010"}],"version-history":[{"count":0,"href":"https:\/\/moir.com.co\/web\/wp-json\/wp\/v2\/posts\/13010\/revisions"}],"wp:featuredmedia":[{"embeddable":true,"href":"https:\/\/moir.com.co\/web\/wp-json\/wp\/v2\/media\/11070"}],"wp:attachment":[{"href":"https:\/\/moir.com.co\/web\/wp-json\/wp\/v2\/media?parent=13010"}],"wp:term":[{"taxonomy":"category","embeddable":true,"href":"https:\/\/moir.com.co\/web\/wp-json\/wp\/v2\/categories?post=13010"},{"taxonomy":"post_tag","embeddable":true,"href":"https:\/\/moir.com.co\/web\/wp-json\/wp\/v2\/tags?post=13010"}],"curies":[{"name":"wp","href":"https:\/\/api.w.org\/{rel}","templated":true}]}}