{"id":13002,"date":"2017-07-31T17:30:30","date_gmt":"2017-07-31T17:30:30","guid":{"rendered":"https:\/\/moir.org.co\/web\/?p=13002"},"modified":"2017-07-31T17:30:30","modified_gmt":"2017-07-31T17:30:30","slug":"las-impagables","status":"publish","type":"post","link":"https:\/\/moir.com.co\/web\/las-impagables\/","title":{"rendered":"\u00a1Las impagables!"},"content":{"rendered":"<p><strong>Jos\u00e9 Rafael Espinel P\u00e1ez<em>,\u00a0<\/em>C\u00facuta, julio 31 de 2017<\/strong><\/p>\n<p>C\u00facuta, port\u00f3n de la frontera, donde nuestros antepasados nos dejaron como herencia ser amables, pero francos y trabajar honradamente para ganarnos nuestro sustento; nuestra ciudad estuvo entre las primeras que instalaron f\u00e1bricas en Colombia y desarroll\u00f3 un pujante comercio, en junio de 1896 fund\u00f3 la \u201cCompa\u00f1\u00eda de Alumbrado El\u00e9ctrico de C\u00facuta\u201d,\u00a0una de las primeras empresas de energ\u00eda el\u00e9ctrica del pa\u00eds.<\/p>\n<p>&nbsp;<\/p>\n<p>Ahora vemos una ciudad, sin el \u201c<em>doblemente glorioso C\u00facuta Deportivo<\/em>\u201d, adem\u00e1s postrada y angustiada, por las actuaciones de algunos personajes que han cambiado el noble ejercicio de la pol\u00edtica por la politiquer\u00eda. Entendida la primera como el ejercicio del poder al servicio del bienestar de la poblaci\u00f3n y la segunda como la actividad de poner todas las instituciones para usufructo personal y la de sus amigotes. Esta desfiguraci\u00f3n de la pol\u00edtica tiene como consecuencia el atraso econ\u00f3mico y el deterioro de la regi\u00f3n y el pa\u00eds.<\/p>\n<p>Con el visto bueno del gobierno nacional, \u201c<em>el 23 de julio de 2009, Empresas P\u00fablicas de Medell\u00edn ESP como accionista de EPM Inversiones, adquiri\u00f3 el 12,54% de las acciones de propiedad del Comit\u00e9 Departamental de Cafeteros, transacci\u00f3n con la cual el Grupo EPM pas\u00f3 a ser el mayor accionista con una participaci\u00f3n del 91,52%, convirtiendo a\u00a0CENS <\/em>(Centrales El\u00e9ctricas del Norte de Santander)<em>\u00a0en una filial del Grupo Empresarial\u201d, EPM (Ver m\u00e1s en):<\/em> <a href=\"http:\/\/bit.ly\/2tKPSy8\">http:\/\/bit.ly\/2tKPSy8<\/a>)<\/p>\n<p>&nbsp;<\/p>\n<p>Dicho negocio implic\u00f3, entre otras cosas, que el municipio de C\u00facuta dejara de recibir los recursos producidos por la CENS, necesarios para apalancar los proyectos que requiere el plan de desarrollo de nuestro municipio. Hoy d\u00eda nuestra ciudad ya no recibe esos dineros; la nueva empresa obligada por la CREG a cobrar como empresa privada, destina sus ganancias a su regi\u00f3n de origen. De lo anterior, se concluye que la venta de la CENS, como tambi\u00e9n TERMOTASAJERO, fue un error que debe castigarse pol\u00edticamente en las pr\u00f3ximas elecciones, no votando por \u201clos mismos con las mismas\u201d pues son unos politiqueros que pelechan de la corrupci\u00f3n y la inequidad.<\/p>\n<p>&nbsp;<\/p>\n<p>En tal sentido, debemos exigir al gobierno nacional, que autorice a la Comisi\u00f3n de Regulaci\u00f3n de Energ\u00eda y GAS \u2013CREG-, y a la CENS una rebaja sustancial de las tarifas, y que no cobren la m\u00e1xima tarifa autorizada. Los nortesantandereanos y en concreto los cucute\u00f1os no aguantamos m\u00e1s, la cr\u00edtica situaci\u00f3n econ\u00f3mica de nuestra ciudad fronteriza, reclama acciones inmediatas del gobierno nacional, que eviten la profundizaci\u00f3n de esta amarga situaci\u00f3n.<\/p>\n<p>&nbsp;<\/p>\n<p>Para lograr este objetivo vemos con buenos ojos la creaci\u00f3n del comit\u00e9 \u201cC\u00daCUTA Y N DE S. DESPIERTA\u201d que \u201c<em>Buscar\u00e1 la protecci\u00f3n de los usuarios de servicios p\u00fablicos y dem\u00e1s intereses personales y colectivos de la comunidad.\u201d<\/em> \u00c9sta asociaci\u00f3n ya hizo una protesta pac\u00edfica el 25 de junio en el parque Santander de C\u00facuta, contra las altas tarifas de la energ\u00eda el\u00e9ctrica, y se ha propuesto varias tareas de educaci\u00f3n, organizaci\u00f3n y movilizaci\u00f3n de la poblaci\u00f3n para unirla en torno a la exigencia de que la CENS cobre tarifas razonables de acuerdo a la situaci\u00f3n econ\u00f3mica de la regi\u00f3n.<\/p>\n<p>&nbsp;<\/p>\n<p>Como siguiente paso se ha propuesto la realizaci\u00f3n de un cabildo abierto, con el fin que autoridades y comunidad, discutamos la problem\u00e1tica que hoy nos aqueja, y encontremos alternativas que atiendan el leg\u00edtimo y sentido reclamo de los usuarios.<\/p>\n","protected":false},"excerpt":{"rendered":"<p>Jos\u00e9 Rafael Espinel P\u00e1ez,\u00a0C\u00facuta, julio 31 de 2017 C\u00facuta, port\u00f3n de la frontera, donde nuestros antepasados nos dejaron como herencia ser amables, pero francos y trabajar honradamente para ganarnos nuestro sustento; nuestra ciudad estuvo entre las primeras que instalaron f\u00e1bricas en Colombia y desarroll\u00f3 un pujante comercio, en junio de 1896 fund\u00f3 la \u201cCompa\u00f1\u00eda de [&hellip;]<\/p>\n","protected":false},"author":1,"featured_media":13003,"comment_status":"open","ping_status":"open","sticky":false,"template":"","format":"standard","meta":{"advanced_seo_description":"","jetpack_seo_html_title":"","jetpack_seo_noindex":false,"_jetpack_memberships_contains_paid_content":false,"footnotes":""},"categories":[102,97,98,108],"tags":[],"class_list":["post-13002","post","type-post","status-publish","format-standard","has-post-thumbnail","hentry","category-economia","category-imperialismo-y-neoliberalismo","category-politica","category-servicios-publicos-articulos-de-actualidad"],"jetpack_featured_media_url":"https:\/\/i0.wp.com\/moir.com.co\/web\/wp-content\/uploads\/2017\/07\/electricanortedesantander.jpeg?fit=276%2C183&ssl=1","jetpack-related-posts":[{"id":21092,"url":"https:\/\/moir.com.co\/web\/en-cucuta-primeros-contactos-hacia-frente-electoral-de-izquierda\/","url_meta":{"origin":13002,"position":0},"title":"En C\u00facuta: PRIMEROS CONTACTOS HACIA FRENTE ELECTORAL DE IZQUIERDA","author":"admin","date":"mayo 2, 2005","format":false,"excerpt":"(Mensaje dirigido por Rafael Espinel, secretario regional del MOIR en Norte de Santander, a Jes\u00fas A. Ram\u00f3n Melo, candidato al Concejo de C\u00facuta). En su carta, fecha el 22 de abril de 1997, me cuenta que \"nuevamente intento presentar mi nombre a consideraci\u00f3n para el Concejo de C\u00facuta\", y que\u2026","rel":"","context":"En \u00abTribuna Roja N\u00b0 72, Bogot\u00e1; mayo 20 de 1997\u00bb","block_context":{"text":"Tribuna Roja N\u00b0 72, Bogot\u00e1; mayo 20 de 1997","link":"https:\/\/moir.com.co\/web\/category\/tribuna-roja\/ediciones-1995-1999\/tribuna-roja-n-72-bogota-mayo-20-de-1997\/"},"img":{"alt_text":"","src":"","width":0,"height":0},"classes":[]},{"id":18595,"url":"https:\/\/moir.com.co\/web\/tras-de-cotudos-con-paperas\/","url_meta":{"origin":13002,"position":1},"title":"\u00bfTras de cotudos con paperas?","author":"admin","date":"abril 21, 2020","format":false,"excerpt":"Jos\u00e9 Rafael\u00a0 Espinel P\u00e1ez, C\u00facuta, abril 20 de 2020 Colombia, en particular en C\u00facuta N de S, \u00a0con Coronavirus y\u00a0 altas tarifas de Energ\u00eda el\u00e9ctrica. \u00a0 El presidente Iv\u00e1n Duque M\u00e1rquez, la Comisi\u00f3n de Regulaci\u00f3n de Energ\u00eda y Gas, CREG, la superintendencia de\u00a0 Servicios P\u00fablicos, definen y controlan las tarifas\u2026","rel":"","context":"En \u00abEconom\u00eda\u00bb","block_context":{"text":"Econom\u00eda","link":"https:\/\/moir.com.co\/web\/category\/temas\/economia\/"},"img":{"alt_text":"","src":"","width":0,"height":0},"classes":[]},{"id":14445,"url":"https:\/\/moir.com.co\/web\/cucuta-manejada-por-skype-transporte-publico-y-otros\/","url_meta":{"origin":13002,"position":2},"title":"C\u00facuta manejada por Skype. Transporte p\u00fablico y otros","author":"admin","date":"febrero 9, 2018","format":false,"excerpt":"Aurelio Su\u00e1rez Montoya, Bogot\u00e1, febrero 9 de 2018 En septiembre de 2017\u00a0circul\u00f3 entre la ciudadan\u00eda de C\u00facuta una carta abierta del concejal de dicha ciudad, Miguel \u00c1ngel Fl\u00f3rez D\u00e1vila, del partido de la U, encabezada con la etiqueta #YoSoyRamiroSuarez, quien afirma que \u201cal estrechar su mano y mirando fijamente a\u2026","rel":"","context":"En \u00abAurelio Su\u00e1rez Montoya\u00bb","block_context":{"text":"Aurelio Su\u00e1rez Montoya","link":"https:\/\/moir.com.co\/web\/category\/bitacoras\/aurelio-suarez-montoya\/"},"img":{"alt_text":"","src":"","width":0,"height":0},"classes":[]},{"id":3466,"url":"https:\/\/moir.com.co\/web\/carlos-gaviria-en-cucuta-y-riohacha\/","url_meta":{"origin":13002,"position":3},"title":"CARLOS GAVIRIA EN C\u00daCUTA Y RIOHACHA","author":"admin","date":"septiembre 1, 2009","format":false,"excerpt":"Carlos Gaviria D\u00edaz, precandidato del Polo Democr\u00e1tico, adelanta esta semana una intensa actividad en C\u00facuta y Riohacha. La siguiente es la agenda de la gira por el nororiente de Colombia: C\u00facuta, jueves 3 de septiembre 10 de la ma\u00f1ana, conferencia en la Universidad Francisco de Paula Santander, Avenida Gran Colombia\u2026","rel":"","context":"En \u00abPolo Democr\u00e1tico Alternativo\u00bb","block_context":{"text":"Polo Democr\u00e1tico Alternativo","link":"https:\/\/moir.com.co\/web\/category\/polo-democratico-alternativo\/"},"img":{"alt_text":"","src":"","width":0,"height":0},"classes":[]},{"id":18020,"url":"https:\/\/moir.com.co\/web\/problema-fronterizo\/","url_meta":{"origin":13002,"position":4},"title":"Problema fronterizo","author":"admin","date":"septiembre 6, 2019","format":false,"excerpt":"Jos\u00e9 Rafael Espinel P\u00e1ez, C\u00facuta, septiembre 5 de 2019 El sufrido pueblo venezolano est\u00e1 pasando por una lamentable situaci\u00f3n, producto de su conflicto pol\u00edtico interno y la guerra econ\u00f3mica azuzada desde el exterior. \u00a0 Ante esta situaci\u00f3n, el presidente de Colombia Iv\u00e1n Duque, en vez de atender los graves problemas\u2026","rel":"","context":"En \u00abEconom\u00eda\u00bb","block_context":{"text":"Econom\u00eda","link":"https:\/\/moir.com.co\/web\/category\/temas\/economia\/"},"img":{"alt_text":"","src":"","width":0,"height":0},"classes":[]},{"id":20502,"url":"https:\/\/moir.com.co\/web\/anapo-de-cucuta-expulsa-a-pernia\/","url_meta":{"origin":13002,"position":5},"title":"ANAPO DE C\u00daCUTA EXPULSA A PERN\u00cdA","author":"admin","date":"enero 23, 2005","format":false,"excerpt":"La Asamblea de Dirigentes de la Alianza Nacional Popular, Presidentes de Comandos en reuni\u00f3n extraordinaria efectuada el d\u00eda 25 de enero de 1980 en uso de las atribuciones que le confiere su Plataforma Ideol\u00f3gica aprobada en Villa de Leyva el 13 de junio de 1971. TENIENDO EN CUENTA QUE el\u2026","rel":"","context":"En \u00abTribuna Roja N\u00b0 36, Bogot\u00e1; febrero-marzo de 1980\u00bb","block_context":{"text":"Tribuna Roja N\u00b0 36, Bogot\u00e1; febrero-marzo de 1980","link":"https:\/\/moir.com.co\/web\/category\/tribuna-roja\/ediciones-1980-1984\/tribuna-roja-n-36-bogota-febrero-marzo-de-1980\/"},"img":{"alt_text":"","src":"","width":0,"height":0},"classes":[]}],"jetpack_sharing_enabled":true,"_links":{"self":[{"href":"https:\/\/moir.com.co\/web\/wp-json\/wp\/v2\/posts\/13002","targetHints":{"allow":["GET"]}}],"collection":[{"href":"https:\/\/moir.com.co\/web\/wp-json\/wp\/v2\/posts"}],"about":[{"href":"https:\/\/moir.com.co\/web\/wp-json\/wp\/v2\/types\/post"}],"author":[{"embeddable":true,"href":"https:\/\/moir.com.co\/web\/wp-json\/wp\/v2\/users\/1"}],"replies":[{"embeddable":true,"href":"https:\/\/moir.com.co\/web\/wp-json\/wp\/v2\/comments?post=13002"}],"version-history":[{"count":0,"href":"https:\/\/moir.com.co\/web\/wp-json\/wp\/v2\/posts\/13002\/revisions"}],"wp:featuredmedia":[{"embeddable":true,"href":"https:\/\/moir.com.co\/web\/wp-json\/wp\/v2\/media\/13003"}],"wp:attachment":[{"href":"https:\/\/moir.com.co\/web\/wp-json\/wp\/v2\/media?parent=13002"}],"wp:term":[{"taxonomy":"category","embeddable":true,"href":"https:\/\/moir.com.co\/web\/wp-json\/wp\/v2\/categories?post=13002"},{"taxonomy":"post_tag","embeddable":true,"href":"https:\/\/moir.com.co\/web\/wp-json\/wp\/v2\/tags?post=13002"}],"curies":[{"name":"wp","href":"https:\/\/api.w.org\/{rel}","templated":true}]}}