{"id":12999,"date":"2017-07-29T16:59:53","date_gmt":"2017-07-29T16:59:53","guid":{"rendered":"https:\/\/moir.org.co\/web\/?p=12999"},"modified":"2017-07-29T16:59:53","modified_gmt":"2017-07-29T16:59:53","slug":"y-los-responsables-politicos-en-odebrecht-y-el-fiscal-moreno","status":"publish","type":"post","link":"https:\/\/moir.com.co\/web\/y-los-responsables-politicos-en-odebrecht-y-el-fiscal-moreno\/","title":{"rendered":"\u00bfY los responsables pol\u00edticos en Odebrecht y el Fiscal Moreno?"},"content":{"rendered":"<p><strong>Jorge Enrique Robledo, Bogot\u00e1, julio 28 de 2017<\/strong><\/p>\n<p><span style=\"font-size: large;\">Va m\u00e1s de medio a\u00f1o desde que estallara el esc\u00e1ndalo de Odebrecht. Y mientras que en otros pa\u00edses ha hecho caer cabezas de la c\u00fapula, en Colombia no ha pasado nada m\u00e1s all\u00e1 de alg\u00fan ruido sobre algunos actores secundarios y el convencimiento nacional de que vamos hacia otra escandalosa impunidad. A pesar de que se pagaron sobornos por millones de d\u00f3lares para contratos corruptos y hay acusaciones sobre fuertes sumas a las candidaturas que se disputaron la Presidencia en 2014.<\/span><\/p>\n<p><span style=\"font-size: large;\">Si en lo legal son pocos los avances, hay impunidad total en cuanto a las responsabilidades pol\u00edticas de los involucrados: un par de noticias que sirven m\u00e1s para cubrir las apariencias que para ir al fondo del asunto, y pare de contar, al igual que el silencio de los partidos de los funcionarios involucrados. Impunidad total, a pesar de que Juan Manuel Santos confes\u00f3 con un \u201cme acabo de enterar\u201d que entr\u00f3 plata de Odebrecht a su campa\u00f1a de 2010 y que las pruebas se\u00f1alan que lo mismo sucedi\u00f3 en 2014. Y parecido ocurre con el tambi\u00e9n acusado \u00d3scar Iv\u00e1n Zuluaga, casos los dos en los que ni se mencionan los nombres de sus vicepresidentes y actuales aspirantes a la Presidencia, como si no se hubieran beneficiado con la misma plata y los mismos votos.<\/span><\/p>\n<p><span style=\"font-size: large;\">Se sabe tambi\u00e9n que la parsimonia del Consejo Nacional Electoral para investigar y sancionar a los partidos que avalaron estas candidaturas obedece a que el 80 por ciento de sus miembros pertenece a la Unidad Nacional y el Centro Democr\u00e1tico. Y se mantiene oculto que la Procuradur\u00eda tiene frenado el acuerdo del gobierno con Odebrecht y el Grupo Aval para darles 700 mil millones de pesos como parte del acuerdo de impunidad que pactaron.<\/span><\/p>\n<p><span style=\"font-size: large;\">De otro lado, la Contralor\u00eda confirm\u00f3 mis acusaciones y las de Jos\u00e9 Roberto Acosta sobre el pr\u00e9stamo del Banco Agrario a Navelena (Odebrecht). Se\u00f1al\u00f3 que est\u00e1n perdidos 135 mil millones de pesos, que la junta directiva del banco aprob\u00f3 el pr\u00e9stamo violando las normas y que 50 mil millones de esa plata se contrataron para \u201ccancelar un pr\u00e9stamo de Navelena con el Banco de Occidente, cuyo \u00fanico prop\u00f3sito fue reducir la exposici\u00f3n de este \u00faltimo con el Grupo Odebrecht\u201d (<a href=\"http:\/\/www.contraloria.gov.co\/contraloria\/sala-de-prensa\/boletines-de-prensa\/-\/asset_publisher\/Jl4Sa8JTmjbW\/content\/establecio-la-contraloria-credito-del-banco-agrario-a-navelena-ha-causado-detrimento-patrimonial-de-135-805-millones\">enlace 1<\/a>). Tampoco se responde por estos hechos en un banco politizado por completo, incluido el silencio de los ministros de Hacienda y Agricultura, miembros de su junta directiva y del conservatismo y la U.<\/span><\/p>\n<p><span style=\"font-size: large;\">C\u00f3mo fue de notorio adem\u00e1s el manto de silencio y falsedades con el que los amigos del Fiscal Mart\u00ednez cubrieron el retiro de su denuncia penal por injuria y calumnia contra este senador y que, gozando de una ampl\u00edsima alcahueter\u00eda, se hubiera atrevido a violar el art\u00edculo 185 de la Constituci\u00f3n, que protege a los congresistas por sus opiniones en el ejercicio del control pol\u00edtico. Tambi\u00e9n va camino de la impunidad pol\u00edtica que el Fiscal Anticorrupci\u00f3n corrupto hubiera sido nombrado como parte de una operaci\u00f3n clientelista de Cambio Radical, el partido de sus afectos y de los de N\u00e9stor Humberto Mart\u00ednez Neira.<\/span><\/p>\n<p><span style=\"font-size: large;\">En los pa\u00edses que no operan tan mal como Colombia, los altos funcionarios y sus partidos responden pol\u00edticamente por sus malas determinaciones, incluido tener que renunciar a sus cargos (<a href=\"http:\/\/jorgerobledo.com\/wp-content\/uploads\/2017\/07\/ALGUNOS-CASOS-DE-RESPONSABILIDAD-POL%C3%8DTICA-JUL.09.17.pdf\" target=\"_blank\" rel=\"noopener\">enlace 2<\/a>). En Colombia, y ello cuenta en por qu\u00e9 es uno de los pa\u00edses m\u00e1s corruptos del mundo, gobernantes, jefes pol\u00edticos y partidos tradicionales no tienen que responder por los actos ilegales o vergonzosos y sus filiaciones pol\u00edticas ni siquiera se mencionan cuando son acusados.<\/span><\/p>\n<p><span style=\"font-size: large;\">De lo peor de esta lamentable realidad, heredera de la manguala del Frente Nacional, es que a ella han acostumbrado a mucha gente buena de Colombia, que refunfu\u00f1a contra sus actos y al final los tolera y respalda con sus votos. Pero tanto va el c\u00e1ntaro a la fuente que al fin se rompe. Parece estarse acercando uno de esos momentos claves en los que los pa\u00edses corrigen el rumbo, dada la amplia indignaci\u00f3n contra las tantas maneras perniciosas con las que los mismos se han mantenido por d\u00e9cadas en el poder, impidiendo el verdadero progreso de Colombia.<\/span><\/p>\n","protected":false},"excerpt":{"rendered":"<p>Jorge Enrique Robledo, Bogot\u00e1, julio 28 de 2017 Va m\u00e1s de medio a\u00f1o desde que estallara el esc\u00e1ndalo de Odebrecht. Y mientras que en otros pa\u00edses ha hecho caer cabezas de la c\u00fapula, en Colombia no ha pasado nada m\u00e1s all\u00e1 de alg\u00fan ruido sobre algunos actores secundarios y el convencimiento nacional de que vamos [&hellip;]<\/p>\n","protected":false},"author":1,"featured_media":0,"comment_status":"open","ping_status":"open","sticky":false,"template":"","format":"standard","meta":{"advanced_seo_description":"","jetpack_seo_html_title":"","jetpack_seo_noindex":false,"_jetpack_memberships_contains_paid_content":false,"footnotes":""},"categories":[102,97,4,98],"tags":[],"class_list":["post-12999","post","type-post","status-publish","format-standard","hentry","category-economia","category-imperialismo-y-neoliberalismo","category-jorge-enrique-robledo","category-politica"],"jetpack_featured_media_url":"","jetpack-related-posts":[{"id":15349,"url":"https:\/\/moir.com.co\/web\/odebrecht-grupo-aval-le-estan-reclamando-al-pais-3-6-billones-de-pesos-en-medio-de-un-pacto-de-impunidad-robledo\/","url_meta":{"origin":12999,"position":0},"title":"\u201cOdebrecht-Grupo Aval le est\u00e1n reclamando al pa\u00eds 3.6 billones de pesos en medio de un pacto de impunidad\u201d: Robledo","author":"admin","date":"junio 28, 2018","format":false,"excerpt":"Oficina de prensa del senador Jorge Enrique Robledo, Bogot\u00e1, junio 27 de 2018 Mientras Procuradur\u00eda llama a juicio a ex ministras Parody y \u00c1lvarez, Fiscal\u00eda las absuelve. Robledo y Acosta pedir\u00e1n la reapertura de las investigaciones. Prieto fue imputado por delitos que no tienen que ver con Odebrecht. Sigue pacto\u2026","rel":"","context":"En \u00abEconom\u00eda\u00bb","block_context":{"text":"Econom\u00eda","link":"https:\/\/moir.com.co\/web\/category\/temas\/economia\/"},"img":{"alt_text":"","src":"https:\/\/i0.wp.com\/moir.com.co\/web\/wp-content\/uploads\/2018\/06\/robledoacostaruedadeprensa270618.png?fit=592%2C444&ssl=1&resize=350%2C200","width":350,"height":200,"srcset":"https:\/\/i0.wp.com\/moir.com.co\/web\/wp-content\/uploads\/2018\/06\/robledoacostaruedadeprensa270618.png?fit=592%2C444&ssl=1&resize=350%2C200 1x, https:\/\/i0.wp.com\/moir.com.co\/web\/wp-content\/uploads\/2018\/06\/robledoacostaruedadeprensa270618.png?fit=592%2C444&ssl=1&resize=525%2C300 1.5x"},"classes":[]},{"id":15345,"url":"https:\/\/moir.com.co\/web\/video-rueda-de-prensa-rueda-de-prensa-del-senador-jorge-enrique-robledo-y-jose-roberto-acosta-de-justicia-tributaria-asi-avanza-la-impunidad-en-la-corrupcion-de-odebrecht\/","url_meta":{"origin":12999,"position":1},"title":"Video: Rueda de prensa del senador Jorge Enrique Robledo y Jos\u00e9 Roberto Acosta, de Justicia Tributaria: As\u00ed avanza la impunidad en la corrupci\u00f3n de Odebrecht","author":"admin","date":"junio 27, 2018","format":"video","excerpt":"Rueda de prensa: Senador Jorge Enrique Robledo y Jos\u00e9 Roberto Acosta, Justicia Tributaria, 27 de junio de 2018, Comisi\u00f3n Quinta de Senado.","rel":"","context":"En \u00abEconom\u00eda\u00bb","block_context":{"text":"Econom\u00eda","link":"https:\/\/moir.com.co\/web\/category\/temas\/economia\/"},"img":{"alt_text":"","src":"","width":0,"height":0},"classes":[]},{"id":13276,"url":"https:\/\/moir.com.co\/web\/derrotemos-el-pacto-de-la-impunidad\/","url_meta":{"origin":12999,"position":2},"title":"Derrotemos el pacto de la impunidad","author":"admin","date":"septiembre 8, 2017","format":false,"excerpt":"Jorge Enrique Robledo, Bogot\u00e1, septiembre 8 de 2017 Se necesit\u00f3 de otra denuncia de la justicia norteamericana, como la que desenmascar\u00f3 al Fiscal Anticorrupci\u00f3n corrupto Luis Gustavo Moreno, para que en Colombia se supiera de las componendas de este con dos expresidentes de la Corte Suprema de Justicia, con quienes,\u2026","rel":"","context":"En \u00abEconom\u00eda\u00bb","block_context":{"text":"Econom\u00eda","link":"https:\/\/moir.com.co\/web\/category\/temas\/economia\/"},"img":{"alt_text":"","src":"https:\/\/i0.wp.com\/moir.com.co\/web\/wp-content\/uploads\/2017\/08\/robledoaftosa.jpg?fit=768%2C403&ssl=1&resize=350%2C200","width":350,"height":200,"srcset":"https:\/\/i0.wp.com\/moir.com.co\/web\/wp-content\/uploads\/2017\/08\/robledoaftosa.jpg?fit=768%2C403&ssl=1&resize=350%2C200 1x, https:\/\/i0.wp.com\/moir.com.co\/web\/wp-content\/uploads\/2017\/08\/robledoaftosa.jpg?fit=768%2C403&ssl=1&resize=525%2C300 1.5x, https:\/\/i0.wp.com\/moir.com.co\/web\/wp-content\/uploads\/2017\/08\/robledoaftosa.jpg?fit=768%2C403&ssl=1&resize=700%2C400 2x"},"classes":[]},{"id":14161,"url":"https:\/\/moir.com.co\/web\/los-hechos-confirman-nuestra-peor-preocupacion-sobre-navelena-odebrecht-y-banco-agrario-robledo\/","url_meta":{"origin":12999,"position":3},"title":"Los hechos confirman nuestra peor preocupaci\u00f3n sobre Navelena Odebrecht y Banco Agrario: Robledo","author":"admin","date":"diciembre 22, 2017","format":false,"excerpt":"Oficina de prensa del senador Jorge Enrique Robledo, Bogot\u00e1, diciembre 21 de 2017 Contralor\u00eda General denuncia que CorMagdalena le pag\u00f3 a Navelena\u00a0Odebrecht $253.000 millones sin sustentos\u00a0aceptables. Con esa plata le pag\u00f3 Navelena Odebrecht los $156.000 millones al Banco Agrario \u201cEstamos ante la c\u00faspide la corrupci\u00f3n nacional. Es inaceptable que el\u2026","rel":"","context":"En \u00abEconom\u00eda\u00bb","block_context":{"text":"Econom\u00eda","link":"https:\/\/moir.com.co\/web\/category\/temas\/economia\/"},"img":{"alt_text":"","src":"https:\/\/i0.wp.com\/moir.com.co\/web\/wp-content\/uploads\/2017\/12\/bancoagrarioodebrecht.jpg?fit=768%2C407&ssl=1&resize=350%2C200","width":350,"height":200,"srcset":"https:\/\/i0.wp.com\/moir.com.co\/web\/wp-content\/uploads\/2017\/12\/bancoagrarioodebrecht.jpg?fit=768%2C407&ssl=1&resize=350%2C200 1x, https:\/\/i0.wp.com\/moir.com.co\/web\/wp-content\/uploads\/2017\/12\/bancoagrarioodebrecht.jpg?fit=768%2C407&ssl=1&resize=525%2C300 1.5x, https:\/\/i0.wp.com\/moir.com.co\/web\/wp-content\/uploads\/2017\/12\/bancoagrarioodebrecht.jpg?fit=768%2C407&ssl=1&resize=700%2C400 2x"},"classes":[]},{"id":13427,"url":"https:\/\/moir.com.co\/web\/gran-debate-la-corrupcion-en-el-poder-martes-3-de-octubre-5-pm-por-tv\/","url_meta":{"origin":12999,"position":4},"title":"Gran debate La corrupci\u00f3n en el poder \u2013 MARTES 3 DE OCTUBRE, 5 PM POR TV","author":"admin","date":"octubre 3, 2017","format":false,"excerpt":"Oficina de prensa del senador Jorge Enrique Robledo, Bogot\u00e1, octubre 2 de 2017 Los casos de Odebrecht, fiscal anticorrupci\u00f3n corrupto y los sobornos desde la Corte Suprema de Justicia en debate citado por el senador Jorge Enrique Robledo y la senadora Claudia L\u00f3pez el martes 3 de octubre desde las\u2026","rel":"","context":"En \u00abImperialismo y Neoliberalismo\u00bb","block_context":{"text":"Imperialismo y Neoliberalismo","link":"https:\/\/moir.com.co\/web\/category\/temas\/imperialismo-y-neoliberalismo\/"},"img":{"alt_text":"","src":"https:\/\/i0.wp.com\/moir.com.co\/web\/wp-content\/uploads\/2017\/08\/robledoaftosa.jpg?fit=768%2C403&ssl=1&resize=350%2C200","width":350,"height":200,"srcset":"https:\/\/i0.wp.com\/moir.com.co\/web\/wp-content\/uploads\/2017\/08\/robledoaftosa.jpg?fit=768%2C403&ssl=1&resize=350%2C200 1x, https:\/\/i0.wp.com\/moir.com.co\/web\/wp-content\/uploads\/2017\/08\/robledoaftosa.jpg?fit=768%2C403&ssl=1&resize=525%2C300 1.5x, https:\/\/i0.wp.com\/moir.com.co\/web\/wp-content\/uploads\/2017\/08\/robledoaftosa.jpg?fit=768%2C403&ssl=1&resize=700%2C400 2x"},"classes":[]},{"id":12232,"url":"https:\/\/moir.com.co\/web\/verdadtotalodebrecht\/","url_meta":{"origin":12999,"position":5},"title":"#verdadtotalodebrecht","author":"admin","date":"mayo 2, 2017","format":false,"excerpt":"Jos\u00e9 Arlex Arias, La Verdad, Cartagena, mayo 2 de 2017 Los colombianos se acostumbraron a todo, especialmente a lo malo. La capacidad de asombro se acab\u00f3; cada vez suceden m\u00e1s cosas, desde las m\u00e1s tenebrosas, hasta las m\u00e1s brillantes. Pero ya muchos reconocen que la mayor\u00eda de la dirigencia ha\u2026","rel":"","context":"En \u00abEconom\u00eda\u00bb","block_context":{"text":"Econom\u00eda","link":"https:\/\/moir.com.co\/web\/category\/temas\/economia\/"},"img":{"alt_text":"","src":"https:\/\/i0.wp.com\/moir.com.co\/web\/wp-content\/uploads\/2017\/02\/odebrechtsantos.jpg?fit=650%2C466&ssl=1&resize=350%2C200","width":350,"height":200,"srcset":"https:\/\/i0.wp.com\/moir.com.co\/web\/wp-content\/uploads\/2017\/02\/odebrechtsantos.jpg?fit=650%2C466&ssl=1&resize=350%2C200 1x, https:\/\/i0.wp.com\/moir.com.co\/web\/wp-content\/uploads\/2017\/02\/odebrechtsantos.jpg?fit=650%2C466&ssl=1&resize=525%2C300 1.5x"},"classes":[]}],"jetpack_sharing_enabled":true,"_links":{"self":[{"href":"https:\/\/moir.com.co\/web\/wp-json\/wp\/v2\/posts\/12999","targetHints":{"allow":["GET"]}}],"collection":[{"href":"https:\/\/moir.com.co\/web\/wp-json\/wp\/v2\/posts"}],"about":[{"href":"https:\/\/moir.com.co\/web\/wp-json\/wp\/v2\/types\/post"}],"author":[{"embeddable":true,"href":"https:\/\/moir.com.co\/web\/wp-json\/wp\/v2\/users\/1"}],"replies":[{"embeddable":true,"href":"https:\/\/moir.com.co\/web\/wp-json\/wp\/v2\/comments?post=12999"}],"version-history":[{"count":0,"href":"https:\/\/moir.com.co\/web\/wp-json\/wp\/v2\/posts\/12999\/revisions"}],"wp:attachment":[{"href":"https:\/\/moir.com.co\/web\/wp-json\/wp\/v2\/media?parent=12999"}],"wp:term":[{"taxonomy":"category","embeddable":true,"href":"https:\/\/moir.com.co\/web\/wp-json\/wp\/v2\/categories?post=12999"},{"taxonomy":"post_tag","embeddable":true,"href":"https:\/\/moir.com.co\/web\/wp-json\/wp\/v2\/tags?post=12999"}],"curies":[{"name":"wp","href":"https:\/\/api.w.org\/{rel}","templated":true}]}}