{"id":12995,"date":"2017-07-27T17:50:59","date_gmt":"2017-07-27T17:50:59","guid":{"rendered":"https:\/\/moir.org.co\/web\/?p=12995"},"modified":"2017-07-27T17:50:59","modified_gmt":"2017-07-27T17:50:59","slug":"reunion-de-indignados-con-electricaribe-y-vocales-de-control","status":"publish","type":"post","link":"https:\/\/moir.com.co\/web\/reunion-de-indignados-con-electricaribe-y-vocales-de-control\/","title":{"rendered":"Reuni\u00f3n de Indignados con Electricaribe y Vocales de Control"},"content":{"rendered":"<p><strong>Barranquilla, julio 27 de 2017<\/strong><\/p>\n<p>Frente a las delicadas circunstancias alrededor de la prestaci\u00f3n del servicio el\u00e9ctrico en la Costa Atl\u00e1ntica por parte de Electricaribe S.A., empresa intervenida con fines de liquidaci\u00f3n por la Superservicios, l\u00edderes del movimiento de Indignados con Electricaribe, Vocales de Control, asociaciones de usuarios de servicios p\u00fablicos convocaron una reuni\u00f3n para el martes primero de agosto en Barranquilla para analizar la situaci\u00f3n en su conjunto y llevar las conclusiones a la presentaci\u00f3n del Plan de Choque Caribe que la Superintendencia de Servicios P\u00fablicos el mi\u00e9rcoles 2 de agosto en el Hotel NH Collection ubicado en la calle 80 N\u00b0 51B-25.<\/p>\n<p>M\u00e1s de ocho meses despu\u00e9s de la intervenci\u00f3n de Electricaribe no ha habido mejoras en la calidad del servicio, incluso el \u00faltimo informe del agente especial Javier Lastra del periodo mayo-junio 2017 muestra un aumento en las p\u00e9rdidas t\u00e9cnicas de la empresa, ya que no se han aprobado y menos realizado las cuantiosas inversiones en infraestructura. Adem\u00e1s se han conocido dos hechos de suma gravedad, uno de los cuales es que el gobierno le entreg\u00f3 la decisi\u00f3n sobre el futuro del servicio el\u00e9ctrico de la Regi\u00f3n Caribe al sector financiero internacional a trav\u00e9s del Banco Mundial, la Corporaci\u00f3n Andina de Fomento y el banco Sumitomo de Jap\u00f3n que controlan la Financiera de Desarrollo Nacional (FDN), por encima de los mandatarios gubernamentales, los usuarios residenciales y del sector productivo, diputados, concejales y dem\u00e1s fuerzas vivas de la Costa.<\/p>\n<p>El otro factor detonante fue la entrega de la investigaci\u00f3n de la Procuradur\u00eda General de la Naci\u00f3n que demuestra que la trasnacional Gas Natural Fenosa, accionista mayoritaria de Electricaribe S.A., realiz\u00f3 un gran desfalco entre los a\u00f1os 2015 y 2016 por el orden de los 78.500 millones de pesos destinados para el pago del subsidio del FOES a 600.000 usuarios de los sectores sociales m\u00e1s deprimidos de la regi\u00f3n y que los birl\u00f3 utilizando un concepto llamado \u201cconsumo distribuido comunitario\u201d relacionado con p\u00e9rdidas de energ\u00eda y que seg\u00fan el organismo de control no puede ser cobrado porque no existe en la ley y que el FOES ($46 por kilovatio) es para descontarlo del consumo de los usuarios. Preocupa el hecho que la actual administraci\u00f3n de la empresa a cargo de la Superservicios pueda estar, presuntamente, cayendo en la misma conducta que ri\u00f1e con el C\u00f3digo Penal.<\/p>\n<p>La reuni\u00f3n de los l\u00edderes de los usuarios, Indignados, Vocales de Control, dirigentes comunales se realizar\u00e1 este martes primero de agosto a las nueve de la ma\u00f1ana en la calle 42 N\u00b0 43-146, primer piso en la sede del Frente Amplio C\u00edvico por el Rescate de Barranquilla.<\/p>\n<p>Convocan: Vocales de Control, Indignados con Electricaribe, juntas comunales Atl\u00e1ntico<\/p>\n","protected":false},"excerpt":{"rendered":"<p>Barranquilla, julio 27 de 2017 Frente a las delicadas circunstancias alrededor de la prestaci\u00f3n del servicio el\u00e9ctrico en la Costa Atl\u00e1ntica por parte de Electricaribe S.A., empresa intervenida con fines de liquidaci\u00f3n por la Superservicios, l\u00edderes del movimiento de Indignados con Electricaribe, Vocales de Control, asociaciones de usuarios de servicios p\u00fablicos convocaron una reuni\u00f3n para [&hellip;]<\/p>\n","protected":false},"author":1,"featured_media":12940,"comment_status":"open","ping_status":"open","sticky":false,"template":"","format":"standard","meta":{"advanced_seo_description":"","jetpack_seo_html_title":"","jetpack_seo_noindex":false,"_jetpack_memberships_contains_paid_content":false,"footnotes":""},"categories":[102,97,108],"tags":[],"class_list":["post-12995","post","type-post","status-publish","format-standard","has-post-thumbnail","hentry","category-economia","category-imperialismo-y-neoliberalismo","category-servicios-publicos-articulos-de-actualidad"],"jetpack_featured_media_url":"https:\/\/i0.wp.com\/moir.com.co\/web\/wp-content\/uploads\/2017\/07\/electricaribe5.jpg?fit=599%2C353&ssl=1","jetpack-related-posts":[{"id":13027,"url":"https:\/\/moir.com.co\/web\/gas-natural-fenosa-no-puede-regresar-a-la-costa-atlantica\/","url_meta":{"origin":12995,"position":0},"title":"Gas Natural Fenosa no puede regresar a la Costa Atl\u00e1ntica","author":"admin","date":"agosto 3, 2017","format":false,"excerpt":"Barranquilla, agosto 2 de 2017 Declaraci\u00f3n de Vocales de Control, Indignados y comunales de la Costa sobre intervenci\u00f3n y fraudes de Electricaribe le\u00edda por Norman Alarc\u00f3n ante el Superintendente de Servicios P\u00fablicos, los gobernadores de Atl\u00e1ntico y Bol\u00edvar, sectores gremiales, vocales de control, indignados en Barranquilla el 2 de agosto\u2026","rel":"","context":"En \u00abEconom\u00eda\u00bb","block_context":{"text":"Econom\u00eda","link":"https:\/\/moir.com.co\/web\/category\/temas\/economia\/"},"img":{"alt_text":"","src":"https:\/\/i0.wp.com\/moir.com.co\/web\/wp-content\/uploads\/2017\/08\/Electricaribevocales.jpg?fit=770%2C432&ssl=1&resize=350%2C200","width":350,"height":200,"srcset":"https:\/\/i0.wp.com\/moir.com.co\/web\/wp-content\/uploads\/2017\/08\/Electricaribevocales.jpg?fit=770%2C432&ssl=1&resize=350%2C200 1x, https:\/\/i0.wp.com\/moir.com.co\/web\/wp-content\/uploads\/2017\/08\/Electricaribevocales.jpg?fit=770%2C432&ssl=1&resize=525%2C300 1.5x, https:\/\/i0.wp.com\/moir.com.co\/web\/wp-content\/uploads\/2017\/08\/Electricaribevocales.jpg?fit=770%2C432&ssl=1&resize=700%2C400 2x"},"classes":[]},{"id":8728,"url":"https:\/\/moir.com.co\/web\/planton-contra-electricaribe-en-barranquilla-entregan-carta-a-ministro-de-minas-y-gobernador-del-atlantico\/","url_meta":{"origin":12995,"position":1},"title":"Plant\u00f3n contra Electricaribe en Barranquilla. Entregan carta a ministro de Minas y gobernador del Atl\u00e1ntico","author":"admin","date":"septiembre 18, 2014","format":false,"excerpt":"El mi\u00e9rcoles 17 de septiembre en horas de la ma\u00f1ana cerca de un centenar de usuarios de Electricaribe realizaron un plant\u00f3n frente a la gobernaci\u00f3n del Atl\u00e1ntico en Barranquilla para rechazar el p\u00e9simo servicio de la trasnacional Gas Natural Fenosa que controla la distribuci\u00f3n y comercializaci\u00f3n de la energ\u00eda el\u00e9ctrica\u2026","rel":"","context":"En \u00abPronunciamientos de Organizaciones Sociales\u00bb","block_context":{"text":"Pronunciamientos de Organizaciones Sociales","link":"https:\/\/moir.com.co\/web\/category\/pronunciamientos-de-organizaciones-sociales\/"},"img":{"alt_text":"","src":"","width":0,"height":0},"classes":[]},{"id":11211,"url":"https:\/\/moir.com.co\/web\/encuentro-regional-de-la-costa-sobre-liquidacion-de-electricaribe-sabado-tres-de-diciembre-a-las-900-am\/","url_meta":{"origin":12995,"position":2},"title":"Encuentro Regional de la Costa sobre liquidaci\u00f3n de Electricaribe: s\u00e1bado tres de diciembre a las 9:00 am","author":"admin","date":"noviembre 30, 2016","format":false,"excerpt":"Barranquilla, noviembre 30 de 2016 Despu\u00e9s de dieciocho a\u00f1os de tener el control de la distribuci\u00f3n y comercializaci\u00f3n de la energ\u00eda el\u00e9ctrica en la Costa Atl\u00e1ntica, la trasnacional Gas Natural Fenosa sufri\u00f3 un duro rev\u00e9s al ser intervenida la empresa Electricaribe por la Superintendencia de Servicios P\u00fablicos Domiciliarios. Durante m\u00e1s\u2026","rel":"","context":"En \u00abEconom\u00eda\u00bb","block_context":{"text":"Econom\u00eda","link":"https:\/\/moir.com.co\/web\/category\/temas\/economia\/"},"img":{"alt_text":"","src":"","width":0,"height":0},"classes":[]},{"id":7817,"url":"https:\/\/moir.com.co\/web\/indignados-con-electricaribe-en-toma-de-barranquilla\/","url_meta":{"origin":12995,"position":3},"title":"Indignados con Electricaribe en toma de Barranquilla","author":"admin","date":"agosto 12, 2013","format":false,"excerpt":"El s\u00e1bado 10 de agosto se desarroll\u00f3 exitosamente en Barranquilla la reuni\u00f3n y taller convocadas por el Movimiento Indignados con Electricaribe, con la participaci\u00f3n de delegados de los departamentos de la Costa Atl\u00e1ntica, como tambi\u00e9n de los municipios de Soledad, Malambo y Santo Tom\u00e1s del departamento del Atl\u00e1ntico. En el\u2026","rel":"","context":"En \u00abPronunciamientos de Organizaciones Sociales\u00bb","block_context":{"text":"Pronunciamientos de Organizaciones Sociales","link":"https:\/\/moir.com.co\/web\/category\/pronunciamientos-de-organizaciones-sociales\/"},"img":{"alt_text":"","src":"","width":0,"height":0},"classes":[]},{"id":7477,"url":"https:\/\/moir.com.co\/web\/enfrentemos-el-corte-del-servicio-a-los-usuarios-de-energia-social-que-promueve-electricaribe\/","url_meta":{"origin":12995,"position":4},"title":"Enfrentemos el corte del servicio a los Usuarios de Energ\u00eda Social que promueve Electricaribe","author":"admin","date":"abril 18, 2013","format":false,"excerpt":"El lunes 1 de abril de 2013 en un debate en el Concejo Distrital de Cartagena sobre la problem\u00e1tica de Electricaribe, Fanny Guerrero, gerente de la empresa, amenaz\u00f3 con cortar el servicio de energ\u00eda a partir del mes de mayo a todos los barrios \u201csubnormales\u201d -donde opera la llamada energ\u00eda\u2026","rel":"","context":"En \u00abPronunciamientos de Organizaciones Sociales\u00bb","block_context":{"text":"Pronunciamientos de Organizaciones Sociales","link":"https:\/\/moir.com.co\/web\/category\/pronunciamientos-de-organizaciones-sociales\/"},"img":{"alt_text":"","src":"","width":0,"height":0},"classes":[]},{"id":11896,"url":"https:\/\/moir.com.co\/web\/no-mas-gas-natural-fenosa-electricaribe-en-la-costa\/","url_meta":{"origin":12995,"position":5},"title":"No m\u00e1s Gas Natural Fenosa-Electricaribe en la Costa","author":"admin","date":"marzo 14, 2017","format":false,"excerpt":"Barranquilla, marzo 13 de 2017 No hay plazo que no se cumpla ni fecha que no llegue. Despu\u00e9s de cuatro meses de haber sido intervenida Electricaribe por la Superservicios por razones de mucho peso: haber entrado en cesaci\u00f3n de pagos a los generadores de energ\u00eda y la imposibilidad de prestar\u2026","rel":"","context":"En \u00abEconom\u00eda\u00bb","block_context":{"text":"Econom\u00eda","link":"https:\/\/moir.com.co\/web\/category\/temas\/economia\/"},"img":{"alt_text":"","src":"","width":0,"height":0},"classes":[]}],"jetpack_sharing_enabled":true,"_links":{"self":[{"href":"https:\/\/moir.com.co\/web\/wp-json\/wp\/v2\/posts\/12995","targetHints":{"allow":["GET"]}}],"collection":[{"href":"https:\/\/moir.com.co\/web\/wp-json\/wp\/v2\/posts"}],"about":[{"href":"https:\/\/moir.com.co\/web\/wp-json\/wp\/v2\/types\/post"}],"author":[{"embeddable":true,"href":"https:\/\/moir.com.co\/web\/wp-json\/wp\/v2\/users\/1"}],"replies":[{"embeddable":true,"href":"https:\/\/moir.com.co\/web\/wp-json\/wp\/v2\/comments?post=12995"}],"version-history":[{"count":0,"href":"https:\/\/moir.com.co\/web\/wp-json\/wp\/v2\/posts\/12995\/revisions"}],"wp:featuredmedia":[{"embeddable":true,"href":"https:\/\/moir.com.co\/web\/wp-json\/wp\/v2\/media\/12940"}],"wp:attachment":[{"href":"https:\/\/moir.com.co\/web\/wp-json\/wp\/v2\/media?parent=12995"}],"wp:term":[{"taxonomy":"category","embeddable":true,"href":"https:\/\/moir.com.co\/web\/wp-json\/wp\/v2\/categories?post=12995"},{"taxonomy":"post_tag","embeddable":true,"href":"https:\/\/moir.com.co\/web\/wp-json\/wp\/v2\/tags?post=12995"}],"curies":[{"name":"wp","href":"https:\/\/api.w.org\/{rel}","templated":true}]}}