{"id":12989,"date":"2017-07-26T20:44:00","date_gmt":"2017-07-26T20:44:00","guid":{"rendered":"https:\/\/moir.org.co\/web\/?p=12989"},"modified":"2017-07-26T20:44:00","modified_gmt":"2017-07-26T20:44:00","slug":"bogota-peor-para-todos","status":"publish","type":"post","link":"https:\/\/moir.com.co\/web\/bogota-peor-para-todos\/","title":{"rendered":"&#8216;Bogot\u00e1, peor para todos&#8217;"},"content":{"rendered":"<p><strong>Aurelio Su\u00e1rez Montoya,\u00a0http:\/\/www.diarioadn.co\/, julio 26 de 2017<\/strong><\/p>\n<p>Con los resultados del Informe de Calidad de Vida, de Bogot\u00e1 c\u00f3mo vamos -a\u00f1o 2016, confirm\u00e9 que la revocatoria promovida en Bogot\u00e1 contra Enrique Pe\u00f1alosa, y que el Consejo Nacional Electoral quiere enredar, obedece no a que el Alcalde no haya podido mejorar lo heredado, sino que lo ha empeorado.<\/p>\n<p>En educaci\u00f3n declin\u00f3 la cobertura escolar, que baj\u00f3 m\u00e1s de 4% y, aunque se atribuye a un cambio de metodolog\u00eda, la matr\u00edcula en el sector oficial se redujo en 50 mil estudiantes. Paralelo con esto, anda subiendo, para todos los niveles, la tasa de deserci\u00f3n escolar. Correlacionado con el incremento de la criminalidad entre j\u00f3venes el asunto se torna de gran preocupaci\u00f3n.<\/p>\n<p>Ha subido el n\u00famero de ni\u00f1os menores de 5 a\u00f1os muertos por cada mil, creciendo los de Infecci\u00f3n Respiratoria Aguda. Tambi\u00e9n el 17,5% de ellos tiene prevalencia de desnutrici\u00f3n cr\u00f3nica y, en materia de salud sexual, crecen tanto los casos de s\u00edfilis como los de incidencia de notificaci\u00f3n de VIH\/SIDA, que llega a 34,8 por cada 100 mil habitantes, el doble de hace 5 a\u00f1os.<\/p>\n<p>Bogot\u00e1 ya no es metr\u00f3polis de oportunidades. El tiempo para recuperar el empleo perdido creci\u00f3 hasta por 20 semanas, y el desempleo, del 9,3%, est\u00e1 por encima del nacional y en j\u00f3venes supera el 15%.<\/p>\n<p>En seguridad s\u00f3lo el 19% se siente seguro en la ciudad y el 40% ha sido v\u00edctima de un delito, crece la violencia sexual, la intrafamiliar y el hurto a veh\u00edculos.<\/p>\n<p>Resulta adem\u00e1s pat\u00e9tico lo de movilidad. Siendo Pe\u00f1alosa un experto, aument\u00f3 el tiempo de duraci\u00f3n de los viajes y sobre todo en Transmilenio, que va en 77,8 minutos, el m\u00e1s alto de todos los modos de transporte. Es decir, 2016 fue peor hasta para Pe\u00f1alosa.<\/p>\n","protected":false},"excerpt":{"rendered":"<p>Aurelio Su\u00e1rez Montoya,\u00a0http:\/\/www.diarioadn.co\/, julio 26 de 2017 Con los resultados del Informe de Calidad de Vida, de Bogot\u00e1 c\u00f3mo vamos -a\u00f1o 2016, confirm\u00e9 que la revocatoria promovida en Bogot\u00e1 contra Enrique Pe\u00f1alosa, y que el Consejo Nacional Electoral quiere enredar, obedece no a que el Alcalde no haya podido mejorar lo heredado, sino que lo [&hellip;]<\/p>\n","protected":false},"author":1,"featured_media":12953,"comment_status":"open","ping_status":"open","sticky":false,"template":"","format":"standard","meta":{"advanced_seo_description":"","jetpack_seo_html_title":"","jetpack_seo_noindex":false,"_jetpack_memberships_contains_paid_content":false,"footnotes":""},"categories":[79,101,102,97,108,110,111],"tags":[],"class_list":["post-12989","post","type-post","status-publish","format-standard","has-post-thumbnail","hentry","category-aurelio-suarez-montoya","category-bogota","category-economia","category-imperialismo-y-neoliberalismo","category-servicios-publicos-articulos-de-actualidad","category-vias-y-transporte","category-vivienda-y-desarrollo-urbano"],"jetpack_featured_media_url":"https:\/\/i0.wp.com\/moir.com.co\/web\/wp-content\/uploads\/2017\/07\/aurelio_sv3-1.jpg?fit=228%2C228&ssl=1","jetpack-related-posts":[{"id":14351,"url":"https:\/\/moir.com.co\/web\/video-alarmante-incremento-de-la-desigualdad-economica-en-el-mundo-aurelio-suarez-montoya\/","url_meta":{"origin":12989,"position":0},"title":"Video: Alarmante incremento de la desigualdad econ\u00f3mica en el mundo, Aurelio Su\u00e1rez Montoya","author":"admin","date":"enero 29, 2018","format":"video","excerpt":"Bogot\u00e1, enero 29 de 2018","rel":"","context":"En \u00abAurelio Su\u00e1rez Montoya\u00bb","block_context":{"text":"Aurelio Su\u00e1rez Montoya","link":"https:\/\/moir.com.co\/web\/category\/bitacoras\/aurelio-suarez-montoya\/"},"img":{"alt_text":"","src":"","width":0,"height":0},"classes":[]},{"id":17295,"url":"https:\/\/moir.com.co\/web\/video-intervencion-de-aurelio-suarez-montoya-en-la-audiencia-el-agro-en-crisis\/","url_meta":{"origin":12989,"position":1},"title":"Video: Intervenci\u00f3n de Aurelio Su\u00e1rez Montoya en la audiencia &#8220;El agro en crisis&#8221;","author":"admin","date":"abril 14, 2019","format":"video","excerpt":"Bogot\u00e1, abril 13 de 2019","rel":"","context":"En \u00abAgro\u00bb","block_context":{"text":"Agro","link":"https:\/\/moir.com.co\/web\/category\/temas\/agro\/"},"img":{"alt_text":"","src":"","width":0,"height":0},"classes":[]},{"id":17826,"url":"https:\/\/moir.com.co\/web\/video-intervencion-de-aurelio-suarez-en-la-audiencia-bogota-no-se-vende\/","url_meta":{"origin":12989,"position":2},"title":"Video: Intervenci\u00f3n de Aurelio Su\u00e1rez en la audiencia Bogot\u00e1 No Se Vende","author":"admin","date":"julio 30, 2019","format":"video","excerpt":"Bogot\u00e1, julio 23 de 2019","rel":"","context":"En \u00abAurelio Su\u00e1rez Montoya\u00bb","block_context":{"text":"Aurelio Su\u00e1rez Montoya","link":"https:\/\/moir.com.co\/web\/category\/bitacoras\/aurelio-suarez-montoya\/"},"img":{"alt_text":"","src":"","width":0,"height":0},"classes":[]},{"id":13410,"url":"https:\/\/moir.com.co\/web\/video-intervencion-de-aurelio-suarez-montoya-en-el-foro-por-la-financiacion-de-la-educacion-convocado-por-fecode\/","url_meta":{"origin":12989,"position":3},"title":"Video: Intervenci\u00f3n de Aurelio Su\u00e1rez Montoya en el Foro por la Financiaci\u00f3n de la Educaci\u00f3n convocado por Fecode","author":"admin","date":"septiembre 29, 2017","format":"video","excerpt":"Bogot\u00e1, septiembre 26 de 2017","rel":"","context":"En \u00abAurelio Su\u00e1rez Montoya\u00bb","block_context":{"text":"Aurelio Su\u00e1rez Montoya","link":"https:\/\/moir.com.co\/web\/category\/bitacoras\/aurelio-suarez-montoya\/"},"img":{"alt_text":"","src":"","width":0,"height":0},"classes":[]},{"id":17331,"url":"https:\/\/moir.com.co\/web\/video-intervencion-de-aurelio-suarez-montoya-en-la-audiencia-publica-s-o-s-por-la-industria-textil-confecciones\/","url_meta":{"origin":12989,"position":4},"title":"Video: Intervenci\u00f3n de Aurelio Su\u00e1rez Montoya en la audiencia p\u00fablica: &#8220;S.O.S por la industria textil confecciones&#8221;","author":"admin","date":"abril 23, 2019","format":"video","excerpt":"Bogot\u00e1, abril 22 de 2019","rel":"","context":"En \u00abAurelio Su\u00e1rez Montoya\u00bb","block_context":{"text":"Aurelio Su\u00e1rez Montoya","link":"https:\/\/moir.com.co\/web\/category\/bitacoras\/aurelio-suarez-montoya\/"},"img":{"alt_text":"","src":"","width":0,"height":0},"classes":[]},{"id":15797,"url":"https:\/\/moir.com.co\/web\/video-economia-al-dia-con-yina-ramos-una-vision-de-la-economia-colombiana-2018-con-aurelio-suarez-montoya\/","url_meta":{"origin":12989,"position":5},"title":"Video: Econom\u00eda al D\u00eda con Yina Ramos: Una visi\u00f3n de la econom\u00eda colombiana 2018, con Aurelio Su\u00e1rez Montoya","author":"admin","date":"agosto 30, 2018","format":"video","excerpt":"Bogot\u00e1, agosto 27 de 2018","rel":"","context":"En \u00abAgro\u00bb","block_context":{"text":"Agro","link":"https:\/\/moir.com.co\/web\/category\/temas\/agro\/"},"img":{"alt_text":"","src":"","width":0,"height":0},"classes":[]}],"jetpack_sharing_enabled":true,"_links":{"self":[{"href":"https:\/\/moir.com.co\/web\/wp-json\/wp\/v2\/posts\/12989","targetHints":{"allow":["GET"]}}],"collection":[{"href":"https:\/\/moir.com.co\/web\/wp-json\/wp\/v2\/posts"}],"about":[{"href":"https:\/\/moir.com.co\/web\/wp-json\/wp\/v2\/types\/post"}],"author":[{"embeddable":true,"href":"https:\/\/moir.com.co\/web\/wp-json\/wp\/v2\/users\/1"}],"replies":[{"embeddable":true,"href":"https:\/\/moir.com.co\/web\/wp-json\/wp\/v2\/comments?post=12989"}],"version-history":[{"count":0,"href":"https:\/\/moir.com.co\/web\/wp-json\/wp\/v2\/posts\/12989\/revisions"}],"wp:featuredmedia":[{"embeddable":true,"href":"https:\/\/moir.com.co\/web\/wp-json\/wp\/v2\/media\/12953"}],"wp:attachment":[{"href":"https:\/\/moir.com.co\/web\/wp-json\/wp\/v2\/media?parent=12989"}],"wp:term":[{"taxonomy":"category","embeddable":true,"href":"https:\/\/moir.com.co\/web\/wp-json\/wp\/v2\/categories?post=12989"},{"taxonomy":"post_tag","embeddable":true,"href":"https:\/\/moir.com.co\/web\/wp-json\/wp\/v2\/tags?post=12989"}],"curies":[{"name":"wp","href":"https:\/\/api.w.org\/{rel}","templated":true}]}}