{"id":12970,"date":"2017-07-25T17:26:03","date_gmt":"2017-07-25T17:26:03","guid":{"rendered":"https:\/\/moir.org.co\/web\/?p=12970"},"modified":"2017-07-25T17:26:03","modified_gmt":"2017-07-25T17:26:03","slug":"programa-radial-de-tribuna-magisterial-julio-23-de-2017","status":"publish","type":"post","link":"https:\/\/moir.com.co\/web\/programa-radial-de-tribuna-magisterial-julio-23-de-2017\/","title":{"rendered":"Programa Radial de Tribuna Magisterial, julio 23 de 2017"},"content":{"rendered":"<p><strong>Bogot\u00e1, julio 23 de 2017<\/strong><\/p>\n<p>En el programa del 23 de julio de 2017 Pedro Jim\u00e9nez docente del distrito y conductor del programa invit\u00f3 al magisterio bogotano a participar del encuentro de maestros voluntarios con Robledo que se realizar\u00e1 en la ADE norte el 5 de agosto a las 2:00 p.m.<\/p>\n<p>En el espacio cient\u00edfico el profesor Guillermo Guevara habl\u00f3 de la brillante matem\u00e1tica Iran\u00ed Maryam Mirzajani quien falleci\u00f3 el pasado 15 de julio, ella fue la primera mujer en ganar la medalla Fields, considerado el premio nobel en matem\u00e1ticas.<\/p>\n<p>&nbsp;<\/p>\n<p>En el espacio con el senador del Polo Democr\u00e1tico Alternativo Jorge Robledo, se habl\u00f3 sobre los resultados de la audiencia de conciliaci\u00f3n realizada en la Corte Suprema de Justicia con N\u00e9stor Humberto Mart\u00ednez, Fiscal General de la Naci\u00f3n, por la denuncia interpuesta por injuria y calumnia contra el Senador Robledo. En esta diligencia el Doctor Mart\u00ednez retira su denuncia y el senador no se retracta de las afirmaciones hechas en los debates de control pol\u00edtico contra el Fiscal. Finalmente, Robledo se refiere sobre la audiencia p\u00fablica que se realizar\u00e1 en el \u00a0Congreso denominada \u201cPor un nuevo modelo minero&#8221;<\/p>\n<p>Mar\u00eda Antonieta Cano dio un informe sobre los resultados de la reforma estatutaria de la ADE, indic\u00f3 que el n\u00famero de integrantes de la junta directiva y de la asamblea de delegados se ampliaron a 13 directivos y 130 delegados respectivamente, aclar\u00f3 que la cuota sindical se mantiene en el 0.5% del salario de cada docente. Frente a la caracterizaci\u00f3n de la Asociaci\u00f3n se\u00f1al\u00f3 que se podr\u00e1n afiliar los trabajadores de la educaci\u00f3n del sector p\u00fablico, el periodo de la junta directiva y de la asamblea de delegados ser\u00e1 de cuatro a\u00f1os, y que los directivos de la junta solo podr\u00e1n ser reelectos por dos periodos.<\/p>\n","protected":false},"excerpt":{"rendered":"<p>Bogot\u00e1, julio 23 de 2017 En el programa del 23 de julio de 2017 Pedro Jim\u00e9nez docente del distrito y conductor del programa invit\u00f3 al magisterio bogotano a participar del encuentro de maestros voluntarios con Robledo que se realizar\u00e1 en la ADE norte el 5 de agosto a las 2:00 p.m. En el espacio cient\u00edfico [&hellip;]<\/p>\n","protected":false},"author":1,"featured_media":12971,"comment_status":"open","ping_status":"open","sticky":false,"template":"","format":"audio","meta":{"advanced_seo_description":"","jetpack_seo_html_title":"","jetpack_seo_noindex":false,"_jetpack_memberships_contains_paid_content":false,"footnotes":""},"categories":[76,102,103,97,107,98,109,11],"tags":[],"class_list":["post-12970","post","type-post","status-publish","format-audio","has-post-thumbnail","hentry","category-ciencia","category-economia","category-educacion","category-imperialismo-y-neoliberalismo","category-mineria-y-petroleo","category-politica","category-sindical","category-tribuna-magisterial","post_format-post-format-audio"],"jetpack_featured_media_url":"https:\/\/i0.wp.com\/moir.com.co\/web\/wp-content\/uploads\/2017\/07\/tribmagton%CC%83a5-1.jpg?fit=960%2C1280&ssl=1","jetpack-related-posts":[{"id":13010,"url":"https:\/\/moir.com.co\/web\/programa-radial-de-tribuna-magisterial-julio-30-de-2017\/","url_meta":{"origin":12970,"position":0},"title":"Programa Radial de Tribuna Magisterial, julio 30 de 2017","author":"admin","date":"agosto 1, 2017","format":"audio","excerpt":"Bogot\u00e1, julio 30 de 2017 En el programa del 30 de julio de 2017 Mar\u00eda Antonieta Cano de la junta directiva de la ADE entrevist\u00f3 al senador del Polo Democr\u00e1tico Alternativo y candidato a la Presidencia de la Rep\u00fablica, Jorge Robledo, en esta oportunidad se dio un informe sobre las\u2026","rel":"","context":"En \u00abAgro\u00bb","block_context":{"text":"Agro","link":"https:\/\/moir.com.co\/web\/category\/temas\/agro\/"},"img":{"alt_text":"","src":"https:\/\/i0.wp.com\/moir.com.co\/web\/wp-content\/uploads\/2016\/11\/tribmagton%CC%83a2.jpg?fit=298%2C268&ssl=1&resize=350%2C200","width":350,"height":200},"classes":[]},{"id":12907,"url":"https:\/\/moir.com.co\/web\/programa-radial-de-tribuna-magisterial-julio-16-de-2017\/","url_meta":{"origin":12970,"position":1},"title":"Programa Radial de Tribuna Magisterial, julio 16 de 2017","author":"admin","date":"julio 17, 2017","format":"audio","excerpt":"Bogot\u00e1, julio 16 de 2017 En la emisi\u00f3n del 16 de julio de 2017, Mar\u00eda Antonieta Cano, directiva de la ADE y directora del programa, entrevist\u00f3 al Senador del Polo Democr\u00e1tico Alternativo Jorge Robledo quien explic\u00f3 las razones por las cuales N\u00e9stor Humberto Mart\u00ednez, Fiscal General de la Naci\u00f3n, le\u2026","rel":"","context":"En \u00abBogot\u00e1\u00bb","block_context":{"text":"Bogot\u00e1","link":"https:\/\/moir.com.co\/web\/category\/temas\/bogota\/"},"img":{"alt_text":"","src":"https:\/\/i0.wp.com\/moir.com.co\/web\/wp-content\/uploads\/2017\/07\/tribmagton%CC%83a5.jpg?fit=900%2C1200&ssl=1&resize=350%2C200","width":350,"height":200,"srcset":"https:\/\/i0.wp.com\/moir.com.co\/web\/wp-content\/uploads\/2017\/07\/tribmagton%CC%83a5.jpg?fit=900%2C1200&ssl=1&resize=350%2C200 1x, https:\/\/i0.wp.com\/moir.com.co\/web\/wp-content\/uploads\/2017\/07\/tribmagton%CC%83a5.jpg?fit=900%2C1200&ssl=1&resize=525%2C300 1.5x, https:\/\/i0.wp.com\/moir.com.co\/web\/wp-content\/uploads\/2017\/07\/tribmagton%CC%83a5.jpg?fit=900%2C1200&ssl=1&resize=700%2C400 2x"},"classes":[]},{"id":12170,"url":"https:\/\/moir.com.co\/web\/programa-radial-de-tribuna-magisterial-abril-23-de-2017\/","url_meta":{"origin":12970,"position":2},"title":"Programa Radial de Tribuna Magisterial, abril 23 de 2017","author":"admin","date":"abril 24, 2017","format":"audio","excerpt":"Bogot\u00e1, abril 23 de 2017 En el programa del 23 de abril, Mar\u00eda Antonieta Cano de la Junta directiva de la ADE y directora del programa y Pedro Jim\u00e9nez conductor del programa entrevistaron en el Espacio Sindical a Francisco Torres del Comit\u00e9 Ejecutivo de FECODE, quien dio un informe sobre\u2026","rel":"","context":"En \u00abBogot\u00e1\u00bb","block_context":{"text":"Bogot\u00e1","link":"https:\/\/moir.com.co\/web\/category\/temas\/bogota\/"},"img":{"alt_text":"","src":"https:\/\/i0.wp.com\/moir.com.co\/web\/wp-content\/uploads\/2016\/11\/tribmagton%CC%83a5.jpg?fit=900%2C1200&ssl=1&resize=350%2C200","width":350,"height":200,"srcset":"https:\/\/i0.wp.com\/moir.com.co\/web\/wp-content\/uploads\/2016\/11\/tribmagton%CC%83a5.jpg?fit=900%2C1200&ssl=1&resize=350%2C200 1x, https:\/\/i0.wp.com\/moir.com.co\/web\/wp-content\/uploads\/2016\/11\/tribmagton%CC%83a5.jpg?fit=900%2C1200&ssl=1&resize=525%2C300 1.5x, https:\/\/i0.wp.com\/moir.com.co\/web\/wp-content\/uploads\/2016\/11\/tribmagton%CC%83a5.jpg?fit=900%2C1200&ssl=1&resize=700%2C400 2x"},"classes":[]},{"id":12860,"url":"https:\/\/moir.com.co\/web\/programa-radial-de-tribuna-magisterial-julio-9-de-2017\/","url_meta":{"origin":12970,"position":3},"title":"Programa Radial de Tribuna Magisterial, julio 9 de 2017","author":"admin","date":"julio 11, 2017","format":"audio","excerpt":"Bogot\u00e1, julio 9 de 2017 En el programa del 9 de junio, Mar\u00eda Antonieta Cano de la junta directiva de la ADE y directora del programa y Pedro Jim\u00e9nez profesor y conductor del programa, entrevistaron a Francisco Torres del comit\u00e9 ejecutivo de FECODE, quien explic\u00f3 la situaci\u00f3n educativa en Colombia,\u2026","rel":"","context":"En \u00abCiencia\u00bb","block_context":{"text":"Ciencia","link":"https:\/\/moir.com.co\/web\/category\/temas\/ciencia\/"},"img":{"alt_text":"","src":"https:\/\/i0.wp.com\/moir.com.co\/web\/wp-content\/uploads\/2017\/07\/tribmagton%CC%83a7.jpg?fit=1200%2C900&ssl=1&resize=350%2C200","width":350,"height":200,"srcset":"https:\/\/i0.wp.com\/moir.com.co\/web\/wp-content\/uploads\/2017\/07\/tribmagton%CC%83a7.jpg?fit=1200%2C900&ssl=1&resize=350%2C200 1x, https:\/\/i0.wp.com\/moir.com.co\/web\/wp-content\/uploads\/2017\/07\/tribmagton%CC%83a7.jpg?fit=1200%2C900&ssl=1&resize=525%2C300 1.5x, https:\/\/i0.wp.com\/moir.com.co\/web\/wp-content\/uploads\/2017\/07\/tribmagton%CC%83a7.jpg?fit=1200%2C900&ssl=1&resize=700%2C400 2x, https:\/\/i0.wp.com\/moir.com.co\/web\/wp-content\/uploads\/2017\/07\/tribmagton%CC%83a7.jpg?fit=1200%2C900&ssl=1&resize=1050%2C600 3x"},"classes":[]},{"id":8570,"url":"https:\/\/moir.com.co\/web\/programa-radial-de-tribuna-magisterial-julio-20-de-2014\/","url_meta":{"origin":12970,"position":4},"title":"Programa Radial de Tribuna Magisterial, julio 20 de 2014","author":"admin","date":"julio 20, 2014","format":false,"excerpt":"En nuestro programa radial Tribuna Magisterial del 20 de julio podemos escuchar los siguientes segmentos: \u00b7 Editorial: sobre los 204 a\u00f1os de nuestra independencia y la necesidad de continuar la lucha por una segunda independencia frente al imperio norteamericano \u00b7 Entrevista al senador Jorge Enrique Robledo: con \u00e9l hablamos sobre\u2026","rel":"","context":"En \u00abTribuna Magisterial\u00bb","block_context":{"text":"Tribuna Magisterial","link":"https:\/\/moir.com.co\/web\/category\/tribuna-magisterial\/"},"img":{"alt_text":"","src":"","width":0,"height":0},"classes":[]},{"id":5746,"url":"https:\/\/moir.com.co\/web\/programa-radial-de-tribuna-magisterial-julio-3-de-2011\/","url_meta":{"origin":12970,"position":5},"title":"Programa Radial de Tribuna Magisterial, julio 3 de 2011","author":"admin","date":"julio 3, 2011","format":false,"excerpt":"El programa del domingo 3 de julio comenz\u00f3 con la lectura de la nota editorial, un art\u00edculo de Guillermo Maya publicado en el diario El Mundo de Medell\u00edn sobre las universidades con \u00e1nimo de lucro. El profesor Guillermo Guevara habl\u00f3 en su espacio para la ciencia sobre la Supernova. Mario\u2026","rel":"","context":"En \u00abTribuna Magisterial\u00bb","block_context":{"text":"Tribuna Magisterial","link":"https:\/\/moir.com.co\/web\/category\/tribuna-magisterial\/"},"img":{"alt_text":"","src":"","width":0,"height":0},"classes":[]}],"jetpack_sharing_enabled":true,"_links":{"self":[{"href":"https:\/\/moir.com.co\/web\/wp-json\/wp\/v2\/posts\/12970","targetHints":{"allow":["GET"]}}],"collection":[{"href":"https:\/\/moir.com.co\/web\/wp-json\/wp\/v2\/posts"}],"about":[{"href":"https:\/\/moir.com.co\/web\/wp-json\/wp\/v2\/types\/post"}],"author":[{"embeddable":true,"href":"https:\/\/moir.com.co\/web\/wp-json\/wp\/v2\/users\/1"}],"replies":[{"embeddable":true,"href":"https:\/\/moir.com.co\/web\/wp-json\/wp\/v2\/comments?post=12970"}],"version-history":[{"count":0,"href":"https:\/\/moir.com.co\/web\/wp-json\/wp\/v2\/posts\/12970\/revisions"}],"wp:featuredmedia":[{"embeddable":true,"href":"https:\/\/moir.com.co\/web\/wp-json\/wp\/v2\/media\/12971"}],"wp:attachment":[{"href":"https:\/\/moir.com.co\/web\/wp-json\/wp\/v2\/media?parent=12970"}],"wp:term":[{"taxonomy":"category","embeddable":true,"href":"https:\/\/moir.com.co\/web\/wp-json\/wp\/v2\/categories?post=12970"},{"taxonomy":"post_tag","embeddable":true,"href":"https:\/\/moir.com.co\/web\/wp-json\/wp\/v2\/tags?post=12970"}],"curies":[{"name":"wp","href":"https:\/\/api.w.org\/{rel}","templated":true}]}}