{"id":12938,"date":"2017-07-19T19:12:48","date_gmt":"2017-07-19T19:12:48","guid":{"rendered":"https:\/\/moir.org.co\/web\/?p=12938"},"modified":"2017-07-19T19:12:48","modified_gmt":"2017-07-19T19:12:48","slug":"que-en-electricaribe-no-se-repita-mito-de-sisifo","status":"publish","type":"post","link":"https:\/\/moir.com.co\/web\/que-en-electricaribe-no-se-repita-mito-de-sisifo\/","title":{"rendered":"Que en Electricaribe no se repita mito de S\u00edsifo"},"content":{"rendered":"<p><strong>Norman Alarc\u00f3n Rodas, Barranquilla, julio 19 de 2017<\/strong><\/p>\n<p>Despu\u00e9s de ocho meses de haber sido intervenida Electricaribe por la Superservicios y luego de cuatro meses en que esta decidi\u00f3 liquidarla, el gobierno nacional le entreg\u00f3 a la banca internacional la decisi\u00f3n sobre el futuro el\u00e9ctrico de la Costa Atl\u00e1ntica. Qued\u00f3 en manos de la Financiera de Desarrollo Nacional (FDN), entidad controlada por la Corporaci\u00f3n Financiera Internacional (CFI del Banco Mundial), la Corporaci\u00f3n Andina de Fomento (CAF) y Sumitomo Mitsui Banking, de Jap\u00f3n, y una injerencia menor del Ministerio de Hacienda y Cr\u00e9dito P\u00fablico.<\/p>\n<p>La gravedad de esta determinaci\u00f3n estriba en que, sin tener en cuenta a las fuerzas vivas de la Regi\u00f3n Caribe, a los siete gobernadores de sendos departamentos, a los alcaldes distritales y municipales, a diputados y concejales, a millones de usuarios residenciales y al sector productivo, quienes van a decidir a qu\u00e9 trasnacional o corporaci\u00f3n le van a entregar el servicio el\u00e9ctrico de m\u00e1s diez millones de habitantes son los representantes de los tiburones del capital financiero internacional. Son los mismos que manejan y controlan la Financiera de Desarrollo Nacional, que de nacional no tiene sino el nombre. Pero para empeorar el dislate, es con recursos p\u00fablicos de todos los colombianos como sufragar\u00e1n los m\u00e1s de 1.700 millones de pesos que hay que cancelarles a dichos banqueros \u201cpor hacer la tarea\u201d de enajenar de nuevo el patrimonio p\u00fablico.<\/p>\n<p>Es un hecho irrebatible que entregarle en la Costa la comercializaci\u00f3n y distribuci\u00f3n el\u00e9ctrica a la trasnacional Gas Natural Fenosa se hundi\u00f3 en el fracaso m\u00e1s rotundo. El monopolio espa\u00f1ol nunca hizo las inversiones requeridas para hacerle mantenimiento a la infraestructura de redes, subestaciones, transformadores y poster\u00edas, y mucho menos para mejorarla, sino que se dedic\u00f3 a saquear los escu\u00e1lidos bolsillos de la pobrer\u00eda y de la clase media y empresarial. Cambi\u00f3 redes de cobre por aluminio de mala calidad, viol\u00f3 el contrato de condiciones uniformes al no cumplir el compromiso de entregar energ\u00eda de m\u00ednimo 110 voltios, lo que da\u00f1a artefactos el\u00e9ctricos y eleva el consumo en forma tramposa, y se embolsill\u00f3 grandes recursos de los programas de normalizaci\u00f3n de redes (Prone) y de electrificaci\u00f3n rural (Faer), como lo demostr\u00f3 la Contralor\u00eda General de la Rep\u00fablica. El mismo organismo de control acaba de revelar que tan solo en los a\u00f1os 2015 y 2016, los espa\u00f1oles desviaron para sus faltriqueras $78.500 millones de los subsidios del FOES encaminados a aminorar el valor de las facturas de los estratos uno y dos. Estos dineros del FOES provienen el 50% del presupuesto nacional, al que contribuyen todos los colombianos, y de las tarifas de los usuarios, que pagan $2,10 del \u00edtem del sistema nacional de transmisi\u00f3n (Ley 1753 de 2015, art\u00edculo 190). Para decirlo sin rodeos, la trasnacional se apropi\u00f3 ilegalmente de recursos de toda la ciudadan\u00eda, lo que debe llevar a investigaciones serias y sanciones ejemplares.<\/p>\n<p>Debemos insistir todos los sectores sociales, institucionales, gremiales de la regi\u00f3n en que el servicio el\u00e9ctrico, vital para la calidad de vida de la poblaci\u00f3n y para la competitividad del sector productivo, requiere de cuantiosas inversiones, en cuant\u00eda de varios billones de pesos y que solo el Estado puede acometer, a fin de modernizar la infraestructura el\u00e9ctrica en planes de corto, mediano y largo plazo. Siendo as\u00ed, tanto el manejo como la administraci\u00f3n deben ser oficiales, porque si se entregan de nuevo a una trasnacional, como pretende hacerlo la FDN, ser\u00eda repetir el antiqu\u00edsimo mito de S\u00edsifo de la Antig\u00fcedad griega. S\u00edsifo era un tit\u00e1n, condenado por los dioses a subir un pe\u00f1asco a una cima muy alta. Y cuando S\u00edsifo lo lograba, los dioses volv\u00edan a hacer rodar la piedra para hacerlo sufrir sin fin. Es lo que pretende hacer con nosotros la banca internacional.<\/p>\n","protected":false},"excerpt":{"rendered":"<p>Norman Alarc\u00f3n Rodas, Barranquilla, julio 19 de 2017 Despu\u00e9s de ocho meses de haber sido intervenida Electricaribe por la Superservicios y luego de cuatro meses en que esta decidi\u00f3 liquidarla, el gobierno nacional le entreg\u00f3 a la banca internacional la decisi\u00f3n sobre el futuro el\u00e9ctrico de la Costa Atl\u00e1ntica. Qued\u00f3 en manos de la Financiera [&hellip;]<\/p>\n","protected":false},"author":1,"featured_media":12940,"comment_status":"open","ping_status":"open","sticky":false,"template":"","format":"standard","meta":{"advanced_seo_description":"","jetpack_seo_html_title":"","jetpack_seo_noindex":false,"_jetpack_memberships_contains_paid_content":false,"footnotes":""},"categories":[102,97,105,108],"tags":[],"class_list":["post-12938","post","type-post","status-publish","format-standard","has-post-thumbnail","hentry","category-economia","category-imperialismo-y-neoliberalismo","category-internacional-articulos-de-actualidad","category-servicios-publicos-articulos-de-actualidad"],"jetpack_featured_media_url":"https:\/\/i0.wp.com\/moir.com.co\/web\/wp-content\/uploads\/2017\/07\/electricaribe5.jpg?fit=599%2C353&ssl=1","jetpack-related-posts":[{"id":12995,"url":"https:\/\/moir.com.co\/web\/reunion-de-indignados-con-electricaribe-y-vocales-de-control\/","url_meta":{"origin":12938,"position":0},"title":"Reuni\u00f3n de Indignados con Electricaribe y Vocales de Control","author":"admin","date":"julio 27, 2017","format":false,"excerpt":"Barranquilla, julio 27 de 2017 Frente a las delicadas circunstancias alrededor de la prestaci\u00f3n del servicio el\u00e9ctrico en la Costa Atl\u00e1ntica por parte de Electricaribe S.A., empresa intervenida con fines de liquidaci\u00f3n por la Superservicios, l\u00edderes del movimiento de Indignados con Electricaribe, Vocales de Control, asociaciones de usuarios de servicios\u2026","rel":"","context":"En \u00abEconom\u00eda\u00bb","block_context":{"text":"Econom\u00eda","link":"https:\/\/moir.com.co\/web\/category\/temas\/economia\/"},"img":{"alt_text":"","src":"https:\/\/i0.wp.com\/moir.com.co\/web\/wp-content\/uploads\/2017\/07\/electricaribe5.jpg?fit=599%2C353&ssl=1&resize=350%2C200","width":350,"height":200,"srcset":"https:\/\/i0.wp.com\/moir.com.co\/web\/wp-content\/uploads\/2017\/07\/electricaribe5.jpg?fit=599%2C353&ssl=1&resize=350%2C200 1x, https:\/\/i0.wp.com\/moir.com.co\/web\/wp-content\/uploads\/2017\/07\/electricaribe5.jpg?fit=599%2C353&ssl=1&resize=525%2C300 1.5x"},"classes":[]},{"id":18225,"url":"https:\/\/moir.com.co\/web\/incierto-plan-b-para-enajenacion-de-electricaribe\/","url_meta":{"origin":12938,"position":1},"title":"Incierto Plan B para enajenaci\u00f3n de Electricaribe","author":"admin","date":"noviembre 6, 2019","format":false,"excerpt":"Norman Alarc\u00f3n Rodas, Barranquilla, noviembre 5 de 2019 En un verdadero galimat\u00edas se est\u00e1 convirtiendo el proceso de venta de Electricaribe, que presta los servicios de Distribuci\u00f3n y Comercializaci\u00f3n a diez millones de habitantes de los siete departamentos de la Costa Atl\u00e1ntica. La empresa cumple este 15 de noviembre tres\u2026","rel":"","context":"En \u00abEconom\u00eda\u00bb","block_context":{"text":"Econom\u00eda","link":"https:\/\/moir.com.co\/web\/category\/temas\/economia\/"},"img":{"alt_text":"","src":"https:\/\/i0.wp.com\/moir.com.co\/web\/wp-content\/uploads\/2019\/08\/electricaribeNorman.jpg?fit=700%2C500&ssl=1&resize=350%2C200","width":350,"height":200,"srcset":"https:\/\/i0.wp.com\/moir.com.co\/web\/wp-content\/uploads\/2019\/08\/electricaribeNorman.jpg?fit=700%2C500&ssl=1&resize=350%2C200 1x, https:\/\/i0.wp.com\/moir.com.co\/web\/wp-content\/uploads\/2019\/08\/electricaribeNorman.jpg?fit=700%2C500&ssl=1&resize=525%2C300 1.5x, https:\/\/i0.wp.com\/moir.com.co\/web\/wp-content\/uploads\/2019\/08\/electricaribeNorman.jpg?fit=700%2C500&ssl=1&resize=700%2C400 2x"},"classes":[]},{"id":15836,"url":"https:\/\/moir.com.co\/web\/crisis-electrica-de-la-costa-no-la-deben-pagar-los-usuarios\/","url_meta":{"origin":12938,"position":2},"title":"Crisis el\u00e9ctrica de la Costa no la deben pagar los usuarios","author":"admin","date":"septiembre 4, 2018","format":false,"excerpt":"Norman Alarc\u00f3n Rodas,\u00a0Indignados con Servicio El\u00e9ctrico de la Costa,\u00a0Ponencia presentada en el foro sobre tarifas el\u00e9ctricas en la Costa organizado por Sintraelecol, Barranquilla, agosto 31 de 2018 El Gobierno Nacional expidi\u00f3, a trav\u00e9s de la CREG, la Resoluci\u00f3n 015 de 29 de enero de 2018, por medio de la cual\u2026","rel":"","context":"En \u00abEconom\u00eda\u00bb","block_context":{"text":"Econom\u00eda","link":"https:\/\/moir.com.co\/web\/category\/temas\/economia\/"},"img":{"alt_text":"","src":"https:\/\/i0.wp.com\/moir.com.co\/web\/wp-content\/uploads\/2017\/07\/electricaribe5.jpg?fit=599%2C353&ssl=1&resize=350%2C200","width":350,"height":200,"srcset":"https:\/\/i0.wp.com\/moir.com.co\/web\/wp-content\/uploads\/2017\/07\/electricaribe5.jpg?fit=599%2C353&ssl=1&resize=350%2C200 1x, https:\/\/i0.wp.com\/moir.com.co\/web\/wp-content\/uploads\/2017\/07\/electricaribe5.jpg?fit=599%2C353&ssl=1&resize=525%2C300 1.5x"},"classes":[]},{"id":15639,"url":"https:\/\/moir.com.co\/web\/robledo-cita-primer-debate-de-control-politico-en-la-era-duque-sobre-abusos-y-corrupcion-de-electricaribe\/","url_meta":{"origin":12938,"position":3},"title":"Robledo cita primer debate de control pol\u00edtico en la era Duque sobre abusos y corrupci\u00f3n de Electricaribe","author":"admin","date":"agosto 15, 2018","format":false,"excerpt":"Oficina de prensa del senador Jorge Enrique Robledo, Bogot\u00e1, agosto 14 de 2018 P\u00e9simo servicio, tarifas abusivas, corrupci\u00f3n y demandas internacionales se debatir\u00e1n en la Comisi\u00f3n Quinta del Senado. MinMinas Mar\u00eda Fernanda Su\u00e1rez citada. 10:00 am. El senador Jorge Enrique Robledo realizar\u00e1 este mi\u00e9rcoles 15 de agosto el primer debate\u2026","rel":"","context":"En \u00abEconom\u00eda\u00bb","block_context":{"text":"Econom\u00eda","link":"https:\/\/moir.com.co\/web\/category\/temas\/economia\/"},"img":{"alt_text":"","src":"https:\/\/i0.wp.com\/moir.com.co\/web\/wp-content\/uploads\/2018\/08\/electricariberobledodebate2018.png?fit=768%2C459&ssl=1&resize=350%2C200","width":350,"height":200,"srcset":"https:\/\/i0.wp.com\/moir.com.co\/web\/wp-content\/uploads\/2018\/08\/electricariberobledodebate2018.png?fit=768%2C459&ssl=1&resize=350%2C200 1x, https:\/\/i0.wp.com\/moir.com.co\/web\/wp-content\/uploads\/2018\/08\/electricariberobledodebate2018.png?fit=768%2C459&ssl=1&resize=525%2C300 1.5x, https:\/\/i0.wp.com\/moir.com.co\/web\/wp-content\/uploads\/2018\/08\/electricariberobledodebate2018.png?fit=768%2C459&ssl=1&resize=700%2C400 2x"},"classes":[]},{"id":13027,"url":"https:\/\/moir.com.co\/web\/gas-natural-fenosa-no-puede-regresar-a-la-costa-atlantica\/","url_meta":{"origin":12938,"position":4},"title":"Gas Natural Fenosa no puede regresar a la Costa Atl\u00e1ntica","author":"admin","date":"agosto 3, 2017","format":false,"excerpt":"Barranquilla, agosto 2 de 2017 Declaraci\u00f3n de Vocales de Control, Indignados y comunales de la Costa sobre intervenci\u00f3n y fraudes de Electricaribe le\u00edda por Norman Alarc\u00f3n ante el Superintendente de Servicios P\u00fablicos, los gobernadores de Atl\u00e1ntico y Bol\u00edvar, sectores gremiales, vocales de control, indignados en Barranquilla el 2 de agosto\u2026","rel":"","context":"En \u00abEconom\u00eda\u00bb","block_context":{"text":"Econom\u00eda","link":"https:\/\/moir.com.co\/web\/category\/temas\/economia\/"},"img":{"alt_text":"","src":"https:\/\/i0.wp.com\/moir.com.co\/web\/wp-content\/uploads\/2017\/08\/Electricaribevocales.jpg?fit=770%2C432&ssl=1&resize=350%2C200","width":350,"height":200,"srcset":"https:\/\/i0.wp.com\/moir.com.co\/web\/wp-content\/uploads\/2017\/08\/Electricaribevocales.jpg?fit=770%2C432&ssl=1&resize=350%2C200 1x, https:\/\/i0.wp.com\/moir.com.co\/web\/wp-content\/uploads\/2017\/08\/Electricaribevocales.jpg?fit=770%2C432&ssl=1&resize=525%2C300 1.5x, https:\/\/i0.wp.com\/moir.com.co\/web\/wp-content\/uploads\/2017\/08\/Electricaribevocales.jpg?fit=770%2C432&ssl=1&resize=700%2C400 2x"},"classes":[]},{"id":16502,"url":"https:\/\/moir.com.co\/web\/barranquilla-sabado-primero-de-diciembre-audiencia-publica-del-senado-sobre-crisis-de-electricaribe\/","url_meta":{"origin":12938,"position":5},"title":"Barranquilla, s\u00e1bado primero de diciembre: Audiencia P\u00fablica del Senado sobre crisis de Electricaribe","author":"admin","date":"noviembre 29, 2018","format":false,"excerpt":"Norman Alarc\u00f3n Rodas, Barranquilla, noviembre 26 de 2018 El problema m\u00e1s delicado que padecen m\u00e1s de diez millones de habitantes de la Costa Atl\u00e1ntica es el del servicio el\u00e9ctrico tan deficiente y costoso que presta Electricaribe, empresa ahora administrada por el Gobierno nacional despu\u00e9s que fue intervenida por la Superintendencia\u2026","rel":"","context":"En \u00abEconom\u00eda\u00bb","block_context":{"text":"Econom\u00eda","link":"https:\/\/moir.com.co\/web\/category\/temas\/economia\/"},"img":{"alt_text":"","src":"","width":0,"height":0},"classes":[]}],"jetpack_sharing_enabled":true,"_links":{"self":[{"href":"https:\/\/moir.com.co\/web\/wp-json\/wp\/v2\/posts\/12938","targetHints":{"allow":["GET"]}}],"collection":[{"href":"https:\/\/moir.com.co\/web\/wp-json\/wp\/v2\/posts"}],"about":[{"href":"https:\/\/moir.com.co\/web\/wp-json\/wp\/v2\/types\/post"}],"author":[{"embeddable":true,"href":"https:\/\/moir.com.co\/web\/wp-json\/wp\/v2\/users\/1"}],"replies":[{"embeddable":true,"href":"https:\/\/moir.com.co\/web\/wp-json\/wp\/v2\/comments?post=12938"}],"version-history":[{"count":0,"href":"https:\/\/moir.com.co\/web\/wp-json\/wp\/v2\/posts\/12938\/revisions"}],"wp:featuredmedia":[{"embeddable":true,"href":"https:\/\/moir.com.co\/web\/wp-json\/wp\/v2\/media\/12940"}],"wp:attachment":[{"href":"https:\/\/moir.com.co\/web\/wp-json\/wp\/v2\/media?parent=12938"}],"wp:term":[{"taxonomy":"category","embeddable":true,"href":"https:\/\/moir.com.co\/web\/wp-json\/wp\/v2\/categories?post=12938"},{"taxonomy":"post_tag","embeddable":true,"href":"https:\/\/moir.com.co\/web\/wp-json\/wp\/v2\/tags?post=12938"}],"curies":[{"name":"wp","href":"https:\/\/api.w.org\/{rel}","templated":true}]}}