{"id":12923,"date":"2017-07-18T17:50:41","date_gmt":"2017-07-18T17:50:41","guid":{"rendered":"https:\/\/moir.org.co\/web\/?p=12923"},"modified":"2017-07-18T17:50:41","modified_gmt":"2017-07-18T17:50:41","slug":"los-reproches-de-el-tiempo-por-fallo-que-anulo-la-venta-de-etb-debe-dirigirlos-contra-el-alcalde-penalosa","status":"publish","type":"post","link":"https:\/\/moir.com.co\/web\/los-reproches-de-el-tiempo-por-fallo-que-anulo-la-venta-de-etb-debe-dirigirlos-contra-el-alcalde-penalosa\/","title":{"rendered":"Los reproches de El Tiempo por fallo que anul\u00f3 la venta de ETB debe dirigirlos contra el alcalde Pe\u00f1alosa"},"content":{"rendered":"<p><strong>Manuel Sarmiento, concejal Polo Bogot\u00e1, julio 17 de 2017<\/strong><\/p>\n<p>Doctor<\/p>\n<p><strong>ROBERTO POMBO<\/strong><\/p>\n<p>Director de El Tiempo<\/p>\n<p>Av. Calle 26 No. 68B \u2013 70<\/p>\n<p>Ciudad<\/p>\n<p><strong>Ref.:\u00a0\u00a0 Los reproches de El Tiempo por fallo que anul\u00f3 la venta de ETB debe dirigirlos contra el alcalde Pe\u00f1alosa.<\/strong><\/p>\n<p>Atento saludo.<\/p>\n<p>En su editorial del 16 de julio, El Tiempo cuestiona al Polo Democr\u00e1tico Alternativo y a las organizaciones sindicales por el fallo que en primera instancia tumb\u00f3 la venta de ETB. Es absurdo que se nos califique de oportunistas cuando fue el alcalde Pe\u00f1alosa quien viol\u00f3 la ley para privatizar una empresa estrat\u00e9gica para Bogot\u00e1. Debo recordarle que el control judicial a la Rama Ejecutiva es de la esencia de la democracia y del Estado de Derecho, y que los servidores p\u00fablicos estamos en la obligaci\u00f3n de demandar las actuaciones que violen los mandatos legales.<\/p>\n<p>El fallo confirm\u00f3 que el alcalde Pe\u00f1alosa viol\u00f3 el principio de unidad de materia al introducir en el Plan de Desarrollo la venta de ETB, impidiendo que esta propuesta tuviera un debate serio, profundo y democr\u00e1tico. Tama\u00f1a ilegalidad no solo fue advertida por la bancada del Polo, pues en contra de esta astucia se pronunciaron hasta los amigos de la administraci\u00f3n (<a href=\"http:\/\/bit.ly\/2qiFTls\">bit.ly\/2qiFTls<\/a>). Adem\u00e1s, el juez constat\u00f3 que se vulneraron los derechos de varios concejales por la irreglamentaria decisi\u00f3n del presidente de la Corporaci\u00f3n de impedirnos intervenir antes de someter a votaci\u00f3n el art\u00edculo de la enajenaci\u00f3n.<\/p>\n<p>No es cierto que con esta sentencia la ciudad se quede sin colegios y hospitales. Los recursos que se obtendr\u00edan por la venta de ETB equivalen solo al 3% del plan cuatrienal de inversiones y, en su mayor\u00eda, son para financiar las inicuas concesiones privadas de Transmilenio. Por el contrario, el fallo protege el patrimonio p\u00fablico al impedir que el alcalde Pe\u00f1alosa privatice una empresa estrat\u00e9gica con falacias y argumentos superficiales que parecen \u201cser m\u00e1s bien producto de una posici\u00f3n pol\u00edtica que de un an\u00e1lisis juicioso de un negocio\u201d, seg\u00fan lo expresado por expertos en la materia (<a href=\"http:\/\/bit.ly\/1WwSnjH\">bit.ly\/1WwSnjH<\/a>).<\/p>\n<p>Es respetable que El Tiempo est\u00e9 a favor de la enajenaci\u00f3n de ETB, pero los reproches por el fallo de nulidad no debe dirigirlos al Polo sino al alcalde Pe\u00f1alosa, quien fue incapaz de tramitar la propuesta respetando el marco legal, a pesar de contar con amplias mayor\u00edas en el Concejo.<\/p>\n<p>Agradezco su atenci\u00f3n.<\/p>\n<p>Cordialmente,<\/p>\n<p>(Original firmada)<\/p>\n<p><strong>MANUEL SARMIENTO<\/strong><\/p>\n<p><strong>Concejal Polo Democr\u00e1tico Alternativo<\/strong><\/p>\n","protected":false},"excerpt":{"rendered":"<p>Manuel Sarmiento, concejal Polo Bogot\u00e1, julio 17 de 2017 Doctor ROBERTO POMBO Director de El Tiempo Av. Calle 26 No. 68B \u2013 70 Ciudad Ref.:\u00a0\u00a0 Los reproches de El Tiempo por fallo que anul\u00f3 la venta de ETB debe dirigirlos contra el alcalde Pe\u00f1alosa. Atento saludo. En su editorial del 16 de julio, El Tiempo [&hellip;]<\/p>\n","protected":false},"author":1,"featured_media":12924,"comment_status":"open","ping_status":"open","sticky":false,"template":"","format":"standard","meta":{"advanced_seo_description":"","jetpack_seo_html_title":"","jetpack_seo_noindex":false,"_jetpack_memberships_contains_paid_content":false,"footnotes":""},"categories":[101,102,97,100,98,108,109],"tags":[],"class_list":["post-12923","post","type-post","status-publish","format-standard","has-post-thumbnail","hentry","category-bogota","category-economia","category-imperialismo-y-neoliberalismo","category-manuel-sarmiento","category-politica","category-servicios-publicos-articulos-de-actualidad","category-sindical"],"jetpack_featured_media_url":"https:\/\/i0.wp.com\/moir.com.co\/web\/wp-content\/uploads\/2017\/07\/manuelSarmiento.jpg?fit=490%2C350&ssl=1","jetpack-related-posts":[{"id":12960,"url":"https:\/\/moir.com.co\/web\/etb-no-se-vende-2\/","url_meta":{"origin":12923,"position":0},"title":"ETB no se vende","author":"admin","date":"julio 24, 2017","format":false,"excerpt":"Manuel Sarmiento, concejal Polo Bogot\u00e1, julio 24 de 2017 Muy irritados se han mostrado los grandes poderes que respaldan a Pe\u00f1alosa por el fallo de primera instancia que anul\u00f3 la venta de ETB. El desespero del pe\u00f1alosismo lleg\u00f3 al absurdo de descalificar a quienes exigimos que el alcalde cumpla con\u2026","rel":"","context":"En \u00abBogot\u00e1\u00bb","block_context":{"text":"Bogot\u00e1","link":"https:\/\/moir.com.co\/web\/category\/temas\/bogota\/"},"img":{"alt_text":"","src":"https:\/\/i0.wp.com\/moir.com.co\/web\/wp-content\/uploads\/2017\/07\/manuelsarmientoetb2017.png?fit=1200%2C671&ssl=1&resize=350%2C200","width":350,"height":200,"srcset":"https:\/\/i0.wp.com\/moir.com.co\/web\/wp-content\/uploads\/2017\/07\/manuelsarmientoetb2017.png?fit=1200%2C671&ssl=1&resize=350%2C200 1x, https:\/\/i0.wp.com\/moir.com.co\/web\/wp-content\/uploads\/2017\/07\/manuelsarmientoetb2017.png?fit=1200%2C671&ssl=1&resize=525%2C300 1.5x, https:\/\/i0.wp.com\/moir.com.co\/web\/wp-content\/uploads\/2017\/07\/manuelsarmientoetb2017.png?fit=1200%2C671&ssl=1&resize=700%2C400 2x, https:\/\/i0.wp.com\/moir.com.co\/web\/wp-content\/uploads\/2017\/07\/manuelsarmientoetb2017.png?fit=1200%2C671&ssl=1&resize=1050%2C600 3x"},"classes":[]},{"id":12854,"url":"https:\/\/moir.com.co\/web\/nulidad-de-la-venta-de-etb-es-un-triunfo-de-todos-los-bogotanos-concejal-manuel-sarmiento\/","url_meta":{"origin":12923,"position":1},"title":"&#8220;Nulidad de la venta de ETB es un triunfo de todos los bogotanos&#8221;: concejal Manuel Sarmiento","author":"admin","date":"julio 11, 2017","format":false,"excerpt":"Oficina de prensa del concejal Manuel Sarmiento, Bogot\u00e1, julio 11 de 2017 El juzgado 4to administrativo de Bogot\u00e1 declar\u00f3 nulo el art\u00edculo 140 del Plan de Desarrollo de Pe\u00f1alosa, que permit\u00eda la privatizaci\u00f3n de la ETB. \u201cEsta decisi\u00f3n es un triunfo enorme de toda la ciudadan\u00eda capitalina y una derrota\u2026","rel":"","context":"En \u00abBogot\u00e1\u00bb","block_context":{"text":"Bogot\u00e1","link":"https:\/\/moir.com.co\/web\/category\/temas\/bogota\/"},"img":{"alt_text":"","src":"https:\/\/i0.wp.com\/moir.com.co\/web\/wp-content\/uploads\/2017\/07\/bogotaetbnosevende.jpg?fit=1200%2C900&ssl=1&resize=350%2C200","width":350,"height":200,"srcset":"https:\/\/i0.wp.com\/moir.com.co\/web\/wp-content\/uploads\/2017\/07\/bogotaetbnosevende.jpg?fit=1200%2C900&ssl=1&resize=350%2C200 1x, https:\/\/i0.wp.com\/moir.com.co\/web\/wp-content\/uploads\/2017\/07\/bogotaetbnosevende.jpg?fit=1200%2C900&ssl=1&resize=525%2C300 1.5x, https:\/\/i0.wp.com\/moir.com.co\/web\/wp-content\/uploads\/2017\/07\/bogotaetbnosevende.jpg?fit=1200%2C900&ssl=1&resize=700%2C400 2x, https:\/\/i0.wp.com\/moir.com.co\/web\/wp-content\/uploads\/2017\/07\/bogotaetbnosevende.jpg?fit=1200%2C900&ssl=1&resize=1050%2C600 3x"},"classes":[]},{"id":12196,"url":"https:\/\/moir.com.co\/web\/juez-admite-demanda-del-polo-y-sintratelefonos-contra-la-venta-de-etb\/","url_meta":{"origin":12923,"position":2},"title":"Juez admite demanda del Polo y Sintratel\u00e9fonos contra la venta de ETB","author":"admin","date":"abril 28, 2017","format":false,"excerpt":"Oficina de prensa del concejal Manuel Sarmiento, Bogot\u00e1, abril 28 de 2017 El Juzgado 4\u00ba Administrativo de Bogot\u00e1 admiti\u00f3 la demanda presentada por los cabildantes del Polo y Sintratel\u00e9fonos contra el art\u00edculo del Plan de Desarrollo que autoriza la venta de la Empresa de Telecomunicaciones de Bogot\u00e1, al encontrar que\u2026","rel":"","context":"En \u00abBogot\u00e1\u00bb","block_context":{"text":"Bogot\u00e1","link":"https:\/\/moir.com.co\/web\/category\/temas\/bogota\/"},"img":{"alt_text":"","src":"https:\/\/i0.wp.com\/moir.com.co\/web\/wp-content\/uploads\/2017\/04\/bogotademandaetb.jpg?fit=1200%2C673&ssl=1&resize=350%2C200","width":350,"height":200,"srcset":"https:\/\/i0.wp.com\/moir.com.co\/web\/wp-content\/uploads\/2017\/04\/bogotademandaetb.jpg?fit=1200%2C673&ssl=1&resize=350%2C200 1x, https:\/\/i0.wp.com\/moir.com.co\/web\/wp-content\/uploads\/2017\/04\/bogotademandaetb.jpg?fit=1200%2C673&ssl=1&resize=525%2C300 1.5x, https:\/\/i0.wp.com\/moir.com.co\/web\/wp-content\/uploads\/2017\/04\/bogotademandaetb.jpg?fit=1200%2C673&ssl=1&resize=700%2C400 2x, https:\/\/i0.wp.com\/moir.com.co\/web\/wp-content\/uploads\/2017\/04\/bogotademandaetb.jpg?fit=1200%2C673&ssl=1&resize=1050%2C600 3x"},"classes":[]},{"id":11183,"url":"https:\/\/moir.com.co\/web\/penalosa-debera-responder-en-cabildo-abierto-por-privatizacion-de-la-etb\/","url_meta":{"origin":12923,"position":3},"title":"Pe\u00f1alosa deber\u00e1 responder en Cabildo Abierto por privatizaci\u00f3n de la ETB","author":"admin","date":"noviembre 28, 2016","format":false,"excerpt":"Oficina de prensa del concejal Manuel Sarmiento, Bogot\u00e1, noviembre 27 de 2016 Sintratel\u00e9fonos, organizaci\u00f3n sindical de los trabajadores de Empresa de Telecomunicaciones de Bogot\u00e1, inform\u00f3 que el pasado 22 de noviembre el Consejo Nacional Electoral certific\u00f3 el cumplimiento de los requisitos para citar al alcalde Pe\u00f1alosa a un Cabildo Abierto\u2026","rel":"","context":"En \u00abBogot\u00e1\u00bb","block_context":{"text":"Bogot\u00e1","link":"https:\/\/moir.com.co\/web\/category\/temas\/bogota\/"},"img":{"alt_text":"","src":"https:\/\/i0.wp.com\/moir.com.co\/web\/wp-content\/uploads\/2016\/11\/etbcabildoiabierto.jpg?fit=984%2C655&ssl=1&resize=350%2C200","width":350,"height":200,"srcset":"https:\/\/i0.wp.com\/moir.com.co\/web\/wp-content\/uploads\/2016\/11\/etbcabildoiabierto.jpg?fit=984%2C655&ssl=1&resize=350%2C200 1x, https:\/\/i0.wp.com\/moir.com.co\/web\/wp-content\/uploads\/2016\/11\/etbcabildoiabierto.jpg?fit=984%2C655&ssl=1&resize=525%2C300 1.5x, https:\/\/i0.wp.com\/moir.com.co\/web\/wp-content\/uploads\/2016\/11\/etbcabildoiabierto.jpg?fit=984%2C655&ssl=1&resize=700%2C400 2x"},"classes":[]},{"id":15467,"url":"https:\/\/moir.com.co\/web\/procuraduria-senala-que-el-concejo-no-podia-autorizar-venta-de-etb-en-el-plan-de-desarrollo\/","url_meta":{"origin":12923,"position":4},"title":"Procuradur\u00eda se\u00f1ala que el Concejo no pod\u00eda autorizar venta de ETB en el Plan de Desarrollo","author":"admin","date":"julio 20, 2018","format":false,"excerpt":"Oficina de prensa del concejal Manuel Sarmiento, Bogot\u00e1, julio 19 de 2018 El ente de control le entreg\u00f3 un concepto al Tribunal Administrativo de Cundinamarca en el que afirma que dicha autorizaci\u00f3n debi\u00f3 tramitarse por un acuerdo distinto. Concepto de la Procuradur\u00eda les da la raz\u00f3n a los demandantes. En\u2026","rel":"","context":"En \u00abBogot\u00e1\u00bb","block_context":{"text":"Bogot\u00e1","link":"https:\/\/moir.com.co\/web\/category\/temas\/bogota\/"},"img":{"alt_text":"","src":"https:\/\/i0.wp.com\/moir.com.co\/web\/wp-content\/uploads\/2018\/07\/ETBprivatizacionpen%CC%83alosa.jpg?fit=700%2C500&ssl=1&resize=350%2C200","width":350,"height":200,"srcset":"https:\/\/i0.wp.com\/moir.com.co\/web\/wp-content\/uploads\/2018\/07\/ETBprivatizacionpen%CC%83alosa.jpg?fit=700%2C500&ssl=1&resize=350%2C200 1x, https:\/\/i0.wp.com\/moir.com.co\/web\/wp-content\/uploads\/2018\/07\/ETBprivatizacionpen%CC%83alosa.jpg?fit=700%2C500&ssl=1&resize=525%2C300 1.5x, https:\/\/i0.wp.com\/moir.com.co\/web\/wp-content\/uploads\/2018\/07\/ETBprivatizacionpen%CC%83alosa.jpg?fit=700%2C500&ssl=1&resize=700%2C400 2x"},"classes":[]},{"id":16561,"url":"https:\/\/moir.com.co\/web\/se-cae-la-privatizacion-de-etb\/","url_meta":{"origin":12923,"position":5},"title":"Se cae la privatizaci\u00f3n de ETB","author":"admin","date":"diciembre 7, 2018","format":false,"excerpt":"Oficina de prensa del concejal Manuel Sarmiento, Bogot\u00e1, diciembre 6 de 2018 En segunda instancia, el Tribunal Administrativo de Cundinamarca ratific\u00f3 la nulidad del art\u00edculo del Plan de Desarrollo de Pe\u00f1alosa que autorizaba la venta de las acciones del Distrito en la Empresa de Telecomunicaciones de Bogot\u00e1 \u2013 ETB. La\u2026","rel":"","context":"En \u00abBogot\u00e1\u00bb","block_context":{"text":"Bogot\u00e1","link":"https:\/\/moir.com.co\/web\/category\/temas\/bogota\/"},"img":{"alt_text":"","src":"https:\/\/i0.wp.com\/moir.com.co\/web\/wp-content\/uploads\/2016\/12\/manuelsarmientoetb.jpg?fit=800%2C534&ssl=1&resize=350%2C200","width":350,"height":200,"srcset":"https:\/\/i0.wp.com\/moir.com.co\/web\/wp-content\/uploads\/2016\/12\/manuelsarmientoetb.jpg?fit=800%2C534&ssl=1&resize=350%2C200 1x, https:\/\/i0.wp.com\/moir.com.co\/web\/wp-content\/uploads\/2016\/12\/manuelsarmientoetb.jpg?fit=800%2C534&ssl=1&resize=525%2C300 1.5x, https:\/\/i0.wp.com\/moir.com.co\/web\/wp-content\/uploads\/2016\/12\/manuelsarmientoetb.jpg?fit=800%2C534&ssl=1&resize=700%2C400 2x"},"classes":[]}],"jetpack_sharing_enabled":true,"_links":{"self":[{"href":"https:\/\/moir.com.co\/web\/wp-json\/wp\/v2\/posts\/12923","targetHints":{"allow":["GET"]}}],"collection":[{"href":"https:\/\/moir.com.co\/web\/wp-json\/wp\/v2\/posts"}],"about":[{"href":"https:\/\/moir.com.co\/web\/wp-json\/wp\/v2\/types\/post"}],"author":[{"embeddable":true,"href":"https:\/\/moir.com.co\/web\/wp-json\/wp\/v2\/users\/1"}],"replies":[{"embeddable":true,"href":"https:\/\/moir.com.co\/web\/wp-json\/wp\/v2\/comments?post=12923"}],"version-history":[{"count":0,"href":"https:\/\/moir.com.co\/web\/wp-json\/wp\/v2\/posts\/12923\/revisions"}],"wp:featuredmedia":[{"embeddable":true,"href":"https:\/\/moir.com.co\/web\/wp-json\/wp\/v2\/media\/12924"}],"wp:attachment":[{"href":"https:\/\/moir.com.co\/web\/wp-json\/wp\/v2\/media?parent=12923"}],"wp:term":[{"taxonomy":"category","embeddable":true,"href":"https:\/\/moir.com.co\/web\/wp-json\/wp\/v2\/categories?post=12923"},{"taxonomy":"post_tag","embeddable":true,"href":"https:\/\/moir.com.co\/web\/wp-json\/wp\/v2\/tags?post=12923"}],"curies":[{"name":"wp","href":"https:\/\/api.w.org\/{rel}","templated":true}]}}