{"id":12907,"date":"2017-07-17T16:02:02","date_gmt":"2017-07-17T16:02:02","guid":{"rendered":"https:\/\/moir.org.co\/web\/?p=12907"},"modified":"2017-07-17T16:02:02","modified_gmt":"2017-07-17T16:02:02","slug":"programa-radial-de-tribuna-magisterial-julio-16-de-2017","status":"publish","type":"post","link":"https:\/\/moir.com.co\/web\/programa-radial-de-tribuna-magisterial-julio-16-de-2017\/","title":{"rendered":"Programa Radial de Tribuna Magisterial, julio 16 de 2017"},"content":{"rendered":"<p><strong>Bogot\u00e1, julio 16 de 2017<\/strong><\/p>\n<p>En la emisi\u00f3n del 16 de julio de 2017, Mar\u00eda Antonieta Cano, directiva de la ADE y directora del programa, entrevist\u00f3 al Senador del Polo Democr\u00e1tico Alternativo Jorge Robledo quien explic\u00f3 las razones por las cuales N\u00e9stor Humberto Mart\u00ednez, Fiscal General de la Naci\u00f3n, le realiza una acusaci\u00f3n ante la Corte Suprema de Justicia por injuria y calumnia, se\u00f1ala que esto es por las graves denuncias hechas en los casos de corrupci\u00f3n de Odebretch, Navelena y la captura del Exfiscal anticorrupci\u00f3n Gustavo Moreno en las cuales hay evidencia de v\u00ednculos con el Fiscal. Tambi\u00e9n aclara que el pr\u00f3ximo martes 18 de julio de 2016 en la audiencia en la Corte no se retractar\u00e1 en ninguna de sus denuncias.<\/p>\n<p>Pedro Jim\u00e9nez invita a participar del plant\u00f3n, este martes 18 de julio, que se realizar\u00e1 en Bogot\u00e1 frente al Palacio de Justicia a las 8 de la ma\u00f1ana en respaldo al Senador Robledo.<\/p>\n<p>En el espacio sindical, Francisco Torres del Comit\u00e9 Ejecutivo de FECODE, da un informe sobre los resultados de la reuni\u00f3n que se realiz\u00f3 entre FECODE y el Ministerio de Educaci\u00f3n. En dicha reuni\u00f3n se estableci\u00f3 que las actividades acad\u00e9micas solo se extender\u00e1n hasta el 15 de diciembre de 2017 garantizando que los d\u00edas de clase involucrados en el paro del magisterio se repondr\u00e1n. Tambi\u00e9n habl\u00f3 sobre la ampliaci\u00f3n del cronograma para cargar los videos en la plataforma ECDF hasta el 17 de agosto y acordar la agenda de trabajo para el desarrollo de los acuerdos firmados.<\/p>\n<p>El concejal del Polo Democr\u00e1tico Alternativo Manuel Sarmiento le cont\u00f3 a la audiencia la importancia de la gran noticia para los bogotanos por cuenta de la decisi\u00f3n del juzgado 4 administrativo de Bogot\u00e1 de fallar a favor la demanda al art\u00edculo del plan distrital de desarrollo que permit\u00eda la venta de la ETB con lo cual nuevamente se salva la ETB.<\/p>\n","protected":false},"excerpt":{"rendered":"<p>Bogot\u00e1, julio 16 de 2017 En la emisi\u00f3n del 16 de julio de 2017, Mar\u00eda Antonieta Cano, directiva de la ADE y directora del programa, entrevist\u00f3 al Senador del Polo Democr\u00e1tico Alternativo Jorge Robledo quien explic\u00f3 las razones por las cuales N\u00e9stor Humberto Mart\u00ednez, Fiscal General de la Naci\u00f3n, le realiza una acusaci\u00f3n ante la [&hellip;]<\/p>\n","protected":false},"author":1,"featured_media":12908,"comment_status":"open","ping_status":"open","sticky":false,"template":"","format":"audio","meta":{"advanced_seo_description":"","jetpack_seo_html_title":"","jetpack_seo_noindex":false,"_jetpack_memberships_contains_paid_content":false,"footnotes":""},"categories":[101,102,103,97,108,109],"tags":[],"class_list":["post-12907","post","type-post","status-publish","format-audio","has-post-thumbnail","hentry","category-bogota","category-economia","category-educacion","category-imperialismo-y-neoliberalismo","category-servicios-publicos-articulos-de-actualidad","category-sindical","post_format-post-format-audio"],"jetpack_featured_media_url":"https:\/\/i0.wp.com\/moir.com.co\/web\/wp-content\/uploads\/2017\/07\/tribmagton%CC%83a5.jpg?fit=960%2C1280&ssl=1","jetpack-related-posts":[{"id":12860,"url":"https:\/\/moir.com.co\/web\/programa-radial-de-tribuna-magisterial-julio-9-de-2017\/","url_meta":{"origin":12907,"position":0},"title":"Programa Radial de Tribuna Magisterial, julio 9 de 2017","author":"admin","date":"julio 11, 2017","format":"audio","excerpt":"Bogot\u00e1, julio 9 de 2017 En el programa del 9 de junio, Mar\u00eda Antonieta Cano de la junta directiva de la ADE y directora del programa y Pedro Jim\u00e9nez profesor y conductor del programa, entrevistaron a Francisco Torres del comit\u00e9 ejecutivo de FECODE, quien explic\u00f3 la situaci\u00f3n educativa en Colombia,\u2026","rel":"","context":"En \u00abCiencia\u00bb","block_context":{"text":"Ciencia","link":"https:\/\/moir.com.co\/web\/category\/temas\/ciencia\/"},"img":{"alt_text":"","src":"https:\/\/i0.wp.com\/moir.com.co\/web\/wp-content\/uploads\/2017\/07\/tribmagton%CC%83a7.jpg?fit=1200%2C900&ssl=1&resize=350%2C200","width":350,"height":200,"srcset":"https:\/\/i0.wp.com\/moir.com.co\/web\/wp-content\/uploads\/2017\/07\/tribmagton%CC%83a7.jpg?fit=1200%2C900&ssl=1&resize=350%2C200 1x, https:\/\/i0.wp.com\/moir.com.co\/web\/wp-content\/uploads\/2017\/07\/tribmagton%CC%83a7.jpg?fit=1200%2C900&ssl=1&resize=525%2C300 1.5x, https:\/\/i0.wp.com\/moir.com.co\/web\/wp-content\/uploads\/2017\/07\/tribmagton%CC%83a7.jpg?fit=1200%2C900&ssl=1&resize=700%2C400 2x, https:\/\/i0.wp.com\/moir.com.co\/web\/wp-content\/uploads\/2017\/07\/tribmagton%CC%83a7.jpg?fit=1200%2C900&ssl=1&resize=1050%2C600 3x"},"classes":[]},{"id":12970,"url":"https:\/\/moir.com.co\/web\/programa-radial-de-tribuna-magisterial-julio-23-de-2017\/","url_meta":{"origin":12907,"position":1},"title":"Programa Radial de Tribuna Magisterial, julio 23 de 2017","author":"admin","date":"julio 25, 2017","format":"audio","excerpt":"Bogot\u00e1, julio 23 de 2017 En el programa del 23 de julio de 2017 Pedro Jim\u00e9nez docente del distrito y conductor del programa invit\u00f3 al magisterio bogotano a participar del encuentro de maestros voluntarios con Robledo que se realizar\u00e1 en la ADE norte el 5 de agosto a las 2:00\u2026","rel":"","context":"En \u00abCiencia\u00bb","block_context":{"text":"Ciencia","link":"https:\/\/moir.com.co\/web\/category\/temas\/ciencia\/"},"img":{"alt_text":"","src":"https:\/\/i0.wp.com\/moir.com.co\/web\/wp-content\/uploads\/2017\/07\/tribmagton%CC%83a5-1.jpg?fit=900%2C1200&ssl=1&resize=350%2C200","width":350,"height":200,"srcset":"https:\/\/i0.wp.com\/moir.com.co\/web\/wp-content\/uploads\/2017\/07\/tribmagton%CC%83a5-1.jpg?fit=900%2C1200&ssl=1&resize=350%2C200 1x, https:\/\/i0.wp.com\/moir.com.co\/web\/wp-content\/uploads\/2017\/07\/tribmagton%CC%83a5-1.jpg?fit=900%2C1200&ssl=1&resize=525%2C300 1.5x, https:\/\/i0.wp.com\/moir.com.co\/web\/wp-content\/uploads\/2017\/07\/tribmagton%CC%83a5-1.jpg?fit=900%2C1200&ssl=1&resize=700%2C400 2x"},"classes":[]},{"id":12978,"url":"https:\/\/moir.com.co\/web\/video-sobre-como-el-fiscal-martinez-debio-retirar-su-denuncia-en-mi-contra-robledo\/","url_meta":{"origin":12907,"position":2},"title":"Video: Sobre c\u00f3mo el Fiscal Mart\u00ednez debi\u00f3 retirar su denuncia en mi contra: Robledo","author":"admin","date":"julio 25, 2017","format":"video","excerpt":"Bogot\u00e1, julio 25 de 2017","rel":"","context":"En \u00abImperialismo y Neoliberalismo\u00bb","block_context":{"text":"Imperialismo y Neoliberalismo","link":"https:\/\/moir.com.co\/web\/category\/temas\/imperialismo-y-neoliberalismo\/"},"img":{"alt_text":"","src":"","width":0,"height":0},"classes":[]},{"id":10273,"url":"https:\/\/moir.com.co\/web\/programa-radial-de-tribuna-magisterial-julio-16-de-2016\/","url_meta":{"origin":12907,"position":3},"title":"Programa Radial de Tribuna Magisterial, julio 16 de 2016","author":"admin","date":"julio 21, 2016","format":false,"excerpt":"En el programa del 16 de julio de 2016, Mar\u00eda Antonieta Cano de la junta directiva de ADE y directora del programa ley\u00f3 la declaraci\u00f3n de Tribuna Magisterial de apoyo al Paro camionero, se\u00f1alando que este sector es una talanquera para la implementaci\u00f3n del TLC con E.E.U.U., frente a esto\u2026","rel":"","context":"En \u00abTribuna Magisterial\u00bb","block_context":{"text":"Tribuna Magisterial","link":"https:\/\/moir.com.co\/web\/category\/tribuna-magisterial\/"},"img":{"alt_text":"","src":"","width":0,"height":0},"classes":[]},{"id":12930,"url":"https:\/\/moir.com.co\/web\/el-fiscal-martinez-neira-retiro-su-denuncia-y-robledo-se-ratifico\/","url_meta":{"origin":12907,"position":4},"title":"El Fiscal Mart\u00ednez Neira retir\u00f3 su denuncia y Robledo se ratific\u00f3","author":"admin","date":"julio 18, 2017","format":false,"excerpt":"Oficina de prensa del senador Jorge Enrique Robledo, Bogot\u00e1, julio 18 de 2017 Triunfo de los derechos democr\u00e1ticos de congresistas y ciudadanos Hoy se realiz\u00f3 la diligencia judicial entre el senador Jorge Enrique Robledo y el Fiscal N\u00e9stor Humberto Mart\u00ednez Neira, quien ante la Corte Suprema de Justicia hab\u00eda interpuesto\u2026","rel":"","context":"En \u00abImperialismo y Neoliberalismo\u00bb","block_context":{"text":"Imperialismo y Neoliberalismo","link":"https:\/\/moir.com.co\/web\/category\/temas\/imperialismo-y-neoliberalismo\/"},"img":{"alt_text":"","src":"https:\/\/i0.wp.com\/moir.com.co\/web\/wp-content\/uploads\/2017\/07\/robledofiscalrecula.jpg?fit=1200%2C1200&ssl=1&resize=350%2C200","width":350,"height":200,"srcset":"https:\/\/i0.wp.com\/moir.com.co\/web\/wp-content\/uploads\/2017\/07\/robledofiscalrecula.jpg?fit=1200%2C1200&ssl=1&resize=350%2C200 1x, https:\/\/i0.wp.com\/moir.com.co\/web\/wp-content\/uploads\/2017\/07\/robledofiscalrecula.jpg?fit=1200%2C1200&ssl=1&resize=525%2C300 1.5x, https:\/\/i0.wp.com\/moir.com.co\/web\/wp-content\/uploads\/2017\/07\/robledofiscalrecula.jpg?fit=1200%2C1200&ssl=1&resize=700%2C400 2x, https:\/\/i0.wp.com\/moir.com.co\/web\/wp-content\/uploads\/2017\/07\/robledofiscalrecula.jpg?fit=1200%2C1200&ssl=1&resize=1050%2C600 3x"},"classes":[]},{"id":12933,"url":"https:\/\/moir.com.co\/web\/triunfo-de-los-derechos-democraticos-de-congresistas-y-ciudadanos-robledo\/","url_meta":{"origin":12907,"position":5},"title":"Triunfo de los derechos democr\u00e1ticos de congresistas y ciudadanos, Robledo","author":"admin","date":"julio 19, 2017","format":false,"excerpt":"Oficina de prensa del senador Jorge Enrique Robledo, Bogot\u00e1, julio 18 de 2017 Hoy se realiz\u00f3 la diligencia judicial entre el senador Jorge Enrique Robledo y el Fiscal N\u00e9stor Humberto Mart\u00ednez Neira, quien ante la Corte Suprema de Justicia hab\u00eda interpuesto una denuncia penal por injuria y calumnia en contra\u2026","rel":"","context":"En \u00abImperialismo y Neoliberalismo\u00bb","block_context":{"text":"Imperialismo y Neoliberalismo","link":"https:\/\/moir.com.co\/web\/category\/temas\/imperialismo-y-neoliberalismo\/"},"img":{"alt_text":"","src":"https:\/\/i0.wp.com\/moir.com.co\/web\/wp-content\/uploads\/2017\/07\/robledofiscalretractacion.jpg?fit=1200%2C516&ssl=1&resize=350%2C200","width":350,"height":200,"srcset":"https:\/\/i0.wp.com\/moir.com.co\/web\/wp-content\/uploads\/2017\/07\/robledofiscalretractacion.jpg?fit=1200%2C516&ssl=1&resize=350%2C200 1x, https:\/\/i0.wp.com\/moir.com.co\/web\/wp-content\/uploads\/2017\/07\/robledofiscalretractacion.jpg?fit=1200%2C516&ssl=1&resize=525%2C300 1.5x, https:\/\/i0.wp.com\/moir.com.co\/web\/wp-content\/uploads\/2017\/07\/robledofiscalretractacion.jpg?fit=1200%2C516&ssl=1&resize=700%2C400 2x, https:\/\/i0.wp.com\/moir.com.co\/web\/wp-content\/uploads\/2017\/07\/robledofiscalretractacion.jpg?fit=1200%2C516&ssl=1&resize=1050%2C600 3x"},"classes":[]}],"jetpack_sharing_enabled":true,"_links":{"self":[{"href":"https:\/\/moir.com.co\/web\/wp-json\/wp\/v2\/posts\/12907","targetHints":{"allow":["GET"]}}],"collection":[{"href":"https:\/\/moir.com.co\/web\/wp-json\/wp\/v2\/posts"}],"about":[{"href":"https:\/\/moir.com.co\/web\/wp-json\/wp\/v2\/types\/post"}],"author":[{"embeddable":true,"href":"https:\/\/moir.com.co\/web\/wp-json\/wp\/v2\/users\/1"}],"replies":[{"embeddable":true,"href":"https:\/\/moir.com.co\/web\/wp-json\/wp\/v2\/comments?post=12907"}],"version-history":[{"count":0,"href":"https:\/\/moir.com.co\/web\/wp-json\/wp\/v2\/posts\/12907\/revisions"}],"wp:featuredmedia":[{"embeddable":true,"href":"https:\/\/moir.com.co\/web\/wp-json\/wp\/v2\/media\/12908"}],"wp:attachment":[{"href":"https:\/\/moir.com.co\/web\/wp-json\/wp\/v2\/media?parent=12907"}],"wp:term":[{"taxonomy":"category","embeddable":true,"href":"https:\/\/moir.com.co\/web\/wp-json\/wp\/v2\/categories?post=12907"},{"taxonomy":"post_tag","embeddable":true,"href":"https:\/\/moir.com.co\/web\/wp-json\/wp\/v2\/tags?post=12907"}],"curies":[{"name":"wp","href":"https:\/\/api.w.org\/{rel}","templated":true}]}}