{"id":12851,"date":"2017-07-11T19:20:44","date_gmt":"2017-07-11T19:20:44","guid":{"rendered":"https:\/\/moir.org.co\/web\/?p=12851"},"modified":"2017-07-11T19:20:44","modified_gmt":"2017-07-11T19:20:44","slug":"justicia-global-para-los-caficultores","status":"publish","type":"post","link":"https:\/\/moir.com.co\/web\/justicia-global-para-los-caficultores\/","title":{"rendered":"Justicia global para los caficultores"},"content":{"rendered":"<p><strong>Aurelio Su\u00e1rez Montoya, El Tiempo, Bogot\u00e1, julio 11 de 2017<\/strong><\/p>\n<p id=\"p107626-m256-255-257\" class=\"contenido\">Lo producen\u00a0<b>50 pa\u00edses tropicales, que incorporan 25 millones de personas, trabajadores, medianos empresarios y minifundistas<\/b>, como en Colombia, donde el 95 por ciento de las parcelas tiene menos de cinco hect\u00e1reas. El 80 por ciento producido se exporta a las grandes econom\u00edas y s\u00f3lo 15 por ciento con valor agregado.<\/p>\n<div class=\"module-ads\"><\/div>\n<p id=\"p107626-m303-2-304\" class=\"contenido\">Poderosas transnacionales controlan la comercializaci\u00f3n internacional con mezclas de las cuatro variedades b\u00e1sicas.<\/p>\n<p>La oferta es de 1,5 sacos por cada uno de consumo y, cuando mayores inventarios se trasladan a los compradores y caen las cotizaciones en las bolsas,\u00a0<b>las p\u00e9rdidas corren a cargo de los productores.<br \/>\n<\/b><br \/>\nEl libre comercio reforz\u00f3 estas tendencias. En los \u00faltimos diez a\u00f1os, el crecimiento medio anual de los costos de producci\u00f3n en Brasil fue del 8,49 por ciento, y en Colombia, 5,54 por ciento, mientras que el precio internacional promedio subi\u00f3 1,45 por ciento, por lo cual el ingreso del productor depende cada vez m\u00e1s de las tasas de cambio.\u00a0<b>En efecto, la cotizaci\u00f3n por libra tuvo, entre 2000 y 2016, una media de 1,37 d\u00f3lares, valor que -en precios de 2016- ser\u00eda de 1,86, muy por encima del vigente.<\/b><\/p>\n<p>La concentraci\u00f3n en la industria mundial se increment\u00f3: dos compa\u00f1\u00edas, entre ellas JDE, compran el 20 por ciento del producto y venden el 40 por ciento del caf\u00e9 en taza.<\/p>\n<p>En Estados Unidos, tres firmas manejan el 80 por ciento del caf\u00e9 tostado y 86 por ciento del soluble y en Alemania el 75 y el 80 por ciento.\u00a0<b>Entre tanto, los pa\u00edses productores reciben solo 10 por ciento del valor global de 200 mil millones de d\u00f3lares<\/b>, lo que vale el mercado a consumo final. Los importadores est\u00e1n reexportando uno de cada cuatro sacos que compran.<\/p>\n<p>Contribuy\u00f3 al desbalance la Resoluci\u00f3n 420 de 2004 de la OIC, que volvi\u00f3 voluntario el Programa de Calidad, derogando normas m\u00ednimas obligatorias para el grano exportable adoptadas en 2002.<\/p>\n<p>En 2015, apenas uno de cada dos sacos se registra en el Programa y la variedad robusta, de menor calidad en taza, con Vietnam a la cabeza, pas\u00f3 en 25 a\u00f1os de ser el 27,5 por ciento de la cosecha mundial al 40 por ciento. El resultado del libre comercio fue rebajar el valor de la mezcla ofrecida.<\/p>\n<p>El caf\u00e9 sufre tambi\u00e9n por la crisis econ\u00f3mica: la OIC demostr\u00f3 que la ca\u00edda de los precios del petr\u00f3leo tambi\u00e9n lo arrastra y que un d\u00f3lar fuerte incide en forma negativa.<\/p>\n<p>El Foro de Pa\u00edses Productores, convocado por la Federaci\u00f3n de Cafeteros en sus 90 a\u00f1os,\u00a0<b>debe alentar la reversi\u00f3n de este perjudicial proceso, lo que, de no suceder, podr\u00eda limitar la producci\u00f3n a pocos pa\u00edses<\/b>. Los gobiernos deben asumir el liderazgo para recuperar la sostenibilidad social y financiera de sus cafeteros.<\/p>\n","protected":false},"excerpt":{"rendered":"<p>Aurelio Su\u00e1rez Montoya, El Tiempo, Bogot\u00e1, julio 11 de 2017 Lo producen\u00a050 pa\u00edses tropicales, que incorporan 25 millones de personas, trabajadores, medianos empresarios y minifundistas, como en Colombia, donde el 95 por ciento de las parcelas tiene menos de cinco hect\u00e1reas. El 80 por ciento producido se exporta a las grandes econom\u00edas y s\u00f3lo 15 [&hellip;]<\/p>\n","protected":false},"author":1,"featured_media":0,"comment_status":"open","ping_status":"open","sticky":false,"template":"","format":"standard","meta":{"advanced_seo_description":"","jetpack_seo_html_title":"","jetpack_seo_noindex":false,"_jetpack_memberships_contains_paid_content":false,"footnotes":""},"categories":[114,79,102,97,105,98],"tags":[],"class_list":["post-12851","post","type-post","status-publish","format-standard","hentry","category-agro","category-aurelio-suarez-montoya","category-economia","category-imperialismo-y-neoliberalismo","category-internacional-articulos-de-actualidad","category-politica"],"jetpack_featured_media_url":"","jetpack-related-posts":[{"id":17295,"url":"https:\/\/moir.com.co\/web\/video-intervencion-de-aurelio-suarez-montoya-en-la-audiencia-el-agro-en-crisis\/","url_meta":{"origin":12851,"position":0},"title":"Video: Intervenci\u00f3n de Aurelio Su\u00e1rez Montoya en la audiencia &#8220;El agro en crisis&#8221;","author":"admin","date":"abril 14, 2019","format":"video","excerpt":"Bogot\u00e1, abril 13 de 2019","rel":"","context":"En \u00abAgro\u00bb","block_context":{"text":"Agro","link":"https:\/\/moir.com.co\/web\/category\/temas\/agro\/"},"img":{"alt_text":"","src":"","width":0,"height":0},"classes":[]},{"id":17331,"url":"https:\/\/moir.com.co\/web\/video-intervencion-de-aurelio-suarez-montoya-en-la-audiencia-publica-s-o-s-por-la-industria-textil-confecciones\/","url_meta":{"origin":12851,"position":1},"title":"Video: Intervenci\u00f3n de Aurelio Su\u00e1rez Montoya en la audiencia p\u00fablica: &#8220;S.O.S por la industria textil confecciones&#8221;","author":"admin","date":"abril 23, 2019","format":"video","excerpt":"Bogot\u00e1, abril 22 de 2019","rel":"","context":"En \u00abAurelio Su\u00e1rez Montoya\u00bb","block_context":{"text":"Aurelio Su\u00e1rez Montoya","link":"https:\/\/moir.com.co\/web\/category\/bitacoras\/aurelio-suarez-montoya\/"},"img":{"alt_text":"","src":"","width":0,"height":0},"classes":[]},{"id":15611,"url":"https:\/\/moir.com.co\/web\/aurelio-suarez-montoya-responde-cuatro-preguntas-clave-sobre-el-metro-de-bogota\/","url_meta":{"origin":12851,"position":2},"title":"Aurelio Su\u00e1rez Montoya responde cuatro preguntas clave sobre el metro de Bogot\u00e1","author":"admin","date":"agosto 12, 2018","format":false,"excerpt":"El Tiempo, Bogot\u00e1, agosto 12 de 2018 1. \u00bfQu\u00e9 significa hacer la licitaci\u00f3n teniendo como norma la Banca Multilateral? ASM:\u00a0\u201cCircunscribir la licitaci\u00f3n del metro a las normas internacionales del Banco Interamericano de Desarrollo (BID)\u00a0es b\u00e1sicamente perder rigor, porque, por ejemplo, el BID puede entregar la licitaci\u00f3n a una lista que\u2026","rel":"","context":"En \u00abAurelio Su\u00e1rez Montoya\u00bb","block_context":{"text":"Aurelio Su\u00e1rez Montoya","link":"https:\/\/moir.com.co\/web\/category\/bitacoras\/aurelio-suarez-montoya\/"},"img":{"alt_text":"","src":"https:\/\/i0.wp.com\/moir.com.co\/web\/wp-content\/uploads\/2018\/08\/aureliosuarezET120818.jpeg?fit=600%2C450&ssl=1&resize=350%2C200","width":350,"height":200,"srcset":"https:\/\/i0.wp.com\/moir.com.co\/web\/wp-content\/uploads\/2018\/08\/aureliosuarezET120818.jpeg?fit=600%2C450&ssl=1&resize=350%2C200 1x, https:\/\/i0.wp.com\/moir.com.co\/web\/wp-content\/uploads\/2018\/08\/aureliosuarezET120818.jpeg?fit=600%2C450&ssl=1&resize=525%2C300 1.5x"},"classes":[]},{"id":15797,"url":"https:\/\/moir.com.co\/web\/video-economia-al-dia-con-yina-ramos-una-vision-de-la-economia-colombiana-2018-con-aurelio-suarez-montoya\/","url_meta":{"origin":12851,"position":3},"title":"Video: Econom\u00eda al D\u00eda con Yina Ramos: Una visi\u00f3n de la econom\u00eda colombiana 2018, con Aurelio Su\u00e1rez Montoya","author":"admin","date":"agosto 30, 2018","format":"video","excerpt":"Bogot\u00e1, agosto 27 de 2018","rel":"","context":"En \u00abAgro\u00bb","block_context":{"text":"Agro","link":"https:\/\/moir.com.co\/web\/category\/temas\/agro\/"},"img":{"alt_text":"","src":"","width":0,"height":0},"classes":[]},{"id":13753,"url":"https:\/\/moir.com.co\/web\/rueda-de-prensa-de-aurelio-suarez-montoya-en-pereira\/","url_meta":{"origin":12851,"position":4},"title":"Rueda de prensa de Aurelio Su\u00e1rez Montoya en Pereira","author":"admin","date":"noviembre 7, 2017","format":"video","excerpt":"Rueda de prensa con uno de los economistas m\u00e1s importantes del pa\u00eds, Aurelio Su\u00e1rez, hablar\u00e1 sobre temas de relevancia para el departamento de Risaralda. Pereira, noviembre 5 de 2017","rel":"","context":"En \u00abAgro\u00bb","block_context":{"text":"Agro","link":"https:\/\/moir.com.co\/web\/category\/temas\/agro\/"},"img":{"alt_text":"","src":"","width":0,"height":0},"classes":[]},{"id":14351,"url":"https:\/\/moir.com.co\/web\/video-alarmante-incremento-de-la-desigualdad-economica-en-el-mundo-aurelio-suarez-montoya\/","url_meta":{"origin":12851,"position":5},"title":"Video: Alarmante incremento de la desigualdad econ\u00f3mica en el mundo, Aurelio Su\u00e1rez Montoya","author":"admin","date":"enero 29, 2018","format":"video","excerpt":"Bogot\u00e1, enero 29 de 2018","rel":"","context":"En \u00abAurelio Su\u00e1rez Montoya\u00bb","block_context":{"text":"Aurelio Su\u00e1rez Montoya","link":"https:\/\/moir.com.co\/web\/category\/bitacoras\/aurelio-suarez-montoya\/"},"img":{"alt_text":"","src":"","width":0,"height":0},"classes":[]}],"jetpack_sharing_enabled":true,"_links":{"self":[{"href":"https:\/\/moir.com.co\/web\/wp-json\/wp\/v2\/posts\/12851","targetHints":{"allow":["GET"]}}],"collection":[{"href":"https:\/\/moir.com.co\/web\/wp-json\/wp\/v2\/posts"}],"about":[{"href":"https:\/\/moir.com.co\/web\/wp-json\/wp\/v2\/types\/post"}],"author":[{"embeddable":true,"href":"https:\/\/moir.com.co\/web\/wp-json\/wp\/v2\/users\/1"}],"replies":[{"embeddable":true,"href":"https:\/\/moir.com.co\/web\/wp-json\/wp\/v2\/comments?post=12851"}],"version-history":[{"count":0,"href":"https:\/\/moir.com.co\/web\/wp-json\/wp\/v2\/posts\/12851\/revisions"}],"wp:attachment":[{"href":"https:\/\/moir.com.co\/web\/wp-json\/wp\/v2\/media?parent=12851"}],"wp:term":[{"taxonomy":"category","embeddable":true,"href":"https:\/\/moir.com.co\/web\/wp-json\/wp\/v2\/categories?post=12851"},{"taxonomy":"post_tag","embeddable":true,"href":"https:\/\/moir.com.co\/web\/wp-json\/wp\/v2\/tags?post=12851"}],"curies":[{"name":"wp","href":"https:\/\/api.w.org\/{rel}","templated":true}]}}