{"id":12848,"date":"2017-07-10T17:52:00","date_gmt":"2017-07-10T17:52:00","guid":{"rendered":"https:\/\/moir.org.co\/web\/?p=12848"},"modified":"2017-07-10T17:52:00","modified_gmt":"2017-07-10T17:52:00","slug":"canal-de-isabel-ii-aprueba-en-espana-todo-lo-contrario-de-lo-que-hace-la-triple-a-de-barranquilla","status":"publish","type":"post","link":"https:\/\/moir.com.co\/web\/canal-de-isabel-ii-aprueba-en-espana-todo-lo-contrario-de-lo-que-hace-la-triple-a-de-barranquilla\/","title":{"rendered":"Canal de Isabel II aprueba en Espa\u00f1a todo lo contrario de lo que hace  la Triple A de Barranquilla"},"content":{"rendered":"<p><strong>Norman Alarc\u00f3n Rodas, Barranquilla, julio 10 de 2017<\/strong><\/p>\n<p>El pasado jueves 6 de julio, la Junta General de Accionistas del Canal de Isabel II de Espa\u00f1a, reunida en Madrid, aprob\u00f3 las cuentas individuales y consolidadas a 31 de diciembre de 2016 de este conglomerado, que atiende todo el ciclo integral del agua en la comunidad madrile\u00f1a. All\u00ed se revis\u00f3 la participaci\u00f3n de la Triple A de Barranquilla en las utilidades.<\/p>\n<p>&nbsp;<\/p>\n<p>Como se sabe, el consorcio espa\u00f1ol constituy\u00f3 en 2001 su filial Canal Extensia para llevar sus negocios a Am\u00e9rica y con ella adquiri\u00f3 la mayor\u00eda accionaria de Inassa S.A. (Interamericana de Aguas y Servicios S. A.), propietaria mayoritaria de la Triple A de Barranquilla. Lo hizo a trav\u00e9s de una empresa de papel en Panam\u00e1 para no pagarle un peso al fisco colombiano, como lo vino a descubrir hace poco la justicia espa\u00f1ola con la Operaci\u00f3n Lezo, que tiene presos en Espa\u00f1a a m\u00e1s de diez altos empleados de estas compa\u00f1\u00edas por numerosos cargos penales.<\/p>\n<p>&nbsp;<\/p>\n<p>En Colombia, entidades como el Frente Amplio C\u00edvico por el Rescate de Barranquilla y el Sindicato de Trabajadores de la Triple A, asesorados por el analista econ\u00f3mico Aurelio Su\u00e1rez Montoya y el abogado Antonio Boh\u00f3rquez, han denunciado una serie de despojos en la Triple A, la empresa que presta el servicio de agua, alcantarillado y aseo en Barranquilla y 14 municipios m\u00e1s del Atl\u00e1ntico. El ente distrital pas\u00f3 de tener el 89% de las acciones en 1992 al 14% en la actualidad, tras una serie de maniobras torticeras entre las empresas ib\u00e9ricas Aguas de Barcelona y Canal de Isabel II e inversionistas criollos. Los otros zarpazos est\u00e1n relacionados con la concesi\u00f3n del Aseo T\u00e9cnico, que debe restituirse al Distrito en noviembre de 2018, y los mal llamados activos intangibles, que no son tales, sino las muy tangibles mejoras de infraestructuras pagadas con recursos de la empresa pero que ser\u00e1n cobradas de nuevo al Distrito, \u201cconcluida la concesi\u00f3n por cualquier causa\u201d, y que suman en la actualidad el 55% de los activos totales.<\/p>\n<p>&nbsp;<\/p>\n<p>TRIPLE A LLENA LAS ALFORJAS DE INASSA-CANAL ISABEL II<\/p>\n<p>&nbsp;<\/p>\n<p>Seg\u00fan \u201clas cuentas individuales y consolidadas\u201d publicadas el pasado jueves 6 de julio en su p\u00e1gina internet, el Canal de Isabel II cierra el ejercicio de 2016 con un EBITDA (ganancias antes de intereses, impuestos, depreciaci\u00f3n y amortizaci\u00f3n) de 376 millones de euros, de los cuales Triple A coadyuv\u00f3 con 34 millones de euros (119.000 millones de pesos) provenientes del pago de las altas tarifas por parte de barranquilleros y atlanticenses. El resultado, despu\u00e9s de impuestos del Grupo Canal, lleg\u00f3 a los 246 millones de euros (861.000 millones de pesos) en 2016, suma que representa un incremento del 8,9% respecto al a\u00f1o anterior.<\/p>\n<p>&nbsp;<\/p>\n<p>Llama la atenci\u00f3n el nuevo Plan Estrat\u00e9gico de la trasnacional espa\u00f1ola de reforzar el car\u00e1cter ciento por ciento p\u00fablico de la empresa, que volver\u00e1 a llamarse Canal de Isabel II S. A. Causa tambi\u00e9n asombro la desinversi\u00f3n (venta) de todas las filiales en Latinoam\u00e9rica, entre ellas Inassa-TripleA, proceso que durar\u00e1 un a\u00f1o. El gobierno de la Comunidad de Madrid, propietaria del Canal de Isabel II, se ha comprometido a mantener congeladas las tarifas del agua durante toda la legislatura y ofrece asimismo una bonificaci\u00f3n social a aquellas familias con dificultades econ\u00f3micas, lo que supone la gratuidad de un consumo de 25 metros c\u00fabicos de agua cada dos meses y la reducci\u00f3n de la cuota fija (cargo fijo) de servicio en un 50%. La puntada final no es menos sorprendente, pues la Comunidad proh\u00edbe expresamente el corte de suministros a aquellos usuarios que atraviesen dificultades econ\u00f3micas.<\/p>\n<p><strong>\u00a0<\/strong><\/p>\n<p>\u00a1El mundo al rev\u00e9s! Todo lo contrario de las pol\u00edticas que aplica en Colombia el Canal de Isabel II a trav\u00e9s de Inassa-TripleA, particularmente en Barranquilla y 14 municipios del Atl\u00e1ntico: aqu\u00ed tenemos una empresa privatizada, una de las tasas m\u00e1s altas del pa\u00eds llamadas tarifas regionales, sin un solo metro c\u00fabico de agua gratuito, con un cargo fijo muy alto y cortes inexorables del servicio cuando la gente no tiene forma de pagar.<\/p>\n<p>&nbsp;<\/p>\n<p>El misterio reside en que aprietan aqu\u00ed para poder aflojar all\u00e1. Con la complicidad de los gobiernos de turno, imponen tarifas elevadas para que trasnacionales como el Canal de Isabel II puedan tener altas utilidades que les permitan un tratamiento humano a los usuarios madrile\u00f1os.<\/p>\n<p>&nbsp;<\/p>\n<p>Este evidente destape de las injusticias cometidas en Colombia, sumadas a los despojos de que ha sido v\u00edctima la poblaci\u00f3n de la Costa en los servicios p\u00fablicos domiciliarios, hace necesario aprobar de inmediato correctivos de fondo, entre ellos, la devoluci\u00f3n de las acciones y activos birlados al Distrito y la reversi\u00f3n de la concesi\u00f3n del aseo para que los beneficios sean reinvertidos a favor de la ciudadan\u00eda.<\/p>\n","protected":false},"excerpt":{"rendered":"<p>Norman Alarc\u00f3n Rodas, Barranquilla, julio 10 de 2017 El pasado jueves 6 de julio, la Junta General de Accionistas del Canal de Isabel II de Espa\u00f1a, reunida en Madrid, aprob\u00f3 las cuentas individuales y consolidadas a 31 de diciembre de 2016 de este conglomerado, que atiende todo el ciclo integral del agua en la comunidad [&hellip;]<\/p>\n","protected":false},"author":1,"featured_media":0,"comment_status":"open","ping_status":"open","sticky":false,"template":"","format":"standard","meta":{"advanced_seo_description":"","jetpack_seo_html_title":"","jetpack_seo_noindex":false,"_jetpack_memberships_contains_paid_content":false,"footnotes":""},"categories":[102,97,98,108],"tags":[],"class_list":["post-12848","post","type-post","status-publish","format-standard","hentry","category-economia","category-imperialismo-y-neoliberalismo","category-politica","category-servicios-publicos-articulos-de-actualidad"],"jetpack_featured_media_url":"","jetpack-related-posts":[{"id":16132,"url":"https:\/\/moir.com.co\/web\/embargo-de-inassa-no-puede-ocultar-los-otros-despojos-en-triplea-de-barranquilla\/","url_meta":{"origin":12848,"position":0},"title":"Embargo de Inassa no puede ocultar los otros despojos en TripleA de Barranquilla","author":"admin","date":"octubre 9, 2018","format":false,"excerpt":"Norman Alarc\u00f3n Rodas, Barranquilla, octubre 9 de 2018 Cay\u00f3 como una bomba la noticia del embargo ordenado por la Fiscal\u00eda de las acciones mayoritarias que detenta Inassa en la Triple A de Barranquilla (82,16%). Inassa las pose\u00eda en nombre del Canal Extensia, empresa subsidiaria en Am\u00e9rica Latina del Canal de\u2026","rel":"","context":"En \u00abEconom\u00eda\u00bb","block_context":{"text":"Econom\u00eda","link":"https:\/\/moir.com.co\/web\/category\/temas\/economia\/"},"img":{"alt_text":"","src":"https:\/\/i0.wp.com\/moir.com.co\/web\/wp-content\/uploads\/2018\/10\/inassatripleaaa.jpg?fit=1200%2C671&ssl=1&resize=350%2C200","width":350,"height":200,"srcset":"https:\/\/i0.wp.com\/moir.com.co\/web\/wp-content\/uploads\/2018\/10\/inassatripleaaa.jpg?fit=1200%2C671&ssl=1&resize=350%2C200 1x, https:\/\/i0.wp.com\/moir.com.co\/web\/wp-content\/uploads\/2018\/10\/inassatripleaaa.jpg?fit=1200%2C671&ssl=1&resize=525%2C300 1.5x, https:\/\/i0.wp.com\/moir.com.co\/web\/wp-content\/uploads\/2018\/10\/inassatripleaaa.jpg?fit=1200%2C671&ssl=1&resize=700%2C400 2x, https:\/\/i0.wp.com\/moir.com.co\/web\/wp-content\/uploads\/2018\/10\/inassatripleaaa.jpg?fit=1200%2C671&ssl=1&resize=1050%2C600 3x"},"classes":[]},{"id":12264,"url":"https:\/\/moir.com.co\/web\/quien-ronda-a-la-triple-a-en-colombia\/","url_meta":{"origin":12848,"position":1},"title":"\u00bfQui\u00e9n ronda a la Triple A en Colombia?","author":"admin","date":"mayo 4, 2017","format":false,"excerpt":"Norman Alarc\u00f3n Rodas, Barranquilla, mayo 4 de 2017 La Sociedad de Acueducto, Alcantarillado y Aseo de Barranquilla (Triple A) y su accionista mayoritaria Inassa S.A. han entrado en el ojo del hurac\u00e1n por los esc\u00e1ndalos suscitados en los \u00faltimos d\u00edas allende el oc\u00e9ano Atl\u00e1ntico en Espa\u00f1a, sede de la matriz\u2026","rel":"","context":"En \u00abEconom\u00eda\u00bb","block_context":{"text":"Econom\u00eda","link":"https:\/\/moir.com.co\/web\/category\/temas\/economia\/"},"img":{"alt_text":"","src":"","width":0,"height":0},"classes":[]},{"id":17606,"url":"https:\/\/moir.com.co\/web\/quien-responde-por-el-robo-de-la-triple-a-en-barranquilla\/","url_meta":{"origin":12848,"position":2},"title":"Qui\u00e9n responde por el robo de la Triple A en Barranquilla","author":"admin","date":"junio 11, 2019","format":false,"excerpt":"Jorge Enrique Robledo, Bogot\u00e1, junio 7 de 2019 La justicia de Espa\u00f1a, que destap\u00f3 el gran robo en la Triple A en Barranquilla, se\u00f1al\u00f3 que fue obra de una \u201corganizaci\u00f3n criminal\u201d dirigida por encopetados dirigentes empresariales y pol\u00edticos espa\u00f1oles, con el imprescindible aporte de unos compinches colombianos. Como ocurri\u00f3 con\u2026","rel":"","context":"En \u00abEconom\u00eda\u00bb","block_context":{"text":"Econom\u00eda","link":"https:\/\/moir.com.co\/web\/category\/temas\/economia\/"},"img":{"alt_text":"","src":"https:\/\/i0.wp.com\/moir.com.co\/web\/wp-content\/uploads\/2019\/06\/robledotripleA.jpg?fit=768%2C576&ssl=1&resize=350%2C200","width":350,"height":200,"srcset":"https:\/\/i0.wp.com\/moir.com.co\/web\/wp-content\/uploads\/2019\/06\/robledotripleA.jpg?fit=768%2C576&ssl=1&resize=350%2C200 1x, https:\/\/i0.wp.com\/moir.com.co\/web\/wp-content\/uploads\/2019\/06\/robledotripleA.jpg?fit=768%2C576&ssl=1&resize=525%2C300 1.5x, https:\/\/i0.wp.com\/moir.com.co\/web\/wp-content\/uploads\/2019\/06\/robledotripleA.jpg?fit=768%2C576&ssl=1&resize=700%2C400 2x"},"classes":[]},{"id":13532,"url":"https:\/\/moir.com.co\/web\/inassa-triple-a-de-barranquilla-al-banquillo-y-quiere-expandirse-al-sur-del-atlantico\/","url_meta":{"origin":12848,"position":3},"title":"Inassa-Triple A de Barranquilla al banquillo. Y quiere expandirse al sur del Atl\u00e1ntico","author":"admin","date":"octubre 17, 2017","format":false,"excerpt":"Norman Alarc\u00f3n Rodas, Barranquilla, octubre 17 de 2017 Seis meses despu\u00e9s de que fueran detenidos en Espa\u00f1a por graves desfalcos altos directivos del Canal de Isabel II de la Comunidad de Madrid y de su filial en Am\u00e9rica Latina, Inassa S.A. \u2013empresas con mayor\u00eda accionaria en la Triple A de\u2026","rel":"","context":"En \u00abEconom\u00eda\u00bb","block_context":{"text":"Econom\u00eda","link":"https:\/\/moir.com.co\/web\/category\/temas\/economia\/"},"img":{"alt_text":"","src":"","width":0,"height":0},"classes":[]},{"id":10260,"url":"https:\/\/moir.com.co\/web\/triple-a-de-barranquilla-en-el-ojo-del-huracan\/","url_meta":{"origin":12848,"position":4},"title":"Triple a de Barranquilla en el ojo del hurac\u00e1n","author":"admin","date":"julio 15, 2016","format":false,"excerpt":"El Concejo Municipal de Barranquilla en el a\u00f1o 1991 decidi\u00f3 liquidar las Empresas P\u00fablicas Municipales (EPM) y participar en la creaci\u00f3n de la Sociedad de Acueducto, Alcantarillado y Aseo de Barranquilla, empresa de naturaleza mixta que se conocer\u00eda en adelante como la Triple A. El Acuerdo N\u00b0 0023 de 6\u2026","rel":"","context":"En \u00abTemas\u00bb","block_context":{"text":"Temas","link":"https:\/\/moir.com.co\/web\/category\/temas\/"},"img":{"alt_text":"","src":"","width":0,"height":0},"classes":[]},{"id":18439,"url":"https:\/\/moir.com.co\/web\/triple-a-de-barranquilla-despojos-y-cuna-salina-sin-resolver\/","url_meta":{"origin":12848,"position":5},"title":"Triple A de Barranquilla: Despojos y cu\u00f1a salina sin resolver","author":"admin","date":"febrero 14, 2020","format":false,"excerpt":"Norman Alarc\u00f3n Rodas, Barranquilla, febrero 13 de 2020 Desde octubre de 2018, la Sociedad de Activos Especiales, SAE (Ministerio de Hacienda), tom\u00f3 el control mayoritario de la Sociedad Triple A de Barranquilla. Fue el resultado del embargo hecho por la Fiscal\u00eda General de la Naci\u00f3n al 82 por ciento de\u2026","rel":"","context":"En \u00abEconom\u00eda\u00bb","block_context":{"text":"Econom\u00eda","link":"https:\/\/moir.com.co\/web\/category\/temas\/economia\/"},"img":{"alt_text":"","src":"https:\/\/i0.wp.com\/moir.com.co\/web\/wp-content\/uploads\/2019\/04\/barranquillainassatriplea.jpg?fit=700%2C500&ssl=1&resize=350%2C200","width":350,"height":200,"srcset":"https:\/\/i0.wp.com\/moir.com.co\/web\/wp-content\/uploads\/2019\/04\/barranquillainassatriplea.jpg?fit=700%2C500&ssl=1&resize=350%2C200 1x, https:\/\/i0.wp.com\/moir.com.co\/web\/wp-content\/uploads\/2019\/04\/barranquillainassatriplea.jpg?fit=700%2C500&ssl=1&resize=525%2C300 1.5x, https:\/\/i0.wp.com\/moir.com.co\/web\/wp-content\/uploads\/2019\/04\/barranquillainassatriplea.jpg?fit=700%2C500&ssl=1&resize=700%2C400 2x"},"classes":[]}],"jetpack_sharing_enabled":true,"_links":{"self":[{"href":"https:\/\/moir.com.co\/web\/wp-json\/wp\/v2\/posts\/12848","targetHints":{"allow":["GET"]}}],"collection":[{"href":"https:\/\/moir.com.co\/web\/wp-json\/wp\/v2\/posts"}],"about":[{"href":"https:\/\/moir.com.co\/web\/wp-json\/wp\/v2\/types\/post"}],"author":[{"embeddable":true,"href":"https:\/\/moir.com.co\/web\/wp-json\/wp\/v2\/users\/1"}],"replies":[{"embeddable":true,"href":"https:\/\/moir.com.co\/web\/wp-json\/wp\/v2\/comments?post=12848"}],"version-history":[{"count":0,"href":"https:\/\/moir.com.co\/web\/wp-json\/wp\/v2\/posts\/12848\/revisions"}],"wp:attachment":[{"href":"https:\/\/moir.com.co\/web\/wp-json\/wp\/v2\/media?parent=12848"}],"wp:term":[{"taxonomy":"category","embeddable":true,"href":"https:\/\/moir.com.co\/web\/wp-json\/wp\/v2\/categories?post=12848"},{"taxonomy":"post_tag","embeddable":true,"href":"https:\/\/moir.com.co\/web\/wp-json\/wp\/v2\/tags?post=12848"}],"curies":[{"name":"wp","href":"https:\/\/api.w.org\/{rel}","templated":true}]}}