{"id":12830,"date":"2017-07-08T16:43:08","date_gmt":"2017-07-08T16:43:08","guid":{"rendered":"https:\/\/moir.org.co\/web\/?p=12830"},"modified":"2017-07-08T16:43:08","modified_gmt":"2017-07-08T16:43:08","slug":"colombia-no-puede-tolerar-un-irresponsable-como-fiscal-jorge-robledo","status":"publish","type":"post","link":"https:\/\/moir.com.co\/web\/colombia-no-puede-tolerar-un-irresponsable-como-fiscal-jorge-robledo\/","title":{"rendered":"Colombia no puede tolerar un irresponsable como Fiscal: Jorge Robledo"},"content":{"rendered":"<p><strong>Entrevista de\u00a0Jhon Freddy Figueroa, Diario del Huila, Neiva, julio 8 de 2017<\/strong><\/p>\n<p><em>De gira por el departamento del Huila, el senador y candidato presidencial por el Polo Democr\u00e1tico, reiter\u00f3 sus cr\u00edticas a la gesti\u00f3n que viene adelantando el actual Fiscal General de la Naci\u00f3n, N\u00e9stor Humberto Mart\u00ednez.<\/em><\/p>\n<p>Con la seriedad que lo caracteriza el senador y candidato presidencial por el Polo Democr\u00e1tico visit\u00f3 la capital opita. En su correr\u00eda por el departamento, estuvo con las \u00a0directivas de la colectividad y aprovech\u00f3 el tiempo para reunirse con miembros del partido que militan en Huila, Caquet\u00e1\u00a0 y Putumayo.<\/p>\n<p>DIARIO DEL HUILA, habl\u00f3 con \u00e9l sobre algunos temas coyunturales del pa\u00eds. Reitero sus cr\u00edticas a la gesti\u00f3n del Fiscal General de la Naci\u00f3n y anunci\u00f3 debate ante la andanada de corrupci\u00f3n que vive el aparato judicial del pa\u00eds.<\/p>\n<p><strong>\u00bfC\u00f3mo ve al Polo en el Huila?<\/strong><\/p>\n<p>Lo veo bien, el Polo Democr\u00e1tico no solo en el Huila sino en Colombia, logr\u00f3 resolver positivamente el ataque feroz que hizo Santos de coartarnos; el Gobierno Nacional uso todo su poder para hacer del Polo un partido santista y no pudo. Ac\u00e1, el 99% de sus miembros se mantiene unido y con la idea de que este no es un partido que no est\u00e1 ni con la Unidad Nacional ni con el Centro Democr\u00e1tico. Vimos en el Huila delegaciones de varios municipios; el Polo del Huila, est\u00e1 unido en torno a la direcci\u00f3n nacional y a mi candidatura.<\/p>\n<p><strong>\u00bfY su candidatura c\u00f3mo va?<\/strong><\/p>\n<p>Bien, es grato sentir tanto cari\u00f1o, solidaridad y respeto. Es satisfactorio sentir el cari\u00f1o de los ciudadanos y soy optimista en que vamos a lograr configurar un proyecto capaz de vencer en el 2018.<\/p>\n<p><strong>\u00bfQu\u00e9 hacer ante tanta corrupci\u00f3n que cada d\u00eda se conoce en el pa\u00eds?<\/strong><\/p>\n<p>Dice Rudolf Hommes, lo grave en Colombia no es la corrupci\u00f3n sino el sistema que la crea y la sostiene; este es el problema porque hay un sistema de corrupci\u00f3n en Colombia en palabras del ex ministro Fernando Cepeda, m\u00e1s que corrupci\u00f3n, lo que hay son organizaciones criminales y mientras esto no se cambie todos los d\u00edas va haber m\u00e1s esc\u00e1ndalos de corrupci\u00f3n. No hay ninguna posibilidad de que una persona como N\u00e9stor Humberto Mart\u00ednez que es parte clar\u00edsima del sistema de uno de los partidos m\u00e1s poderosos de Colombia, vaya a enfrentar esto con seriedad.<\/p>\n<p><strong>\u00bfY c\u00f3mo enfrentar esta problem\u00e1tica?<\/strong><\/p>\n<p>Ac\u00e1 hay un contubernio entre los poderes pol\u00edticos y econ\u00f3micos de Colombia para gobernar de esta manera; vemos que hay clientelismo, mermelada, cuotas burocr\u00e1ticas y todo eso se tom\u00f3 el pa\u00eds y lo ha ido pudriendo. Ac\u00e1 hay una manera y es derrotar a todas las fuerzas que nos han gobernado y que son las responsables de que estemos como estamos.<\/p>\n<p><strong>\u00bfQu\u00e9 debates piensa adelantar ahora que inicien de nuevo a legislar?<\/strong><\/p>\n<p>Voy a pedir debate sobre el fiscal Moreno y de esa especie de verg\u00fcenza mundial que tenemos que el ex fiscal anticorrupci\u00f3n de Colombia es corrupto, es extorsionista y fue capturado adem\u00e1s con las prueba de la justicia norteamericana y voy a hacer ese debate para se\u00f1alar como Colombia termino con un fiscal anticorrupci\u00f3n corrupto porque el doctor N\u00e9stor Humberto Mart\u00ednez, no hizo la investigaci\u00f3n que ten\u00eda obligaci\u00f3n de hacer antes de nombrarlo y no las hizo por razones clientelistas.<\/p>\n<p><strong>\u00bfTiene culpa el fiscal de lo que pas\u00f3 con Moreno?<\/strong><\/p>\n<p>Como es posible que el fiscal no haya investigado a fondo quien era Gustavo Moreno, el mismo que el nombro; y esto sucede es porque era una operaci\u00f3n clientelista en la cual satisfac\u00eda las necesidades pol\u00edticas de su partido pol\u00edtico Cambio Radical e hizo sus intercambios clientelistas con la Corte Suprema de Justicia, todo est\u00e1 perfectamente documentado. El fiscal llega a la fiscal\u00eda por esos dos or\u00edgenes de tipo clientelista y nombra a Moreno que tambi\u00e9n ten\u00eda v\u00ednculos de clientelistas pol\u00edticos y jur\u00eddicos.<\/p>\n<p><strong>\u00bfQu\u00e9 piensa de la dejaci\u00f3n de armas de las FARC?<\/strong><\/p>\n<p>Ese es el \u00e9xito del proceso de paz y muchas cosas pueden criticarse del proceso que hasta yo mismo las tengo, pero el punto clave era si se pod\u00edan desarmar la FARC y es un hecho y eso lo pueden garantizar el Consejo de Seguridad de las ONU, el Ej\u00e9rcito Nacional, la Polic\u00eda Nacional. Esto es un gran \u00e9xito para Colombia, recuerdo que hice hace unos d\u00edas un art\u00edculo que se titul\u00f3 \u2018Por fin, la noticia esperada\u2019, yo llevaba toda mi vida esperando esta noticia y creo que todos los colombianos y eso es un hecho positivo.<\/p>\n<p><strong>\u00bfEn qu\u00e9 consiste su propuesta de monopolio del Estado sobre las armas?<\/strong><\/p>\n<p>Simple, es que nadie en Colombia puede seguir usando las armas por fuera de la legalidad. Un Estado que las use es que sea garantista y apegado a la Ley y es hora de que hagamos votos de que en el pa\u00eds pasaron cosas horribles como ese levantamiento armado.<\/p>\n<p><strong>\u00bfSu percepci\u00f3n sobre di\u00e1logos con el ELN?<\/strong><\/p>\n<p>Hacemos votos porque se desarrollen con ligereza, no es f\u00e1cil pero ojala encuentren las coincidencias m\u00ednimas que les permitan llegar a un acuerdo y ojal\u00e1 hubiera alg\u00fan tipo de cese al fuego u hostilidades para saludar la venida del Papa Francisco que suceder\u00e1 dentro de dos meses.<\/p>\n<p><strong>\u00bfSituaci\u00f3n en Venezuela, qu\u00e9 decir al respecto?<\/strong><\/p>\n<p>Es un desastre lo que est\u00e1 pasando all\u00e1; pienso que la soluci\u00f3n fundamental tiene que venir de los propios venezolanos que tienen que encontrar la forma de solucionar ese problema de la manera m\u00e1s democr\u00e1tica. Los colombianos debemos respetar el derecho de auto determinaci\u00f3n de los venezolanos. El Estado colombiano debe manejar con tacto ese problema.<\/p>\n<p><strong>Su mensaje a los huilenses<\/strong><\/p>\n<p>Mi mensaje es de cari\u00f1o y decirles que me preocupan los problemas del Huila tales como la situaci\u00f3n de los arroceros, los lecheros y los problemas del pa\u00eds y del Huila son graves pero el llamado es a que optemos por el cambio y no nos dejemos gobernar por los de siempre. Quien quiera cambios, debe empezar por cambiar a s\u00ed mismo y dejar de respaldar a quienes le han fallado a la Naci\u00f3n.<\/p>\n","protected":false},"excerpt":{"rendered":"<p>Entrevista de\u00a0Jhon Freddy Figueroa, Diario del Huila, Neiva, julio 8 de 2017 De gira por el departamento del Huila, el senador y candidato presidencial por el Polo Democr\u00e1tico, reiter\u00f3 sus cr\u00edticas a la gesti\u00f3n que viene adelantando el actual Fiscal General de la Naci\u00f3n, N\u00e9stor Humberto Mart\u00ednez. Con la seriedad que lo caracteriza el senador [&hellip;]<\/p>\n","protected":false},"author":1,"featured_media":12831,"comment_status":"open","ping_status":"open","sticky":false,"template":"","format":"standard","meta":{"advanced_seo_description":"","jetpack_seo_html_title":"","jetpack_seo_noindex":false,"_jetpack_memberships_contains_paid_content":false,"footnotes":""},"categories":[114,102,97,4,98],"tags":[],"class_list":["post-12830","post","type-post","status-publish","format-standard","has-post-thumbnail","hentry","category-agro","category-economia","category-imperialismo-y-neoliberalismo","category-jorge-enrique-robledo","category-politica"],"jetpack_featured_media_url":"https:\/\/i0.wp.com\/moir.com.co\/web\/wp-content\/uploads\/2017\/07\/robledodiariodelhuila2017_2.jpg?fit=600%2C361&ssl=1","jetpack-related-posts":[{"id":9561,"url":"https:\/\/moir.com.co\/web\/en-tolima-y-huila-el-senador-robledo-arranco-su-vuelta-a-colombia-estepaissitienearreglo\/","url_meta":{"origin":12830,"position":0},"title":"En Tolima y Huila, el senador Robledo arranc\u00f3 su vuelta a Colombia #EstePa\u00edsS\u00edTieneArreglo","author":"admin","date":"agosto 6, 2015","format":false,"excerpt":"En una buseta marcada con la frase \u201cEste pa\u00eds s\u00ed tiene arreglo\u201d Robledo recorrer\u00e1 120 municipios en 20 departamentos respaldando a los candidatos del Polo. 14 municipios de Tolima y Huila visit\u00f3 Robledo en la primera fase de la vuelta a Colombia. Este fin de semana visitar\u00e1 Nari\u00f1o y Putumayo.\u2026","rel":"","context":"En \u00abJorge Enrique Robledo\u00bb","block_context":{"text":"Jorge Enrique Robledo","link":"https:\/\/moir.com.co\/web\/category\/jorge-enrique-robledo\/"},"img":{"alt_text":"","src":"","width":0,"height":0},"classes":[]},{"id":7400,"url":"https:\/\/moir.com.co\/web\/censura-a-votantes-ordenada-por-consejo-nacional-electoral-denuncian-dirigentes-del-polo-democratico\/","url_meta":{"origin":12830,"position":1},"title":"Censura a votantes ordenada por Consejo Nacional Electoral, denuncian dirigentes del Polo Democr\u00e1tico","author":"admin","date":"marzo 22, 2013","format":false,"excerpt":"Como ins\u00f3lito calificaron los dirigentes del Polo Democr\u00e1tico Alternativo, Clara L\u00f3pez Obreg\u00f3n, Jorge Enrique Robledo y Jaime Duss\u00e1n, la determinaci\u00f3n del Consejo Nacional Electoral de prohibir el voto en blanco en las elecciones at\u00edpicas que se realizar\u00e1n el pr\u00f3ximo 14 de abril para escoger el gobernador del departamento del Huila.\u2026","rel":"","context":"En \u00abPolo Democr\u00e1tico Alternativo\u00bb","block_context":{"text":"Polo Democr\u00e1tico Alternativo","link":"https:\/\/moir.com.co\/web\/category\/polo-democratico-alternativo\/"},"img":{"alt_text":"","src":"","width":0,"height":0},"classes":[]},{"id":12280,"url":"https:\/\/moir.com.co\/web\/el-gobierno-abusa-del-fast-track-jorge-robledo\/","url_meta":{"origin":12830,"position":2},"title":"El Gobierno abusa del Fast Track: Jorge Robledo","author":"admin","date":"mayo 5, 2017","format":false,"excerpt":"Entrevista del\u00a0Diario del Huila, Neiva, mayo 5 de 2017 Para el senador y candidato presidencial por el Polo Democr\u00e1tico Alternativo, Jorge Robledo, el gobierno abusa de la buena fe de quienes votaron Si, a los acuerdos de La Habana; as\u00ed mismo considera la Reforma Pol\u00edtica de Santos como gatopardista. Diario\u2026","rel":"","context":"En \u00abAgro\u00bb","block_context":{"text":"Agro","link":"https:\/\/moir.com.co\/web\/category\/temas\/agro\/"},"img":{"alt_text":"","src":"https:\/\/i0.wp.com\/moir.com.co\/web\/wp-content\/uploads\/2017\/05\/robledodiariodelhuila2017.jpg?fit=497%2C321&ssl=1&resize=350%2C200","width":350,"height":200},"classes":[]},{"id":9560,"url":"https:\/\/moir.com.co\/web\/robledo-aspiramos-a-ganar-las-presidenciales-en-2018\/","url_meta":{"origin":12830,"position":3},"title":"Robledo: \u2018Aspiramos a ganar las presidenciales en 2018\u2019","author":"admin","date":"agosto 5, 2015","format":false,"excerpt":"Al concluir un recorrido de dos d\u00edas por varios municipios del Huila, el senador del Polo Democr\u00e1tico, Jorge Robledo, se refiri\u00f3 a los problemas sociales y econ\u00f3micos del departamento, su respaldo a candidatos en la regi\u00f3n \u2013y en especial el apoyo de su Partido al candidato a la Alcald\u00eda de\u2026","rel":"","context":"En \u00abJorge Enrique Robledo\u00bb","block_context":{"text":"Jorge Enrique Robledo","link":"https:\/\/moir.com.co\/web\/category\/jorge-enrique-robledo\/"},"img":{"alt_text":"","src":"","width":0,"height":0},"classes":[]},{"id":15089,"url":"https:\/\/moir.com.co\/web\/colombia-debe-elegir-entre-el-continuismo-o-el-cambio-robledo\/","url_meta":{"origin":12830,"position":4},"title":"Colombia debe elegir entre el continuismo o el cambio: Robledo","author":"admin","date":"mayo 14, 2018","format":false,"excerpt":"Entrevista de\u00a0Julio Diaz S\u00e1nchez al senador Jorge Enrique Robledo, El Diario del Huila, Neiva, mayo 12 de 2018 El senador ibaguere\u00f1o Jorge Enrique Robledo, estuvo en Neiva donde hizo un an\u00e1lisis de la pol\u00edtica, la corrupci\u00f3n y del futuro que le espera al pa\u00eds durante el pr\u00f3ximo gobierno. El congresista\u2026","rel":"","context":"En \u00abEconom\u00eda\u00bb","block_context":{"text":"Econom\u00eda","link":"https:\/\/moir.com.co\/web\/category\/temas\/economia\/"},"img":{"alt_text":"","src":"https:\/\/i0.wp.com\/moir.com.co\/web\/wp-content\/uploads\/2018\/05\/robledodiariohuila2018.jpg?fit=600%2C400&ssl=1&resize=350%2C200","width":350,"height":200,"srcset":"https:\/\/i0.wp.com\/moir.com.co\/web\/wp-content\/uploads\/2018\/05\/robledodiariohuila2018.jpg?fit=600%2C400&ssl=1&resize=350%2C200 1x, https:\/\/i0.wp.com\/moir.com.co\/web\/wp-content\/uploads\/2018\/05\/robledodiariohuila2018.jpg?fit=600%2C400&ssl=1&resize=525%2C300 1.5x"},"classes":[]},{"id":9136,"url":"https:\/\/moir.com.co\/web\/mi-candidatura-a-la-presidencia-seria-un-proyecto-de-convergencia-nacional-robledo\/","url_meta":{"origin":12830,"position":5},"title":"&#8220;Mi candidatura a la presidencia ser\u00eda un proyecto de convergencia nacional&#8221;: Robledo","author":"admin","date":"febrero 25, 2015","format":false,"excerpt":"A su paso por la capital del Huila, el senador Jorge Enrique Robledo habl\u00f3 con DIARIO DEL HUILA sobre su posible pero cuestionada aspiraci\u00f3n a la presidencia de Colombia para el 2018. El senador de Polo Democr\u00e1tico Jorge Enrique Robledo no decide su candidatura a la presidencia de Colombia para\u2026","rel":"","context":"En \u00abJorge Enrique Robledo\u00bb","block_context":{"text":"Jorge Enrique Robledo","link":"https:\/\/moir.com.co\/web\/category\/jorge-enrique-robledo\/"},"img":{"alt_text":"","src":"","width":0,"height":0},"classes":[]}],"jetpack_sharing_enabled":true,"_links":{"self":[{"href":"https:\/\/moir.com.co\/web\/wp-json\/wp\/v2\/posts\/12830","targetHints":{"allow":["GET"]}}],"collection":[{"href":"https:\/\/moir.com.co\/web\/wp-json\/wp\/v2\/posts"}],"about":[{"href":"https:\/\/moir.com.co\/web\/wp-json\/wp\/v2\/types\/post"}],"author":[{"embeddable":true,"href":"https:\/\/moir.com.co\/web\/wp-json\/wp\/v2\/users\/1"}],"replies":[{"embeddable":true,"href":"https:\/\/moir.com.co\/web\/wp-json\/wp\/v2\/comments?post=12830"}],"version-history":[{"count":0,"href":"https:\/\/moir.com.co\/web\/wp-json\/wp\/v2\/posts\/12830\/revisions"}],"wp:featuredmedia":[{"embeddable":true,"href":"https:\/\/moir.com.co\/web\/wp-json\/wp\/v2\/media\/12831"}],"wp:attachment":[{"href":"https:\/\/moir.com.co\/web\/wp-json\/wp\/v2\/media?parent=12830"}],"wp:term":[{"taxonomy":"category","embeddable":true,"href":"https:\/\/moir.com.co\/web\/wp-json\/wp\/v2\/categories?post=12830"},{"taxonomy":"post_tag","embeddable":true,"href":"https:\/\/moir.com.co\/web\/wp-json\/wp\/v2\/tags?post=12830"}],"curies":[{"name":"wp","href":"https:\/\/api.w.org\/{rel}","templated":true}]}}