{"id":1282,"date":"2005-09-29T07:00:00","date_gmt":"2005-09-29T07:00:00","guid":{"rendered":"https:\/\/moir.org.co\/web\/paro-civico-nacional-contra-el-tlc\/"},"modified":"2005-09-29T07:00:00","modified_gmt":"2005-09-29T07:00:00","slug":"paro-civico-nacional-contra-el-tlc","status":"publish","type":"post","link":"https:\/\/moir.com.co\/web\/paro-civico-nacional-contra-el-tlc\/","title":{"rendered":"PARO C\u00cdVICO NACIONAL CONTRA EL TLC"},"content":{"rendered":"<p>Este 12 de octubre el conjunto del movimiento popular colombiano, agrupado en la Gran Coalici\u00f3n Democr\u00e1tica, realizar\u00e1 un paro c\u00edvico nacional que tiene como bandera central la protesta contra el TLC que el gobierno quiere firmar con Estados Unidos. Durante todo el proceso de negociaci\u00f3n y a pesar de la desinformaci\u00f3n oficial, ya es claro para una parte muy importante de la poblaci\u00f3n que con el TLC se sacrificar\u00e1 la producci\u00f3n nacional, la capacidad del Estado para promover el desarrollo social y productivo y el bienestar de la poblaci\u00f3n.<\/p>\n<p>Entre muchas de las actividades programadas por el movimiento popular, a partir del 10 de octubre miles de ind\u00edgenas realizar\u00e1n marchas en Sucre, Risaralda y Caldas. La Federaci\u00f3n Colombiana de Educadores, el n\u00facleo sindical m\u00e1s grande y extendido del pa\u00eds, tambi\u00e9n llam\u00f3 a sus afiliados a sumarse al paro, al cual asimismo han convocado el resto del movimiento sindical, las organizaciones campesinas, los movimientos de usuarios de servicios p\u00fablicos, las organizaciones juveniles y las fuerzas pol\u00edticas de izquierda.<\/p>\n<p>A medida que se acerca el cierre de la &#8216;negociaci\u00f3n&#8217; del TLC, el gobierno ha tratado de crear un clima de temor y acrecienta su mano dura contra el movimiento popular. Se supo que prohibi\u00f3 a los ind\u00edgenas Embera de Caldas, Risaralda y Sucre realizar una marcha pac\u00edfica que est\u00e1 organizada desde hace varios meses y seguramente habr\u00e1 un gigantesco despliegue militar.<\/p>\n<p>En d\u00edas pasados, durante la ronda de negociaciones en Cartagena, sucedi\u00f3 lo mismo cuando para &#8216;cuidar&#8217; a los cerca de 1.000 asistentes, incluyendo periodistas y observadores, destac\u00f3 m\u00e1s de 5.000 soldados, cinco por cada asistente, de tal forma que la ciudad parec\u00eda un territorio de guerra. Esa misma semana, durante protestas realizadas en Cali, fue asesinado por la fuerza p\u00fablica el estudiante Jhonny Silva Aranguren mientras participaba en las movilizaciones que juntaban la denuncia del TLC con los reclamos del corregimiento de Villagorgona, municipio de Candelar\u00eda, el cual sufr\u00eda un corte del servicio de agua desde hac\u00eda una semana. Este asesinato, producto de la agresi\u00f3n del ESMAD, se suma al cometido el 1 de mayo pasado del ni\u00f1o Nicol\u00e1s Neira, agredido brutalmente por este destacamento policial.<\/p>\n<p>Durante el proceso de preparaci\u00f3n del Paro C\u00edvico, decenas de organizaciones sindicales, universidades y otros sectores populares invitaron a sus afiliados a pronunciarse en contra del TLC en unas consultas internas de car\u00e1cter educativo. Inclusive el gobernador del Valle, Angelinos Garz\u00f3n, durante el sepelio del estudiante asesinado y en una especie de respuesta a la decisi\u00f3n de Uribe de firmar el TLC as\u00ed le cayeran rayos y centellas, afirm\u00f3 que si se firmaba el tratado \u00e9l promover\u00eda una consulta en el Valle del Cauca. En las consultas se pudo establecer que, a medida que el movimiento popular va conociendo el tema, la oposici\u00f3n arrecia.<\/p>\n<p>El gobierno ha sido sordo a las protestas populares, ha ignorado los resultados de los estudios que demuestran que habr\u00e1 m\u00e1s da\u00f1os que beneficios y ha intentado ignorar y marginar a la oposici\u00f3n. Ahora recurre a la represi\u00f3n. Bien se merece un paro. Invitamos a la ciudadan\u00eda a expresar mediante su movilizaci\u00f3n activa el rechazo al TLC.<\/p>\n","protected":false},"excerpt":{"rendered":"<p>Este 12 de octubre el conjunto del movimiento popular colombiano, agrupado en la Gran Coalici\u00f3n Democr\u00e1tica, realizar\u00e1 un paro c\u00edvico nacional que tiene como bandera central la protesta contra el TLC que el gobierno quiere firmar con Estados Unidos. Durante todo el proceso de negociaci\u00f3n y a pesar de la desinformaci\u00f3n oficial, ya es claro [&hellip;]<\/p>\n","protected":false},"author":1,"featured_media":0,"comment_status":"open","ping_status":"open","sticky":false,"template":"","format":"standard","meta":{"advanced_seo_description":"","jetpack_seo_html_title":"","jetpack_seo_noindex":false,"_jetpack_memberships_contains_paid_content":false,"footnotes":""},"categories":[7],"tags":[],"class_list":["post-1282","post","type-post","status-publish","format-standard","hentry","category-pronunciamientos-de-organizaciones-sociales"],"jetpack_featured_media_url":"","jetpack-related-posts":[{"id":1263,"url":"https:\/\/moir.com.co\/web\/la-penultima-ronda-en-cartagena-crecen-impugnaciones-al-tlc\/","url_meta":{"origin":1282,"position":0},"title":"LA PEN\u00daLTIMA RONDA EN CARTAGENA: CRECEN IMPUGNACIONES AL TLC","author":"admin","date":"septiembre 10, 2005","format":false,"excerpt":"El optimismo oficial sobre una pronta firma del TLC contrasta con la creciente cr\u00edtica y oposici\u00f3n al mismo. Mientras que el gobierno de Uribe est\u00e1 dispuesto a protocolizar el sacrificio de la industria nacional en Cartagena, Estados Unidos quiere apoderarse de la totalidad del mercado colombiano, no ha ofrecido nada\u2026","rel":"","context":"En \u00ab\u00a1No a los TLC y al ALCA!\u00bb","block_context":{"text":"\u00a1No a los TLC y al ALCA!","link":"https:\/\/moir.com.co\/web\/category\/temas\/no-a-los-tlc-y-al-alca\/"},"img":{"alt_text":"","src":"","width":0,"height":0},"classes":[]},{"id":1269,"url":"https:\/\/moir.com.co\/web\/forjemos-la-unidad-de-la-oposicion-patriotica-y-democratica-en-caldas\/","url_meta":{"origin":1282,"position":1},"title":"FORJEMOS LA UNIDAD DE LA OPOSICI\u00d3N PATRI\u00d3TICA Y DEMOCR\u00c1TICA EN CALDAS","author":"admin","date":"septiembre 19, 2005","format":false,"excerpt":"Manizales, 20 de Septiembre de 2005 Caldas, al igual que Colombia, atraviesa la peor crisis econ\u00f3mica y social de su historia. Cientos de miles de caldenses, as\u00ed como millones de colombianos, enfrentan las peores condiciones de vida, derivadas de la pol\u00edtica econ\u00f3mica que imponen el imperialismo norteamericano, los organismos internacionales\u2026","rel":"","context":"Entrada similar","block_context":{"text":"Entrada similar","link":""},"img":{"alt_text":"","src":"","width":0,"height":0},"classes":[]},{"id":21151,"url":"https:\/\/moir.com.co\/web\/indigenas-de-caldas-respaldan-candidatura-de-carlos-gaviria\/","url_meta":{"origin":1282,"position":2},"title":"IND\u00cdGENAS DE CALDAS RESPALDAN CANDIDATURA DE CARLOS GAVIRIA","author":"admin","date":"agosto 21, 2005","format":false,"excerpt":"Tribuna Roja El Movimiento de Unidad Ind\u00edgena Popular por Caldas decidi\u00f3 sumar sus fuerzas a la campa\u00f1a CARLOS GAVIRIA PRESIDENTE y anunci\u00f3 que se identifica con el proyecto pol\u00edtico del candidato y, sobre todo, con su defensa irrestricta de la territorialidad de las etnias ancestrales. Lo respalda, adem\u00e1s, porque \u00abha\u2026","rel":"","context":"En \u00abTribuna Roja N\u00ba 100, septiembre 1 de 2005\u00bb","block_context":{"text":"Tribuna Roja N\u00ba 100, septiembre 1 de 2005","link":"https:\/\/moir.com.co\/web\/category\/tribuna-roja\/ediciones-2005-2009\/tribuna-roja-no-100-septiembre-1-de-2005\/"},"img":{"alt_text":"","src":"","width":0,"height":0},"classes":[]},{"id":1022,"url":"https:\/\/moir.com.co\/web\/alternativa-democratica-apoyamos-el-paro-nacional-del-12-de-octubre\/","url_meta":{"origin":1282,"position":3},"title":"ALTERNATIVA DEMOCR\u00c1TICA: \u00a1APOYAMOS EL PARO NACIONAL DEL 12 DE OCTUBRE!","author":"admin","date":"octubre 2, 2004","format":false,"excerpt":"La ola de rebeli\u00f3n de los colombianos contra las pol\u00edticas del gobierno de \u00c1lvaro Uribe sigue creciendo y una expresi\u00f3n inmediata la encontramos en la decisi\u00f3n de los partidos y movimientos pol\u00edticos de la oposici\u00f3n, maestros, trabajadores de la salud, camioneros, obreros en general, campesinos, ind\u00edgenas y otros sectores del\u2026","rel":"","context":"En \u00abTemas\u00bb","block_context":{"text":"Temas","link":"https:\/\/moir.com.co\/web\/category\/temas\/"},"img":{"alt_text":"","src":"","width":0,"height":0},"classes":[]},{"id":12591,"url":"https:\/\/moir.com.co\/web\/crece-y-se-fortalece-la-lucha-social\/","url_meta":{"origin":1282,"position":4},"title":"\u201cCrece y se fortalece la lucha social\u201d","author":"admin","date":"junio 2, 2017","format":false,"excerpt":"Comando Nacional Unitario y Coordinadora de Organizaciones Sociales, Bogot\u00e1, junio 2 de 2017 En la sede de la USO BOGOTA, el 1 de junio del presente a\u00f1o nos reunimos 100 dirigentes en representaci\u00f3n de organizaciones sociales, sindicales y pol\u00edticas; despu\u00e9s de o\u00edr los informes sobre los procesos de negociaci\u00f3n de\u2026","rel":"","context":"En \u00abEconom\u00eda\u00bb","block_context":{"text":"Econom\u00eda","link":"https:\/\/moir.com.co\/web\/category\/temas\/economia\/"},"img":{"alt_text":"","src":"https:\/\/i0.wp.com\/moir.com.co\/web\/wp-content\/uploads\/2017\/06\/maestrosparo2017.jpg?fit=1200%2C675&ssl=1&resize=350%2C200","width":350,"height":200,"srcset":"https:\/\/i0.wp.com\/moir.com.co\/web\/wp-content\/uploads\/2017\/06\/maestrosparo2017.jpg?fit=1200%2C675&ssl=1&resize=350%2C200 1x, https:\/\/i0.wp.com\/moir.com.co\/web\/wp-content\/uploads\/2017\/06\/maestrosparo2017.jpg?fit=1200%2C675&ssl=1&resize=525%2C300 1.5x, https:\/\/i0.wp.com\/moir.com.co\/web\/wp-content\/uploads\/2017\/06\/maestrosparo2017.jpg?fit=1200%2C675&ssl=1&resize=700%2C400 2x, https:\/\/i0.wp.com\/moir.com.co\/web\/wp-content\/uploads\/2017\/06\/maestrosparo2017.jpg?fit=1200%2C675&ssl=1&resize=1050%2C600 3x"},"classes":[]},{"id":653,"url":"https:\/\/moir.com.co\/web\/continua-el-paro-civico-regional-en-copacabana-girardota-y-barbosa\/","url_meta":{"origin":1282,"position":5},"title":"CONTINUA EL PARO C\u00cdVICO REGIONAL EN COPACABANA, GIRARDOTA Y BARBOSA","author":"admin","date":"agosto 11, 2004","format":false,"excerpt":"Comisi\u00f3n de Prensa-Comit\u00e9 Intersindical del Norte, Medell\u00edn, 22 de mayo de 2004 Confluyendo con el Paro C\u00edvico Nacional decretado por las centrales obreras, los trabajadores estatales y diversas fuerzas pol\u00edticas, contra el inicio de negociaciones para el Tratado de Libre Comercio, TLC, entre Estados Unidos y Colombia, simult\u00e1neamente, el Comit\u00e9\u2026","rel":"","context":"En \u00abPronunciamientos de Organizaciones Sociales\u00bb","block_context":{"text":"Pronunciamientos de Organizaciones Sociales","link":"https:\/\/moir.com.co\/web\/category\/pronunciamientos-de-organizaciones-sociales\/"},"img":{"alt_text":"","src":"","width":0,"height":0},"classes":[]}],"jetpack_sharing_enabled":true,"_links":{"self":[{"href":"https:\/\/moir.com.co\/web\/wp-json\/wp\/v2\/posts\/1282","targetHints":{"allow":["GET"]}}],"collection":[{"href":"https:\/\/moir.com.co\/web\/wp-json\/wp\/v2\/posts"}],"about":[{"href":"https:\/\/moir.com.co\/web\/wp-json\/wp\/v2\/types\/post"}],"author":[{"embeddable":true,"href":"https:\/\/moir.com.co\/web\/wp-json\/wp\/v2\/users\/1"}],"replies":[{"embeddable":true,"href":"https:\/\/moir.com.co\/web\/wp-json\/wp\/v2\/comments?post=1282"}],"version-history":[{"count":0,"href":"https:\/\/moir.com.co\/web\/wp-json\/wp\/v2\/posts\/1282\/revisions"}],"wp:attachment":[{"href":"https:\/\/moir.com.co\/web\/wp-json\/wp\/v2\/media?parent=1282"}],"wp:term":[{"taxonomy":"category","embeddable":true,"href":"https:\/\/moir.com.co\/web\/wp-json\/wp\/v2\/categories?post=1282"},{"taxonomy":"post_tag","embeddable":true,"href":"https:\/\/moir.com.co\/web\/wp-json\/wp\/v2\/tags?post=1282"}],"curies":[{"name":"wp","href":"https:\/\/api.w.org\/{rel}","templated":true}]}}