{"id":12815,"date":"2017-07-06T16:39:26","date_gmt":"2017-07-06T16:39:26","guid":{"rendered":"https:\/\/moir.org.co\/web\/?p=12815"},"modified":"2017-07-06T16:39:26","modified_gmt":"2017-07-06T16:39:26","slug":"alianza-del-pacifico-otro-falso-positivo","status":"publish","type":"post","link":"https:\/\/moir.com.co\/web\/alianza-del-pacifico-otro-falso-positivo\/","title":{"rendered":"Alianza del Pac\u00edfico otro falso positivo"},"content":{"rendered":"<p><strong>Enrique Daza, Bogot\u00e1, julio 6 de 2017<\/strong><\/p>\n<p>La XII cumbre de la Alianza del Pacifico (ADP) no arrojo sino promesas, ilusiones de un futuro mejor y frases rimbombantes que no pudieron ocultar sus debilidades y expectativas incumplidas.<\/p>\n<p>Hace 5 a\u00f1os fue presentada como la panacea para la integraci\u00f3n regional y como la posibilidad de un aumento sustancial de los flujos comerciales entre sus integrantes y con la regi\u00f3n Asia-Pac\u00edfico<\/p>\n<p>Sin embargo, seg\u00fan Portafolio en 2012 \u201clas exportaciones hacia M\u00e9xico, Per\u00fa y Chile eran US $ 4.553 millones y en 2016 fueron apenas 2.658 seg\u00fan cifras de la ANDI y el Centro Virtual de negocios\u201d. Las importaciones fueron en 2012 US $8.347 y en 2016 US $ 4.814 millones y este comercio de bienes no mineros fue apenas de US $ 700 millones. Lo cual significa que durante estos cinco a\u00f1os el comercio en lugar de aumentar disminuy\u00f3. Diversos analistas han coincidido en que la capacidad de compra de la regi\u00f3n ha disminuido por la ca\u00edda en los precios de los comodities. Esto llev\u00f3 a que defensores dela ADP como Javier D\u00edaz de Analdex afirmara que en los 6 a\u00f1os el avance en comercio no es sustancial y el presidente peruano Kuczynski reconoci\u00f3 que la econom\u00eda regional est\u00e1 estancada y sigue siendo el 7% del PIB hace varias d\u00e9cadas. Hasta El Tiempo se\u00f1al\u00f3 editorialmente \u201cOjal\u00e1 las menores barreras lleven a un aumento significativo de bienes y servicios lo cual no ha sucedido todav\u00eda\u201d (29 de junio).<\/p>\n<p>Por otra parte, en 2012 el 4% del comercio de los cuatro pa\u00edses se daba entre ellos y en 2016 este paso a solamente el 2,9% o sea que la ADP no ha llevado a que el comercio de los pa\u00edses entre si sea un parte mayor del comercio global de los mismos sino a disminuirlo. Las exportaciones colombianas a Per\u00fa y Chile disminuyeron y a M\u00e9xico aumentaron apenas US $ 100 millones con lo cual no se contrarrest\u00f3 en forma importante el d\u00e9ficit comercial que Colombia tiene con el pa\u00eds azteca.<\/p>\n<p>La gran noticia fue que se comenzar\u00e1 a estudiar la vinculaci\u00f3n de Nueva Zelanda, Canad\u00e1, Australia y Singapur como Estados asociados, lo cual necesariamente debe ir acompa\u00f1ado, por las definiciones fundacionales de la ADP de la suscripci\u00f3n de tratados de libre comercio. El senador Jorge Robledo se\u00f1al\u00f3 que esto ser\u00eda \u201cun duro golpe contra los productores de carne y leche, profundizar\u00e1 la p\u00e9sima pol\u00edtica minera y allana el camino para que el mercado colombiano del az\u00facar y la palma sea tomado por potencias agr\u00edcolas como Tailandia, Indonesia y Malasia\u201d. Resulta por lo dem\u00e1s parad\u00f3jico que lo que fue presentado como un gran acuerdo de integraci\u00f3n regional, arroje este resultado que en lugar de fortalecer los lazos con pa\u00edses hermanos y vecinos, pone nuevamente el futuro del pa\u00eds en manos de los eventuales inversionistas extranjeros. El anuncio de que Colombia tendr\u00e1 el acceso a millones de nuevos consumidores de sus productos resulta risible, pues la firma de anteriores tratados de libre comercio ya daba acceso a centenares de millones de consumidores para los cuales Colombia no tiene nada que ofrecer, por carecer de oferta competitiva y con valor agregado<\/p>\n<p>Los resultados anunciados como que los certificados fitosanitarios se hagan virtualmente y no en papel y que se estudie lo mismo para los certificados de origen, la creaci\u00f3n de un fondo para infraestructura, la unificaci\u00f3n de impuestos a los fondos de pensiones (que en Colombia no pagan impuestos) y otros asuntos menores similares apenas son un una forma de disimular el fracaso del tratado, aun dentro de los objetivos que se plantearon inicialmente. El anuncio de la supresi\u00f3n de \u201croaming\u201d entre los 4 pa\u00edses es algo que empezar\u00e1 a negociarse, depende no de los gobiernos sino de los operadores y ya el presidente de Telef\u00f3nica anuncio que su precio ser\u00eda lograr una menor regulaci\u00f3n de este tipo de servicios.<\/p>\n<p>El presidente Santos plante\u00f3, en el colmo del cinismo, que de Colombia los dem\u00e1s pa\u00edses deb\u00edan aprender sobre la estructuraci\u00f3n de proyectos, cuando el pa\u00eds ha convertido esta estructuraci\u00f3n en un ejemplo de sobrecostos, corrupci\u00f3n, tr\u00e1fico de influencias e improvisaci\u00f3n, como lo muestran los casos de las v\u00edas 4 G, Reficar, Bioenergy entre otros, su preocupaci\u00f3n fue que se establecieran reglas \u201camigables con los inversionistas y empresarios y que se les den mayores est\u00edmulos tributarios<\/p>\n<p>En realidad, los mandatarios no tuvieron presentes los cambios que se est\u00e1n produciendo en el entorno mundial y apenas Pe\u00f1a Nieto hizo una referencia a las controversias que hay sobre \u201cglobalizaci\u00f3n, apertura comercial y procesos de integraci\u00f3n\u201d. El hecho es que la ADP, que tiene como requisito indispensable tener previamente tratado de libre comercio con Estados Unidos, buscaba armonizar reglas de origen y otros asuntos para acceder en mayor medida al mercado de ese pa\u00eds y configurar una especie de ALCA parcial y pensaban tambi\u00e9n usar el Tratado Transpac\u00edfico, TPP para ello. El retiro de Estados Unidos del TPP los dej\u00f3 sin br\u00fajula y el piso de las negociaciones que era el TLC con Estados Unidos, qued\u00f3 en suspenso con el anuncio de una renegociaci\u00f3n entre M\u00e9xico y EEUU que llevar\u00e1 a que autom\u00e1ticamente se renegocien, o se impongan las modificaciones que Estados Unidos haga en el TLC con M\u00e9xico.<\/p>\n<p>Un resultado gris, en un acuerdo que busca afanosamente peg\u00e1rsele a unos enfoques de libre comercio en decadencia, lleno de frases retoricas y de acuerdos menores e insignificantes. Colombia debe rectificar el rumbo, replantear los tratados de libre comercio, fortalecer su mercado interno y le verdadera integraci\u00f3n regional, promover la oferta de productos con valor agregado y abandonar de una vez por todas su dependencia de unas materias primas b\u00e1sicas que dependen de las oscilaciones de los precios internacionales<\/p>\n","protected":false},"excerpt":{"rendered":"<p>Enrique Daza, Bogot\u00e1, julio 6 de 2017 La XII cumbre de la Alianza del Pacifico (ADP) no arrojo sino promesas, ilusiones de un futuro mejor y frases rimbombantes que no pudieron ocultar sus debilidades y expectativas incumplidas. Hace 5 a\u00f1os fue presentada como la panacea para la integraci\u00f3n regional y como la posibilidad de un [&hellip;]<\/p>\n","protected":false},"author":1,"featured_media":12816,"comment_status":"open","ping_status":"open","sticky":false,"template":"","format":"standard","meta":{"advanced_seo_description":"","jetpack_seo_html_title":"","jetpack_seo_noindex":false,"_jetpack_memberships_contains_paid_content":false,"footnotes":""},"categories":[102,97,105,98],"tags":[],"class_list":["post-12815","post","type-post","status-publish","format-standard","has-post-thumbnail","hentry","category-economia","category-imperialismo-y-neoliberalismo","category-internacional-articulos-de-actualidad","category-politica"],"jetpack_featured_media_url":"https:\/\/i0.wp.com\/moir.com.co\/web\/wp-content\/uploads\/2017\/07\/g20-2.jpg?fit=250%2C202&ssl=1","jetpack-related-posts":[{"id":7582,"url":"https:\/\/moir.com.co\/web\/en-nueva-ley-subsidios-de-eu-al-agro-pasan-de-us50-mil-millones-a-us190-mil-millones-anuales\/","url_meta":{"origin":12815,"position":0},"title":"En nueva ley, subsidios de EU al agro pasan de US$50 mil millones a US$190 mil millones anuales","author":"admin","date":"mayo 22, 2013","format":false,"excerpt":"La Alianza del Pac\u00edfico beneficia a Estados Unidos en virtud de la cl\u00e1usula de naci\u00f3n m\u00e1s favorecida: \u201cEs el ALCA con otro nombre\u201d, dice Robledo. Ataques de fondo a arroz, l\u00e1cteos, az\u00facar, carne de cerdo, fr\u00edjol y ma\u00edz, entre otros. \u201cLos gringos no est\u00e1n de juego, vienen por todo, por\u2026","rel":"","context":"En \u00abJorge Enrique Robledo\u00bb","block_context":{"text":"Jorge Enrique Robledo","link":"https:\/\/moir.com.co\/web\/category\/jorge-enrique-robledo\/"},"img":{"alt_text":"","src":"","width":0,"height":0},"classes":[]},{"id":12460,"url":"https:\/\/moir.com.co\/web\/tlc-con-estados-unidos-ratificada-la-conspiracion-contra-la-produccion-nacional\/","url_meta":{"origin":12815,"position":1},"title":"TLC con Estados Unidos: ratificada la conspiraci\u00f3n contra la producci\u00f3n nacional","author":"admin","date":"mayo 22, 2017","format":false,"excerpt":"Jos\u00e9 Arlex Arias, La Verdad, Cartagena, mayo 22 de 2017 El pasado 15 de de este mes, el Gobierno hizo un balance de los resultados que para el pa\u00eds ha arrojado el Tratado de Libre Comercio \u2013TLC\u2013 con Estados Unidos. Seg\u00fan la ministra de Comercio, Industria y Turismo, Mar\u00eda Claudia\u2026","rel":"","context":"En \u00abAgro\u00bb","block_context":{"text":"Agro","link":"https:\/\/moir.com.co\/web\/category\/temas\/agro\/"},"img":{"alt_text":"","src":"https:\/\/i0.wp.com\/moir.com.co\/web\/wp-content\/uploads\/2017\/05\/tlc15.jpg?fit=523%2C523&ssl=1&resize=350%2C200","width":350,"height":200},"classes":[]},{"id":8954,"url":"https:\/\/moir.com.co\/web\/el-polo-denunciara-por-traicion-a-la-patria-a-santos-por-firmar-tlc-con-corea-la-union-europea-y-la-alianza-del-pacifico-robledo\/","url_meta":{"origin":12815,"position":2},"title":"El Polo denunciar\u00e1 por traici\u00f3n a la patria a Santos por firmar TLC con Corea, la Uni\u00f3n Europea y la Alianza del Pac\u00edfico: Robledo","author":"admin","date":"diciembre 16, 2014","format":false,"excerpt":"Aprobar hoy m\u00e1s Tratados de Libre Comercio es lo peor que puede hacer Colombia. Alianza del Pac\u00edfico se firma contra el agro y TLC con Corea contra la industria. Gobierno no present\u00f3 estudios para sustentar sus promesas. En unas jornadas grises para la econom\u00eda colombiana el Congreso de la Rep\u00fablica\u2026","rel":"","context":"En \u00abJorge Enrique Robledo\u00bb","block_context":{"text":"Jorge Enrique Robledo","link":"https:\/\/moir.com.co\/web\/category\/jorge-enrique-robledo\/"},"img":{"alt_text":"","src":"","width":0,"height":0},"classes":[]},{"id":7608,"url":"https:\/\/moir.com.co\/web\/380-000-empleos\/","url_meta":{"origin":12815,"position":3},"title":"\u00bf380.000 empleos?","author":"admin","date":"junio 1, 2013","format":false,"excerpt":"Al cumplirse el primer a\u00f1o de vigencia del TLC con Estados Unidos, va quedando en claro que eran vanas las promesas que sus apologistas hab\u00edan hecho sobre sus supuestos beneficios. Esto es apenas l\u00f3gico, porque ninguna de ellas nac\u00eda de estudios serios, exhaustivos y debidamente actualizados. Eran fruto de especulaciones\u2026","rel":"","context":"En \u00abRevista de Prensa\u00bb","block_context":{"text":"Revista de Prensa","link":"https:\/\/moir.com.co\/web\/category\/prensa\/revista-de-prensa\/"},"img":{"alt_text":"","src":"","width":0,"height":0},"classes":[]},{"id":13291,"url":"https:\/\/moir.com.co\/web\/la-locomotora-de-los-tes-y-los-bonos\/","url_meta":{"origin":12815,"position":4},"title":"La \u2018locomotora\u2019 de los TES y los bonos","author":"admin","date":"septiembre 12, 2017","format":false,"excerpt":"Aurelio Su\u00e1rez Montoya, Bogot\u00e1, septiembre 11 de 2017 En julio del 2010, Juan Manuel Santos anunci\u00f3 cinco \u2018locomotoras\u2019 que crear\u00edan 2,4 millones de empleos. Miner\u00eda, infraestructura, innovaci\u00f3n, agricultura y vivienda fueron los sectores seleccionados para jalar la econom\u00eda. \u00a0Con la ca\u00edda de los precios del petr\u00f3leo y los minerales, en\u2026","rel":"","context":"En \u00abAurelio Su\u00e1rez Montoya\u00bb","block_context":{"text":"Aurelio Su\u00e1rez Montoya","link":"https:\/\/moir.com.co\/web\/category\/bitacoras\/aurelio-suarez-montoya\/"},"img":{"alt_text":"","src":"","width":0,"height":0},"classes":[]},{"id":10343,"url":"https:\/\/moir.com.co\/web\/colombexit\/","url_meta":{"origin":12815,"position":5},"title":"Colombexit","author":"admin","date":"agosto 31, 2016","format":false,"excerpt":"En la multitud de TLC y acuerdos de protecci\u00f3n a la inversi\u00f3n firmados durante la \u00faltima d\u00e9cada, adem\u00e1s de entregar el manejo de sus fronteras, Colombia pact\u00f3 innumerables cl\u00e1usulas que afectan su soberan\u00eda, como las de expropiaci\u00f3n indirecta y las de anulaci\u00f3n y menoscabo. En estas, el pa\u00eds se compromete\u2026","rel":"","context":"En \u00abRevista de Prensa\u00bb","block_context":{"text":"Revista de Prensa","link":"https:\/\/moir.com.co\/web\/category\/prensa\/revista-de-prensa\/"},"img":{"alt_text":"","src":"","width":0,"height":0},"classes":[]}],"jetpack_sharing_enabled":true,"_links":{"self":[{"href":"https:\/\/moir.com.co\/web\/wp-json\/wp\/v2\/posts\/12815","targetHints":{"allow":["GET"]}}],"collection":[{"href":"https:\/\/moir.com.co\/web\/wp-json\/wp\/v2\/posts"}],"about":[{"href":"https:\/\/moir.com.co\/web\/wp-json\/wp\/v2\/types\/post"}],"author":[{"embeddable":true,"href":"https:\/\/moir.com.co\/web\/wp-json\/wp\/v2\/users\/1"}],"replies":[{"embeddable":true,"href":"https:\/\/moir.com.co\/web\/wp-json\/wp\/v2\/comments?post=12815"}],"version-history":[{"count":0,"href":"https:\/\/moir.com.co\/web\/wp-json\/wp\/v2\/posts\/12815\/revisions"}],"wp:featuredmedia":[{"embeddable":true,"href":"https:\/\/moir.com.co\/web\/wp-json\/wp\/v2\/media\/12816"}],"wp:attachment":[{"href":"https:\/\/moir.com.co\/web\/wp-json\/wp\/v2\/media?parent=12815"}],"wp:term":[{"taxonomy":"category","embeddable":true,"href":"https:\/\/moir.com.co\/web\/wp-json\/wp\/v2\/categories?post=12815"},{"taxonomy":"post_tag","embeddable":true,"href":"https:\/\/moir.com.co\/web\/wp-json\/wp\/v2\/tags?post=12815"}],"curies":[{"name":"wp","href":"https:\/\/api.w.org\/{rel}","templated":true}]}}