{"id":12792,"date":"2017-07-01T21:25:46","date_gmt":"2017-07-01T21:25:46","guid":{"rendered":"https:\/\/moir.org.co\/web\/?p=12792"},"modified":"2017-07-01T21:25:46","modified_gmt":"2017-07-01T21:25:46","slug":"duro-ataque-contra-la-leche-la-carne-el-azucar-y-la-palma-robledo","status":"publish","type":"post","link":"https:\/\/moir.com.co\/web\/duro-ataque-contra-la-leche-la-carne-el-azucar-y-la-palma-robledo\/","title":{"rendered":"Duro ataque contra la leche, la carne, el az\u00facar y la palma: Robledo"},"content":{"rendered":"<p><strong>Oficina de prensa del senador Jorge Enrique Robledo, Bogot\u00e1, julio 1 de 2017<\/strong><\/p>\n<p><em>La Alianza del Pac\u00edfico es un TLC; Australia y Nueva Zelanda son grandes potencias agr\u00edcolas; la SAC ha advertido que la Alianza ponen en riesgo producci\u00f3n del campo que vale 16,9 billones de pesos<\/em><\/p>\n<p>\u201cLa Alianza del Pac\u00edfico es otro TLC que le har\u00e1 grandes da\u00f1os a la econom\u00eda colombiana y es una p\u00e9sima forma de relacionarnos con el mundo,\u201d se\u00f1al\u00f3 el senador Jorge Enrique Robledo. El congresista agreg\u00f3 que el ingreso Nueva Zelanda, Australia y Canad\u00e1 a ese TLC ser\u00e1 un duro golpe contra los productores de carne y leche, profundizar\u00e1 la p\u00e9sima pol\u00edtica minera y allana el camino para que el mercado colombiano del az\u00facar y la palma sea tomado por potencias agr\u00edcolas como Tailandia, Indonesia y Malasia.<\/p>\n<p>Nueva Zelanda es el primer exportador mundial de productos l\u00e1cteos (19 por ciento del total) y Australia el tercer exportador mundial de carne de res. El ingreso de estos pa\u00edses al TLC de la Alianza del Pac\u00edfico, explic\u00f3 el congresista del Polo, aumentar\u00e1 las importaciones de leche y carne agravando la crisis de medio mill\u00f3n de ganaderos colombianos, de los cuales el 80 por ciento son micro, peque\u00f1os y medianos propietarios (tienen menos de 50 reses).<\/p>\n<p>En el caso de Canad\u00e1 se est\u00e1 promoviendo una miner\u00eda al estilo del libre comercio, donde no se cumplen todos los est\u00e1ndares ambientales, econ\u00f3micos y sociales y se promueve el modelo extractivo mono exportador, cuando el pa\u00eds necesita diversificar su econom\u00eda.<\/p>\n<p>Robledo record\u00f3 c\u00f3mo la Sociedad Agricultores de Colombia, SAC, ha explicado que este TLC afectar\u00e1 al 48 por ciento de la producci\u00f3n agropecuaria colombiana y se\u00f1al\u00f3 que entre 2015 y 2017 el pa\u00eds acumul\u00f3 un d\u00e9ficit comercial de 5.175 millones de d\u00f3lares con las naciones de ese acuerdo de libre comercio. Colombia necesita urgente una moratoria de TLC, concluy\u00f3 el congresista.<\/p>\n","protected":false},"excerpt":{"rendered":"<p>Oficina de prensa del senador Jorge Enrique Robledo, Bogot\u00e1, julio 1 de 2017 La Alianza del Pac\u00edfico es un TLC; Australia y Nueva Zelanda son grandes potencias agr\u00edcolas; la SAC ha advertido que la Alianza ponen en riesgo producci\u00f3n del campo que vale 16,9 billones de pesos \u201cLa Alianza del Pac\u00edfico es otro TLC que [&hellip;]<\/p>\n","protected":false},"author":1,"featured_media":12793,"comment_status":"open","ping_status":"open","sticky":false,"template":"","format":"standard","meta":{"advanced_seo_description":"","jetpack_seo_html_title":"","jetpack_seo_noindex":false,"_jetpack_memberships_contains_paid_content":false,"footnotes":""},"categories":[114,102,97,105,4,107],"tags":[],"class_list":["post-12792","post","type-post","status-publish","format-standard","has-post-thumbnail","hentry","category-agro","category-economia","category-imperialismo-y-neoliberalismo","category-internacional-articulos-de-actualidad","category-jorge-enrique-robledo","category-mineria-y-petroleo"],"jetpack_featured_media_url":"https:\/\/i0.wp.com\/moir.com.co\/web\/wp-content\/uploads\/2017\/07\/Robledo2.jpg?fit=360%2C240&ssl=1","jetpack-related-posts":[{"id":14733,"url":"https:\/\/moir.com.co\/web\/las-importaciones-siguen-arruinando-a-nuestros-lecheros-robledo\/","url_meta":{"origin":12792,"position":0},"title":"Las importaciones siguen arruinando a nuestros lecheros: Robledo","author":"admin","date":"marzo 16, 2018","format":false,"excerpt":"Oficina de prensa del senador Jorge Enrique Robledo, Bogot\u00e1, marzo 15 de 2018 Importaciones de leche valen 322.000 millones de pesos; hay que revisar uno a uno los TLC Inundados de leche importada \u201cEn repetidas ocasiones he advertido como las importaciones de los TLC pondr\u00edan en jaque a los lecheros\u2026","rel":"","context":"En \u00abAgro\u00bb","block_context":{"text":"Agro","link":"https:\/\/moir.com.co\/web\/category\/temas\/agro\/"},"img":{"alt_text":"","src":"https:\/\/i0.wp.com\/moir.com.co\/web\/wp-content\/uploads\/2018\/03\/lecheimportaciones.jpg?fit=370%2C252&ssl=1&resize=350%2C200","width":350,"height":200},"classes":[]},{"id":9573,"url":"https:\/\/moir.com.co\/web\/el-tpp-incrementara-la-crisis-de-los-lecheros-colombianos\/","url_meta":{"origin":12792,"position":1},"title":"El TPP incrementara la crisis de los lecheros colombianos","author":"admin","date":"agosto 12, 2015","format":false,"excerpt":"Cada kilo de leche que entra por las importaciones de los TLC tumban los precios que reciben nuestros lecheros, quienes no est\u00e1n cubriendo los costos de producci\u00f3n. Una 'masacre' lechera. As\u00ed resumi\u00f3 el senador Jorge Enrique Robledo la dif\u00edcil situaci\u00f3n por la que pasan 400 mil lecheros, la mayor\u00eda peque\u00f1os\u2026","rel":"","context":"En \u00abJorge Enrique Robledo\u00bb","block_context":{"text":"Jorge Enrique Robledo","link":"https:\/\/moir.com.co\/web\/category\/jorge-enrique-robledo\/"},"img":{"alt_text":"","src":"","width":0,"height":0},"classes":[]},{"id":15147,"url":"https:\/\/moir.com.co\/web\/como-hacerse-pobre\/","url_meta":{"origin":12792,"position":2},"title":"\u00bfC\u00f3mo hacerse pobre?","author":"admin","date":"mayo 22, 2018","format":false,"excerpt":"Mario Alejandro Valencia, Bogot\u00e1, mayo 21 de 2018 Hay una combinaci\u00f3n de malas decisiones individuales y colectivas que pueden llevar a una persona o -incluso- a toda una sociedad a la pobreza. Naturalmente hay individuos que por diversas condiciones personales, familiares o culturales, llevan una vida de poco esfuerzo, disciplina\u2026","rel":"","context":"En \u00abAgro\u00bb","block_context":{"text":"Agro","link":"https:\/\/moir.com.co\/web\/category\/temas\/agro\/"},"img":{"alt_text":"","src":"","width":0,"height":0},"classes":[]},{"id":7217,"url":"https:\/\/moir.com.co\/web\/avanza-otro-ataque-contra-la-industria-nacional\/","url_meta":{"origin":12792,"position":3},"title":"Avanza otro ataque contra la industria nacional","author":"admin","date":"febrero 5, 2013","format":false,"excerpt":"Aprobaci\u00f3n de TLC por gobierno coreano es una p\u00e9sima noticia para Colombia. El senador Jorge Enrique Robledo calific\u00f3 como inaudito que el gobierno del presidente Santos celebre que el gabinete coreano haya aprobado el TLC con ese pa\u00eds. Se\u00f1al\u00f3 que con esta noticia avanza otro ataque contra la industria nacional,\u2026","rel":"","context":"En \u00abJorge Enrique Robledo\u00bb","block_context":{"text":"Jorge Enrique Robledo","link":"https:\/\/moir.com.co\/web\/category\/jorge-enrique-robledo\/"},"img":{"alt_text":"","src":"","width":0,"height":0},"classes":[]},{"id":12815,"url":"https:\/\/moir.com.co\/web\/alianza-del-pacifico-otro-falso-positivo\/","url_meta":{"origin":12792,"position":4},"title":"Alianza del Pac\u00edfico otro falso positivo","author":"admin","date":"julio 6, 2017","format":false,"excerpt":"Enrique Daza, Bogot\u00e1, julio 6 de 2017 La XII cumbre de la Alianza del Pacifico (ADP) no arrojo sino promesas, ilusiones de un futuro mejor y frases rimbombantes que no pudieron ocultar sus debilidades y expectativas incumplidas. Hace 5 a\u00f1os fue presentada como la panacea para la integraci\u00f3n regional y\u2026","rel":"","context":"En \u00abEconom\u00eda\u00bb","block_context":{"text":"Econom\u00eda","link":"https:\/\/moir.com.co\/web\/category\/temas\/economia\/"},"img":{"alt_text":"","src":"https:\/\/i0.wp.com\/moir.com.co\/web\/wp-content\/uploads\/2017\/07\/g20-2.jpg?fit=250%2C202&ssl=1&resize=350%2C200","width":350,"height":200},"classes":[]},{"id":7658,"url":"https:\/\/moir.com.co\/web\/aprobacion-del-tlc-con-corea-del-sur-un-carro-bomba-contra-la-industria\/","url_meta":{"origin":12792,"position":5},"title":"Aprobaci\u00f3n del TLC con Corea del Sur, un carro-bomba contra la industria","author":"admin","date":"junio 19, 2013","format":false,"excerpt":"Graves da\u00f1os a la industria, en especial a la textil y a la automotriz y de autopartes. Un enga\u00f1abobos, la argucia del gobierno sobre aumento de exportaciones agropecuarias. Si el Congreso da v\u00eda libre al TLC con Corea del Sur, ser\u00e1 un acto de una irresponsabilidad may\u00fascula, porque se aprueba\u2026","rel":"","context":"En \u00abJorge Enrique Robledo\u00bb","block_context":{"text":"Jorge Enrique Robledo","link":"https:\/\/moir.com.co\/web\/category\/jorge-enrique-robledo\/"},"img":{"alt_text":"","src":"","width":0,"height":0},"classes":[]}],"jetpack_sharing_enabled":true,"_links":{"self":[{"href":"https:\/\/moir.com.co\/web\/wp-json\/wp\/v2\/posts\/12792","targetHints":{"allow":["GET"]}}],"collection":[{"href":"https:\/\/moir.com.co\/web\/wp-json\/wp\/v2\/posts"}],"about":[{"href":"https:\/\/moir.com.co\/web\/wp-json\/wp\/v2\/types\/post"}],"author":[{"embeddable":true,"href":"https:\/\/moir.com.co\/web\/wp-json\/wp\/v2\/users\/1"}],"replies":[{"embeddable":true,"href":"https:\/\/moir.com.co\/web\/wp-json\/wp\/v2\/comments?post=12792"}],"version-history":[{"count":0,"href":"https:\/\/moir.com.co\/web\/wp-json\/wp\/v2\/posts\/12792\/revisions"}],"wp:featuredmedia":[{"embeddable":true,"href":"https:\/\/moir.com.co\/web\/wp-json\/wp\/v2\/media\/12793"}],"wp:attachment":[{"href":"https:\/\/moir.com.co\/web\/wp-json\/wp\/v2\/media?parent=12792"}],"wp:term":[{"taxonomy":"category","embeddable":true,"href":"https:\/\/moir.com.co\/web\/wp-json\/wp\/v2\/categories?post=12792"},{"taxonomy":"post_tag","embeddable":true,"href":"https:\/\/moir.com.co\/web\/wp-json\/wp\/v2\/tags?post=12792"}],"curies":[{"name":"wp","href":"https:\/\/api.w.org\/{rel}","templated":true}]}}