{"id":1279,"date":"2005-09-28T07:00:00","date_gmt":"2005-09-28T07:00:00","guid":{"rendered":"https:\/\/moir.org.co\/web\/los-agricultores-de-colombia-presentes-en-la-jornada-nacional-del-12-de-octubre\/"},"modified":"2005-09-28T07:00:00","modified_gmt":"2005-09-28T07:00:00","slug":"los-agricultores-de-colombia-presentes-en-la-jornada-nacional-del-12-de-octubre","status":"publish","type":"post","link":"https:\/\/moir.com.co\/web\/los-agricultores-de-colombia-presentes-en-la-jornada-nacional-del-12-de-octubre\/","title":{"rendered":"LOS AGRICULTORES DE COLOMBIA PRESENTES EN LA JORNADA NACIONAL DEL 12 DE OCTUBRE"},"content":{"rendered":"<p>Asociaci\u00f3n Nacional por la Salvaci\u00f3n Agropecuaria, Ibagu\u00e9, octubre 8 de 2005<\/p>\n<p>Una vez el presidente \u00c1lvaro Uribe ha manifestado la determinaci\u00f3n de firmar como sea el Tratado de Libre Comercio con Estados Unidos, inclusive reconociendo de manera t\u00e1cita que el sector agropecuario nacional se puede afectar sobremanera, es menester que los agricultores, campesinos y trabajadores rurales de Colombia redoblen la resistencia civil contra esa decisi\u00f3n altamente inconveniente para la mayor\u00eda de la naci\u00f3n.<\/p>\n<p>As\u00ed mismo, a trav\u00e9s de distintos funcionarios, el gobierno ha desestimado las consultas populares democr\u00e1ticas que los productores de arroz y de bienes agropecuarios de clima fr\u00edo, entre otros, adelantaron en junio y en septiembre respectivamente en las cuales rechazaron la estructura misma de las negociaciones en este sector debido a que Estados Unidos mantiene su sistema mercantil de venta de excedentes por debajo del costo de producci\u00f3n y Colombia elimina, en algunos casos de manera inmediata y en otros a trav\u00e9s del tiempo, toda forma de protecci\u00f3n a la producci\u00f3n y al trabajo del campo nacional.<\/p>\n<p>La absurda disposici\u00f3n oficial y su desacato a la voz de centenares de miles de colombianos que desde distintas regiones se han expresado en actitud de cr\u00edtica frente al TLC, son razones de peso suficiente para impulsar la movilizaci\u00f3n masiva de los productores agropecuarios del pa\u00eds el pr\u00f3ximo 12 de octubre en conjunto con las dem\u00e1s organizaciones sociales y la Minga de las comunidades ind\u00edgenas. \u00c9ste ser\u00e1 un primer paso dentro de los definitivos que deber\u00e1n irse dando en la medida en que se va aproximando el tiempo de las definiciones trascendentales.<\/p>\n<p>\u00c1ngel Mar\u00eda Caballero Lian<br \/>\nPresidente<\/p>\n<p>Aurelio Su\u00e1rez Montoya<br \/>\nDirector Ejecutivo<\/p>\n","protected":false},"excerpt":{"rendered":"<p>Asociaci\u00f3n Nacional por la Salvaci\u00f3n Agropecuaria, Ibagu\u00e9, octubre 8 de 2005 Una vez el presidente \u00c1lvaro Uribe ha manifestado la determinaci\u00f3n de firmar como sea el Tratado de Libre Comercio con Estados Unidos, inclusive reconociendo de manera t\u00e1cita que el sector agropecuario nacional se puede afectar sobremanera, es menester que los agricultores, campesinos y trabajadores [&hellip;]<\/p>\n","protected":false},"author":1,"featured_media":0,"comment_status":"open","ping_status":"open","sticky":false,"template":"","format":"standard","meta":{"advanced_seo_description":"","jetpack_seo_html_title":"","jetpack_seo_noindex":false,"_jetpack_memberships_contains_paid_content":false,"footnotes":""},"categories":[7],"tags":[],"class_list":["post-1279","post","type-post","status-publish","format-standard","hentry","category-pronunciamientos-de-organizaciones-sociales"],"jetpack_featured_media_url":"","jetpack-related-posts":[{"id":1016,"url":"https:\/\/moir.com.co\/web\/12-de-octubre-resistencia-civil-continental-de-agricultores-campesinos-e-indigenas-contra-el-libre-comercio\/","url_meta":{"origin":1279,"position":0},"title":"12 DE OCTUBRE: RESISTENCIA CIVIL CONTINENTAL DE AGRICULTORES, CAMPESINOS E IND\u00cdGENAS CONTRA EL LIBRE COMERCIO","author":"admin","date":"septiembre 27, 2004","format":false,"excerpt":"Tal como fue acordado por centenares de organizaciones andinas, de Centroam\u00e9rica y grupos de todo el continente americano compuestos por centrales obreras, asociaciones campesinas, de ind\u00edgenas y de agricultores, productores y empresarios locales, estudiantes e intelectuales, el pr\u00f3ximo martes 12 de octubre millones de personas en el continente americano se\u2026","rel":"","context":"En \u00abPronunciamientos de Organizaciones Sociales\u00bb","block_context":{"text":"Pronunciamientos de Organizaciones Sociales","link":"https:\/\/moir.com.co\/web\/category\/pronunciamientos-de-organizaciones-sociales\/"},"img":{"alt_text":"","src":"","width":0,"height":0},"classes":[]},{"id":1012,"url":"https:\/\/moir.com.co\/web\/realizada-asamblea-nacional-de-salvacion-agropecuaria-boyaca\/","url_meta":{"origin":1279,"position":1},"title":"REALIZADA ASAMBLEA NACIONAL DE SALVACI\u00d3N AGROPECUARIA BOYAC\u00c1","author":"admin","date":"septiembre 26, 2004","format":false,"excerpt":"Con la asistencia de 120 delegados de 18 municipios, la presencia de Asogriboy, el presidente de Fabegan, los invitados de la CUT, el Sector Salud, y delegados de la alcald\u00eda de Tunja, se llev\u00f3 a cabo la Asamblea departamental de Salvaci\u00f3n Agropecuaria en Tunja el d\u00eda 1 de octubre entre\u2026","rel":"","context":"En \u00abPronunciamientos de Organizaciones Sociales\u00bb","block_context":{"text":"Pronunciamientos de Organizaciones Sociales","link":"https:\/\/moir.com.co\/web\/category\/pronunciamientos-de-organizaciones-sociales\/"},"img":{"alt_text":"","src":"","width":0,"height":0},"classes":[]},{"id":9033,"url":"https:\/\/moir.com.co\/web\/la-crisis-economica-nacional-no-la-cargaran-los-productores-agropecuarios\/","url_meta":{"origin":1279,"position":2},"title":"La crisis econ\u00f3mica nacional no la cargaran los productores agropecuarios","author":"admin","date":"enero 24, 2015","format":false,"excerpt":"La primera reuni\u00f3n de la Direcci\u00f3n Nacional de Delegados de Dignidad Agropecuaria Colombiana, despu\u00e9s de hacer un an\u00e1lisis de la situaci\u00f3n que atraviesa el pa\u00eds, concluye que la grave crisis que padece Colombia y de manera particular la producci\u00f3n agropecuaria tiene origen en la implementaci\u00f3n de pol\u00edticas neoliberales que, acompa\u00f1adas\u2026","rel":"","context":"En \u00abPronunciamientos de Organizaciones Sociales\u00bb","block_context":{"text":"Pronunciamientos de Organizaciones Sociales","link":"https:\/\/moir.com.co\/web\/category\/pronunciamientos-de-organizaciones-sociales\/"},"img":{"alt_text":"","src":"","width":0,"height":0},"classes":[]},{"id":7768,"url":"https:\/\/moir.com.co\/web\/movilizacion-nacional-agropecuaria-es-un-hecho-irreversible\/","url_meta":{"origin":1279,"position":3},"title":"Movilizacion nacional agropecuaria es un hecho irreversible","author":"admin","date":"julio 28, 2013","format":false,"excerpt":"Aproximadamente cinco mil agricultores que se dedican al cultivo del cacao, caf\u00e9, frutas tropicales, ganaderos, madereros, palmeros, caucheros ganaderos de san Vicente de Chucur\u00ed, acatar\u00e1n la movilizaci\u00f3n nacional Agropecuaria convocada por sus gremios en contra del Gobierno actual. Esta movilizaci\u00f3n Nacional Agropecuaria ser\u00e1 para exigir que el Gobierno cumpla con\u2026","rel":"","context":"En \u00abPronunciamientos de Organizaciones Sociales\u00bb","block_context":{"text":"Pronunciamientos de Organizaciones Sociales","link":"https:\/\/moir.com.co\/web\/category\/pronunciamientos-de-organizaciones-sociales\/"},"img":{"alt_text":"","src":"","width":0,"height":0},"classes":[]},{"id":19829,"url":"https:\/\/moir.com.co\/web\/congreso-nacional-agropecuario-2\/","url_meta":{"origin":1279,"position":4},"title":"CONGRESO NACIONAL AGROPECUARIO","author":"admin","date":"agosto 10, 2004","format":false,"excerpt":"Convocatoria Comunicado suscrito por \u00c1ngel Mar\u00eda Caballero y Jorge Enrique Robledo, presidente y secretario de la Asociaci\u00f3n Nacional por la Salvaci\u00f3n Agropecuaria, el 1o. de septiembre de 2001 en Ibagu\u00e9. Cada d\u00eda los colombianos conocen y comprenden m\u00e1s la muy grave crisis que sufre el sector agropecuario. La reducci\u00f3n del\u2026","rel":"","context":"En \u00abTribuna Roja N\u00ba 85, octubre 11 de 2001\u00bb","block_context":{"text":"Tribuna Roja N\u00ba 85, octubre 11 de 2001","link":"https:\/\/moir.com.co\/web\/category\/tribuna-roja\/ediciones-2000-2004\/tribuna-roja-no-85-octubre-11-de-2001\/"},"img":{"alt_text":"","src":"","width":0,"height":0},"classes":[]},{"id":580,"url":"https:\/\/moir.com.co\/web\/presidente-de-salvacion-agropecuaria-en-tunja-la-universidad-y-agricultores-boyacenses-condenan-conspiracion-de-omc-en-cancun\/","url_meta":{"origin":1279,"position":5},"title":"PRESIDENTE DE SALVACION AGROPECUARIA EN TUNJA, LA UNIVERSIDAD Y AGRICULTORES BOYACENSES CONDENAN CONSPIRACION DE OMC EN CANC\u00daN","author":"admin","date":"agosto 11, 2004","format":false,"excerpt":"Dentro de la jornada Nacional de protesta contra el ALCA, coincidente con la reuni\u00f3n de la Organizaci\u00f3n Mundial de Comercio -OMC- en Canc\u00fan, la Asociaci\u00f3n Nacional por la Salvaci\u00f3n Agropecuaria-Cap\u00edtulo de Boyac\u00e1 llev\u00f3 a cabo la evaluaci\u00f3n de la Marcha Nacional realizada el pasado 12 de Agosto y la programaci\u00f3n\u2026","rel":"","context":"En \u00abPronunciamientos de Organizaciones Sociales\u00bb","block_context":{"text":"Pronunciamientos de Organizaciones Sociales","link":"https:\/\/moir.com.co\/web\/category\/pronunciamientos-de-organizaciones-sociales\/"},"img":{"alt_text":"","src":"","width":0,"height":0},"classes":[]}],"jetpack_sharing_enabled":true,"_links":{"self":[{"href":"https:\/\/moir.com.co\/web\/wp-json\/wp\/v2\/posts\/1279","targetHints":{"allow":["GET"]}}],"collection":[{"href":"https:\/\/moir.com.co\/web\/wp-json\/wp\/v2\/posts"}],"about":[{"href":"https:\/\/moir.com.co\/web\/wp-json\/wp\/v2\/types\/post"}],"author":[{"embeddable":true,"href":"https:\/\/moir.com.co\/web\/wp-json\/wp\/v2\/users\/1"}],"replies":[{"embeddable":true,"href":"https:\/\/moir.com.co\/web\/wp-json\/wp\/v2\/comments?post=1279"}],"version-history":[{"count":0,"href":"https:\/\/moir.com.co\/web\/wp-json\/wp\/v2\/posts\/1279\/revisions"}],"wp:attachment":[{"href":"https:\/\/moir.com.co\/web\/wp-json\/wp\/v2\/media?parent=1279"}],"wp:term":[{"taxonomy":"category","embeddable":true,"href":"https:\/\/moir.com.co\/web\/wp-json\/wp\/v2\/categories?post=1279"},{"taxonomy":"post_tag","embeddable":true,"href":"https:\/\/moir.com.co\/web\/wp-json\/wp\/v2\/tags?post=1279"}],"curies":[{"name":"wp","href":"https:\/\/api.w.org\/{rel}","templated":true}]}}