{"id":12767,"date":"2017-06-26T20:46:37","date_gmt":"2017-06-26T20:46:37","guid":{"rendered":"https:\/\/moir.org.co\/web\/?p=12767"},"modified":"2017-06-26T20:46:37","modified_gmt":"2017-06-26T20:46:37","slug":"vigilar-el-cumplimiento","status":"publish","type":"post","link":"https:\/\/moir.com.co\/web\/vigilar-el-cumplimiento\/","title":{"rendered":"Vigilar el cumplimiento"},"content":{"rendered":"<p><strong>Jos\u00e9 Arlex Arias, Cartagena, junio 26 de 2017<\/strong><\/p>\n<p>\u00a1Qu\u00e9 desgracia la de los colombianos! Desde hace a\u00f1os, los gobernantes neoliberales volvieron costumbre que la palabra presidencial no valga nada, incluso cuando se trata del reconocimiento de derechos fundamentales y esenciales de la poblaci\u00f3n. Ahora es normal para el gobierno Santos que le hagan paros para que se comprometa a resolver las necesidades b\u00e1sicas insatisfechas de la poblaci\u00f3n y posteriormente otros paros para que cumpla la palabra empe\u00f1ada.<\/p>\n<p>Hay dos casos que merecen vigilar y nos ilustran la situaci\u00f3n planteada: El presidente Santos, en el marco de la Comisi\u00f3n Laboral, firm\u00f3 con las Confederaciones Sindicales y Pensionales, en representaci\u00f3n de los trabajadores y pensionados, que les regresar\u00eda el recargo nocturno desde las 6 de la tarde, como estaba antes de que \u00c1lvaro Uribe lo limitara a las 10 de la noche; as\u00ed mismo, rebajar\u00eda el aporte de los pensionados a la salud del 12% al 4%, como pagan los trabajadores. El Congreso de la Rep\u00fablica tramit\u00f3 sendas Leyes: de recargo nocturno a partir de las 9 de la noche, en la cual no se cumpli\u00f3 la palabra presidencial, y la ley que rebaja el aporte a la salud de los pensionados; sin embargo, ahora el propio gobierno del presidente Santos sale a desconocer nuevamente su palabra, aduciendo una supuesta falta de presupuesto, lo cual no argumenta cuando otorga rebajas de los impuestos a las transnacionales y grandes potentados. Trabajadores y pensionados ahora tendr\u00e1n que luchar y vigilar para que el se\u00f1or Santos cumpla su devaluada palabra presidencial.<\/p>\n<p>El otro ejemplo es el Acuerdo del 16 de este mes entre el Ministerio de Educaci\u00f3n y Fecode, que es vinculante a la luz del Decreto 160 de 2014. Este es producto de la lucha de la comunidad educativa encabezada por la portentosa participaci\u00f3n de los maestros, quienes transformaron su pliego de peticiones en una negociaci\u00f3n pol\u00edtica por la defensa de la educaci\u00f3n p\u00fablica y que significar\u00e1n varios billones de pesos. En este sentido, el acuerdo contempla: &#8220;El Ministerio de Educaci\u00f3n Nacional y Fecode reconocen la necesidad de una reforma estructural del Sistema General de Participaciones (SGP) que permita garantizar de manera progresiva los recursos necesarios para seguir cerrando las brechas relativas a: 1) el acceso universal al sistema educativo p\u00fablico de todos los ni\u00f1os y j\u00f3venes desde los tres grados del preescolar hasta el grado once, 2) la canasta educativa para todos los estudiantes en el sistema educativo p\u00fablico, 3) los requerimientos necesarios para la implementaci\u00f3n de la jornada \u00fanica, 4) los d\u00e9ficits hist\u00f3ricos vinculados al retraso en la renovaci\u00f3n de la infraestructura educativa p\u00fablica y 5) las relaciones t\u00e9cnicas alumno-docente y alumno-grupo. En este sentido, el Ministerio de Educaci\u00f3n y Fecode acuerdan llevar conjuntamente a la discusi\u00f3n sobre la reforma la propuesta de que los recursos para educaci\u00f3n aumenten progresivamente en un horizonte de 10 a\u00f1os posteriores a la entrada en implementaci\u00f3n de la reforma. Para tal efecto, se acuerda crear una comisi\u00f3n de alto nivel, que contar\u00e1 con la participaci\u00f3n del Ministerio de Hacienda y Cr\u00e9dito P\u00fablico, el Ministerio de Educaci\u00f3n, la Procuradur\u00eda General de la Naci\u00f3n y Fecode, entre otros&#8221;. La poblaci\u00f3n entendi\u00f3 que con la protesta se logran transformaciones: \u00a1Ahora a vigilar que santos s\u00ed cumpla!<\/p>\n","protected":false},"excerpt":{"rendered":"<p>Jos\u00e9 Arlex Arias, Cartagena, junio 26 de 2017 \u00a1Qu\u00e9 desgracia la de los colombianos! Desde hace a\u00f1os, los gobernantes neoliberales volvieron costumbre que la palabra presidencial no valga nada, incluso cuando se trata del reconocimiento de derechos fundamentales y esenciales de la poblaci\u00f3n. Ahora es normal para el gobierno Santos que le hagan paros para [&hellip;]<\/p>\n","protected":false},"author":1,"featured_media":12409,"comment_status":"open","ping_status":"open","sticky":false,"template":"","format":"standard","meta":{"advanced_seo_description":"","jetpack_seo_html_title":"","jetpack_seo_noindex":false,"_jetpack_memberships_contains_paid_content":false,"footnotes":""},"categories":[102,103,97,98,96,109],"tags":[],"class_list":["post-12767","post","type-post","status-publish","format-standard","has-post-thumbnail","hentry","category-economia","category-educacion","category-imperialismo-y-neoliberalismo","category-politica","category-salud-y-pensiones","category-sindical"],"jetpack_featured_media_url":"https:\/\/i0.wp.com\/moir.com.co\/web\/wp-content\/uploads\/2017\/05\/fecodeparo2017.jpg?fit=780%2C514&ssl=1","jetpack-related-posts":[{"id":12480,"url":"https:\/\/moir.com.co\/web\/carta-del-senador-robledo-al-presidente-santos-que-se-atiendan-los-reclamos-de-buenaventura-y-choco-no-mas-maltratos-contra-la-poblacion\/","url_meta":{"origin":12767,"position":0},"title":"Carta del senador Robledo al presidente Santos: Que se atiendan los reclamos de Buenaventura y Choc\u00f3, no m\u00e1s maltratos contra la poblaci\u00f3n","author":"admin","date":"mayo 23, 2017","format":false,"excerpt":"Jorge Enrique Robledo, Bogot\u00e1, mayo 23 de 2017","rel":"","context":"En \u00abEconom\u00eda\u00bb","block_context":{"text":"Econom\u00eda","link":"https:\/\/moir.com.co\/web\/category\/temas\/economia\/"},"img":{"alt_text":"","src":"https:\/\/i0.wp.com\/moir.com.co\/web\/wp-content\/uploads\/2017\/05\/robledocartaapen%CC%83alosa.png?fit=578%2C325&ssl=1&resize=350%2C200","width":350,"height":200,"srcset":"https:\/\/i0.wp.com\/moir.com.co\/web\/wp-content\/uploads\/2017\/05\/robledocartaapen%CC%83alosa.png?fit=578%2C325&ssl=1&resize=350%2C200 1x, https:\/\/i0.wp.com\/moir.com.co\/web\/wp-content\/uploads\/2017\/05\/robledocartaapen%CC%83alosa.png?fit=578%2C325&ssl=1&resize=525%2C300 1.5x"},"classes":[]},{"id":10028,"url":"https:\/\/moir.com.co\/web\/santos-se-gano-el-paro-nacional-con-su-pesima-politica-economica-y-social-senador-robledo\/","url_meta":{"origin":12767,"position":1},"title":"Santos se gan\u00f3 el Paro Nacional con su p\u00e9sima pol\u00edtica econ\u00f3mica y social: Senador Robledo","author":"admin","date":"marzo 17, 2016","format":false,"excerpt":"Profesores, estudiantes, trabajadores, pensionados, transportadores y agricultores entre los sectores que se vinculan al Paro Nacional. Grandes movilizaciones en todas las capitales de Colombia. \u201cLuego del fracaso en las negociaciones del Salario M\u00ednimo Legal, la absurda y arbitraria venta de ISAGEN, el esc\u00e1ndalo de REFICAR, el anuncio de la Reforma\u2026","rel":"","context":"En \u00abJorge Enrique Robledo\u00bb","block_context":{"text":"Jorge Enrique Robledo","link":"https:\/\/moir.com.co\/web\/category\/jorge-enrique-robledo\/"},"img":{"alt_text":"","src":"","width":0,"height":0},"classes":[]},{"id":18542,"url":"https:\/\/moir.com.co\/web\/lamentamos-el-fallecimiento-de-jorge-santos-nunez\/","url_meta":{"origin":12767,"position":2},"title":"Lamentamos el fallecimiento de Jorge Santos Nu\u00f1ez","author":"admin","date":"abril 1, 2020","format":false,"excerpt":"Gustavo Rub\u00e9n Triana Su\u00e1rez, Bogot\u00e1, marzo 31 de 2020 El martes 31 de marzo falleci\u00f3 en Bucaramanga Jorge Santos Nu\u00f1ez ex presidente de la Uni\u00f3n Sindical Obrera USO, ex concejal de Barrancabermeja y\u00a0 ex senador de la Rep\u00fablica. \u00a0 Santos se hizo mec\u00e1nico industrial en el SENA y luego ingreso\u2026","rel":"","context":"En \u00abGustavo Triana\u00bb","block_context":{"text":"Gustavo Triana","link":"https:\/\/moir.com.co\/web\/category\/bitacoras\/gustavo-triana\/"},"img":{"alt_text":"","src":"https:\/\/i0.wp.com\/moir.com.co\/web\/wp-content\/uploads\/2020\/04\/jorgesantos.jpeg?fit=1170%2C602&ssl=1&resize=350%2C200","width":350,"height":200,"srcset":"https:\/\/i0.wp.com\/moir.com.co\/web\/wp-content\/uploads\/2020\/04\/jorgesantos.jpeg?fit=1170%2C602&ssl=1&resize=350%2C200 1x, https:\/\/i0.wp.com\/moir.com.co\/web\/wp-content\/uploads\/2020\/04\/jorgesantos.jpeg?fit=1170%2C602&ssl=1&resize=525%2C300 1.5x, https:\/\/i0.wp.com\/moir.com.co\/web\/wp-content\/uploads\/2020\/04\/jorgesantos.jpeg?fit=1170%2C602&ssl=1&resize=700%2C400 2x, https:\/\/i0.wp.com\/moir.com.co\/web\/wp-content\/uploads\/2020\/04\/jorgesantos.jpeg?fit=1170%2C602&ssl=1&resize=1050%2C600 3x"},"classes":[]},{"id":8446,"url":"https:\/\/moir.com.co\/web\/sindicalistas-y-pensionados-llaman-a-votar-por-clara-lopez\/","url_meta":{"origin":12767,"position":3},"title":"Sindicalistas y pensionados llaman a votar por Clara L\u00f3pez","author":"admin","date":"mayo 22, 2014","format":false,"excerpt":"Dirigentes de las principales organizaciones sindicales y de pensionados de Colombia como La CUT, Fecode, Sindesena, Fenaltrase, Sintracarb\u00f3n, entre otras, expidieron la siguiente declaraci\u00f3n respaldando la candidata presidencial del Polo Democr\u00e1tico Alternativo, Clara L\u00f3pez Obreg\u00f3n y llamando a votar por ella en los comicios de este 25 de mayo: La\u2026","rel":"","context":"En \u00abPronunciamientos de Organizaciones Sociales\u00bb","block_context":{"text":"Pronunciamientos de Organizaciones Sociales","link":"https:\/\/moir.com.co\/web\/category\/pronunciamientos-de-organizaciones-sociales\/"},"img":{"alt_text":"","src":"","width":0,"height":0},"classes":[]},{"id":12591,"url":"https:\/\/moir.com.co\/web\/crece-y-se-fortalece-la-lucha-social\/","url_meta":{"origin":12767,"position":4},"title":"\u201cCrece y se fortalece la lucha social\u201d","author":"admin","date":"junio 2, 2017","format":false,"excerpt":"Comando Nacional Unitario y Coordinadora de Organizaciones Sociales, Bogot\u00e1, junio 2 de 2017 En la sede de la USO BOGOTA, el 1 de junio del presente a\u00f1o nos reunimos 100 dirigentes en representaci\u00f3n de organizaciones sociales, sindicales y pol\u00edticas; despu\u00e9s de o\u00edr los informes sobre los procesos de negociaci\u00f3n de\u2026","rel":"","context":"En \u00abEconom\u00eda\u00bb","block_context":{"text":"Econom\u00eda","link":"https:\/\/moir.com.co\/web\/category\/temas\/economia\/"},"img":{"alt_text":"","src":"https:\/\/i0.wp.com\/moir.com.co\/web\/wp-content\/uploads\/2017\/06\/maestrosparo2017.jpg?fit=1200%2C675&ssl=1&resize=350%2C200","width":350,"height":200,"srcset":"https:\/\/i0.wp.com\/moir.com.co\/web\/wp-content\/uploads\/2017\/06\/maestrosparo2017.jpg?fit=1200%2C675&ssl=1&resize=350%2C200 1x, https:\/\/i0.wp.com\/moir.com.co\/web\/wp-content\/uploads\/2017\/06\/maestrosparo2017.jpg?fit=1200%2C675&ssl=1&resize=525%2C300 1.5x, https:\/\/i0.wp.com\/moir.com.co\/web\/wp-content\/uploads\/2017\/06\/maestrosparo2017.jpg?fit=1200%2C675&ssl=1&resize=700%2C400 2x, https:\/\/i0.wp.com\/moir.com.co\/web\/wp-content\/uploads\/2017\/06\/maestrosparo2017.jpg?fit=1200%2C675&ssl=1&resize=1050%2C600 3x"},"classes":[]},{"id":10014,"url":"https:\/\/moir.com.co\/web\/paro-nacional-del-proximo-17-de-marzo\/","url_meta":{"origin":12767,"position":5},"title":"Paro nacional del pr\u00f3ximo 17 de marzo","author":"admin","date":"marzo 14, 2016","format":false,"excerpt":"El Comando Nacional Unitario conformado por: la CGT, CUT y CTC; las Centrales de Pensionados, CPC y CDPC, y organizaciones sociales, c\u00edvicas, gremiales y pol\u00edticas, aprob\u00f3 la realizaci\u00f3n de un Paro Nacional el pr\u00f3ximo 17 de marzo, con el objetivo de rechazar la pol\u00edtica econ\u00f3mica y social del presidente Santos\u2026","rel":"","context":"En \u00abTemas\u00bb","block_context":{"text":"Temas","link":"https:\/\/moir.com.co\/web\/category\/temas\/"},"img":{"alt_text":"","src":"","width":0,"height":0},"classes":[]}],"jetpack_sharing_enabled":true,"_links":{"self":[{"href":"https:\/\/moir.com.co\/web\/wp-json\/wp\/v2\/posts\/12767","targetHints":{"allow":["GET"]}}],"collection":[{"href":"https:\/\/moir.com.co\/web\/wp-json\/wp\/v2\/posts"}],"about":[{"href":"https:\/\/moir.com.co\/web\/wp-json\/wp\/v2\/types\/post"}],"author":[{"embeddable":true,"href":"https:\/\/moir.com.co\/web\/wp-json\/wp\/v2\/users\/1"}],"replies":[{"embeddable":true,"href":"https:\/\/moir.com.co\/web\/wp-json\/wp\/v2\/comments?post=12767"}],"version-history":[{"count":0,"href":"https:\/\/moir.com.co\/web\/wp-json\/wp\/v2\/posts\/12767\/revisions"}],"wp:featuredmedia":[{"embeddable":true,"href":"https:\/\/moir.com.co\/web\/wp-json\/wp\/v2\/media\/12409"}],"wp:attachment":[{"href":"https:\/\/moir.com.co\/web\/wp-json\/wp\/v2\/media?parent=12767"}],"wp:term":[{"taxonomy":"category","embeddable":true,"href":"https:\/\/moir.com.co\/web\/wp-json\/wp\/v2\/categories?post=12767"},{"taxonomy":"post_tag","embeddable":true,"href":"https:\/\/moir.com.co\/web\/wp-json\/wp\/v2\/tags?post=12767"}],"curies":[{"name":"wp","href":"https:\/\/api.w.org\/{rel}","templated":true}]}}