{"id":12761,"date":"2017-06-26T18:12:36","date_gmt":"2017-06-26T18:12:36","guid":{"rendered":"https:\/\/moir.org.co\/web\/?p=12761"},"modified":"2017-06-26T18:12:36","modified_gmt":"2017-06-26T18:12:36","slug":"sobre-los-cambios-que-se-requieren","status":"publish","type":"post","link":"https:\/\/moir.com.co\/web\/sobre-los-cambios-que-se-requieren\/","title":{"rendered":"Sobre los cambios que se requieren"},"content":{"rendered":"<p><strong>Libardo G\u00f3mez S\u00e1nchez, Neiva, junio 26 de 2017<\/strong><\/p>\n<p>Quienes le apuestan a que nada cambie, a que todo siga igual, son los pocos beneficiarios del actual estado de cosas, en su provecho usan cualquier fracaso de sus contradictores para presentar como una verdad irrefutable \u201cque es mejor malo conocido que bueno por conocer\u201d y meten en el mismo costal a todos sus adversarios como si no existieran diferencias entre ellos. Otra estrategia de los perpetuadores del statu quo, consiste en afirmar que los comportamientos indecentes o corruptos, son consustanciales al ser humano y que da lo mismo los unos o los otros, porque todos son iguales, induciendo al escepticismo y\u00a0 a la desesperanza.<\/p>\n<p>Se descalifican serios an\u00e1lisis del desarrollo social apelando a citar a int\u00e9rpretes baratos que deforman sus concepciones por ego\u00edstas intereses que ri\u00f1en con \u00a0el beneficio general.<\/p>\n<p>Se equivoca un gobernante como Maduro, al creer que la igualdad social es posible decretarla, como una condici\u00f3n que pueda implantarse, \u00a0debe entenderse que\u00a0 solo es factible como consecuencia de un proceso, que va eliminando y termina por superar las relaciones de producci\u00f3n existentes, pero para que sea viable, previamente se requiere que los sectores sociales afectados por el orden vigente, se sacudan de su tutela ideol\u00f3gica, de tal manera que logren promover cambios que armonicen con los intereses de las clases sojuzgadas.<\/p>\n<p>Ahora las transformaciones que est\u00e1n al orden del d\u00eda, para facilitar el ascenso de una sociedad en su realidad, por ejemplo en nuestro caso, una distribuci\u00f3n equitativa \u00a0de la tierra para lograr su pleno desarrollo, hoy frustrado por la excesiva concentraci\u00f3n de las mejores fincas en pocos propietarios, que se tornaron en rentistas del suelo, por el contrario en el futuro para asegurar un mayor desarrollo de estas unidades agr\u00edcolas consolidadas, podr\u00eda eventualmente requerir su integraci\u00f3n, es decir revertir el proceso pero sobre una fase superior de desarrollo del campo.<\/p>\n<p>As\u00ed Colombia en la actualidad para generar m\u00e1s empleo, mayores oportunidades de trabajo con seguridad social y bien remunerado, requiere fortalecer los sectores peque\u00f1os y medios de la actividad empresarial en la ciudad y el campo, de tal suerte que resulta oportuna la propuesta, en su programa presidencial planteada por el senador Robledo, de conformar en su gobierno un Ministerio para la peque\u00f1a y mediana econom\u00eda, porque requieren una atenci\u00f3n del estado diferente\u00a0 a la de la gran empresa, por supuesto sin menoscabo de esta; mejorar la vida material de las gentes no se logra destruyendo empresas, al contrario es facilitando su desarrollo.<\/p>\n","protected":false},"excerpt":{"rendered":"<p>Libardo G\u00f3mez S\u00e1nchez, Neiva, junio 26 de 2017 Quienes le apuestan a que nada cambie, a que todo siga igual, son los pocos beneficiarios del actual estado de cosas, en su provecho usan cualquier fracaso de sus contradictores para presentar como una verdad irrefutable \u201cque es mejor malo conocido que bueno por conocer\u201d y meten [&hellip;]<\/p>\n","protected":false},"author":1,"featured_media":11043,"comment_status":"open","ping_status":"open","sticky":false,"template":"","format":"standard","meta":{"advanced_seo_description":"","jetpack_seo_html_title":"","jetpack_seo_noindex":false,"_jetpack_memberships_contains_paid_content":false,"footnotes":""},"categories":[114,102,97,98],"tags":[],"class_list":["post-12761","post","type-post","status-publish","format-standard","has-post-thumbnail","hentry","category-agro","category-economia","category-imperialismo-y-neoliberalismo","category-politica"],"jetpack_featured_media_url":"https:\/\/i0.wp.com\/moir.com.co\/web\/wp-content\/uploads\/2016\/11\/agricultura.jpg?fit=420%2C290&ssl=1","jetpack-related-posts":[{"id":8447,"url":"https:\/\/moir.com.co\/web\/no-mas-juanmanueles\/","url_meta":{"origin":12761,"position":0},"title":"No m\u00e1s Juanmanueles","author":"admin","date":"mayo 23, 2014","format":false,"excerpt":"A la hora de redactar este art\u00edculo, cuando faltan tres d\u00edas para las elecciones del 25 de mayo, hay verdades que ojal\u00e1 decidan a la hora de votar. Que el pa\u00eds es un desastre como un todo y para demasiada gente, no requiere de mayores demostraciones dada su evidencia, as\u00ed\u2026","rel":"","context":"En \u00abJorge Enrique Robledo\u00bb","block_context":{"text":"Jorge Enrique Robledo","link":"https:\/\/moir.com.co\/web\/category\/jorge-enrique-robledo\/"},"img":{"alt_text":"","src":"","width":0,"height":0},"classes":[]},{"id":19457,"url":"https:\/\/moir.com.co\/web\/todos-los-politicos-son-iguales\/","url_meta":{"origin":12761,"position":1},"title":"\u00bfTodos los pol\u00edticos son iguales?","author":"admin","date":"febrero 12, 2022","format":false,"excerpt":"Jos\u00e9 Rafael Espinel P\u00e1ez, C\u00facuta, febrero 9 de 2022 Con justa raz\u00f3n la gente est\u00e1 mamada de la situaci\u00f3n que vive el pa\u00eds, agravada desde cuando entr\u00f3 en vigencia la Constituci\u00f3n del 91, con el recetario del Consenso de Washington, y que la pandemia empeor\u00f3 todav\u00eda m\u00e1s. Se culpa a\u2026","rel":"","context":"En \u00abCorrupci\u00f3n\u00bb","block_context":{"text":"Corrupci\u00f3n","link":"https:\/\/moir.com.co\/web\/category\/temas\/corrupcion\/"},"img":{"alt_text":"","src":"https:\/\/i0.wp.com\/moir.com.co\/web\/wp-content\/uploads\/2022\/02\/MileibyTIQUE-.jpeg?fit=747%2C534&ssl=1&resize=350%2C200","width":350,"height":200,"srcset":"https:\/\/i0.wp.com\/moir.com.co\/web\/wp-content\/uploads\/2022\/02\/MileibyTIQUE-.jpeg?fit=747%2C534&ssl=1&resize=350%2C200 1x, https:\/\/i0.wp.com\/moir.com.co\/web\/wp-content\/uploads\/2022\/02\/MileibyTIQUE-.jpeg?fit=747%2C534&ssl=1&resize=525%2C300 1.5x, https:\/\/i0.wp.com\/moir.com.co\/web\/wp-content\/uploads\/2022\/02\/MileibyTIQUE-.jpeg?fit=747%2C534&ssl=1&resize=700%2C400 2x"},"classes":[]},{"id":15578,"url":"https:\/\/moir.com.co\/web\/un-acertijo\/","url_meta":{"origin":12761,"position":2},"title":"Un Acertijo","author":"admin","date":"agosto 9, 2018","format":false,"excerpt":"Libardo G\u00f3mez S\u00e1nchez, Neiva, agosto 6 de 2018 A riesgo de continuar una controversia que ya es tiempo de mesurar, no podemos sustraernos al antojo de proponerle a los lectores resolver un acertijo, que se nos ocurre necesario para precisar algunos conceptos equivocados de una franja importante de Colombianos inconformes.\u2026","rel":"","context":"En \u00abEconom\u00eda\u00bb","block_context":{"text":"Econom\u00eda","link":"https:\/\/moir.com.co\/web\/category\/temas\/economia\/"},"img":{"alt_text":"","src":"","width":0,"height":0},"classes":[]},{"id":4345,"url":"https:\/\/moir.com.co\/web\/mockus-y-santos-mas-de-lo-mismo\/","url_meta":{"origin":12761,"position":3},"title":"Mockus y Santos, m\u00e1s de lo mismo","author":"admin","date":"mayo 8, 2010","format":false,"excerpt":"Antanas Mockus y Juan Manuel Santos lideran las encuestas de cara a las elecciones presidenciales del 30 de mayo. Hay que llamar la atenci\u00f3n sobre esto para que el pa\u00eds no vuelva a equivocarse. Santos significa la prolongaci\u00f3n de Uribe y sus conmilitones en el poder. Ya la opini\u00f3n y\u2026","rel":"","context":"Entrada similar","block_context":{"text":"Entrada similar","link":""},"img":{"alt_text":"","src":"","width":0,"height":0},"classes":[]},{"id":18899,"url":"https:\/\/moir.com.co\/web\/ecdisis-inminente\/","url_meta":{"origin":12761,"position":4},"title":"Ecdisis inminente","author":"admin","date":"octubre 23, 2020","format":false,"excerpt":"Xurxo Mari\u00f1o, Revista M\u00e8tode, 5 de junio de 2020 Cualquier veintea\u00f1era sabe que los continentes se mueven y que el planeta Tierra forma parte de una galaxia de las muchas que pueblan el universo. Desconocer\u00e1 muchos detalles \u2013o no\u2013, como la inversi\u00f3n de la polaridad del campo magn\u00e9tico terrestre que,\u2026","rel":"","context":"En \u00abCiencia\u00bb","block_context":{"text":"Ciencia","link":"https:\/\/moir.com.co\/web\/category\/temas\/ciencia\/"},"img":{"alt_text":"","src":"https:\/\/i0.wp.com\/moir.com.co\/web\/wp-content\/uploads\/2020\/10\/Ecdisis.png?fit=458%2C306&ssl=1&resize=350%2C200","width":350,"height":200},"classes":[]},{"id":8291,"url":"https:\/\/moir.com.co\/web\/por-quien-voto\/","url_meta":{"origin":12761,"position":5},"title":"\u00bfPor qui\u00e9n voto?","author":"admin","date":"marzo 6, 2014","format":false,"excerpt":"Muchas personas, con raz\u00f3n, est\u00e1n asqueadas, cansadas y decepcionadas de la pol\u00edtica. Son trabajadores, empresarios y comerciantes, estudiantes, campesinos y ciudadanos del com\u00fan, que se levantan a diario a tratar de sobrevivir en un sistema que act\u00faa contra ellos. Que no les permite tener una vida decente, con las m\u00ednimas\u2026","rel":"","context":"En \u00abTemas\u00bb","block_context":{"text":"Temas","link":"https:\/\/moir.com.co\/web\/category\/temas\/"},"img":{"alt_text":"","src":"","width":0,"height":0},"classes":[]}],"jetpack_sharing_enabled":true,"_links":{"self":[{"href":"https:\/\/moir.com.co\/web\/wp-json\/wp\/v2\/posts\/12761","targetHints":{"allow":["GET"]}}],"collection":[{"href":"https:\/\/moir.com.co\/web\/wp-json\/wp\/v2\/posts"}],"about":[{"href":"https:\/\/moir.com.co\/web\/wp-json\/wp\/v2\/types\/post"}],"author":[{"embeddable":true,"href":"https:\/\/moir.com.co\/web\/wp-json\/wp\/v2\/users\/1"}],"replies":[{"embeddable":true,"href":"https:\/\/moir.com.co\/web\/wp-json\/wp\/v2\/comments?post=12761"}],"version-history":[{"count":0,"href":"https:\/\/moir.com.co\/web\/wp-json\/wp\/v2\/posts\/12761\/revisions"}],"wp:featuredmedia":[{"embeddable":true,"href":"https:\/\/moir.com.co\/web\/wp-json\/wp\/v2\/media\/11043"}],"wp:attachment":[{"href":"https:\/\/moir.com.co\/web\/wp-json\/wp\/v2\/media?parent=12761"}],"wp:term":[{"taxonomy":"category","embeddable":true,"href":"https:\/\/moir.com.co\/web\/wp-json\/wp\/v2\/categories?post=12761"},{"taxonomy":"post_tag","embeddable":true,"href":"https:\/\/moir.com.co\/web\/wp-json\/wp\/v2\/tags?post=12761"}],"curies":[{"name":"wp","href":"https:\/\/api.w.org\/{rel}","templated":true}]}}