{"id":12757,"date":"2017-06-26T18:05:47","date_gmt":"2017-06-26T18:05:47","guid":{"rendered":"https:\/\/moir.org.co\/web\/?p=12757"},"modified":"2017-06-26T18:05:47","modified_gmt":"2017-06-26T18:05:47","slug":"el-paro-del-magisterio-un-triunfo-de-colombia","status":"publish","type":"post","link":"https:\/\/moir.com.co\/web\/el-paro-del-magisterio-un-triunfo-de-colombia\/","title":{"rendered":"El paro del magisterio, un triunfo de Colombia"},"content":{"rendered":"<p><strong>Tribuna Magisterial, Bogot\u00e1, junio de 2017<\/strong><\/p>\n<p>El paro nacional del magisterio es un acontecimiento de la mayor importancia por la claridad de los prop\u00f3sitos que se trazaron y defendieron desde la elaboraci\u00f3n del pliego de peticiones hasta el acta de acuerdos y que estriban en la defensa de una financiaci\u00f3n adecuada, creciente y garantizada de la educaci\u00f3n p\u00fablica, una pol\u00edtica educativa dirigida a elevar las condiciones cient\u00edficas, democr\u00e1ticas y al servicio al desarrollo de la naci\u00f3n; y de los derechos de estudiantes y profesores. Por lo masiva, consiente y entusiasta de la participaci\u00f3n de los maestros, que permiti\u00f3 que durante los 37 d\u00edas de la huelga d\u00eda tras d\u00eda fuera m\u00e1s fuerte, descollando con creces en la gloriosa historia de lucha de nuestra Federaci\u00f3n Colombiana de Trabajadores de la Educaci\u00f3n y sus sindicatos filiales. Por el apoyo de la inmensa mayor\u00eda de los colombianos que comprendi\u00f3 certeramente que la lucha era de una justicia meridiana, prueba de ello es que al decidido respaldo de nuestra Central Unitaria de Trabajadores, CUT, se multiplicaron las voces y hechos de apoyo desde los sindicatos, los partidos de oposici\u00f3n como el Polo Democr\u00e1tico Alternativo cuya bancada, encabezada por el Senador Jorge Robledo, se hizo presente en todos los escenarios; parlamentarios del m\u00e1s amplio espectro pol\u00edtico que coadyuvaron la proposici\u00f3n de darle una nueva partida a la educaci\u00f3n en la adici\u00f3n presupuestal; Gobernadores y Alcaldes, Asambleas\u00a0 Departamentales y Concejos Municipales, columnistas y periodistas de diferentes medios; y, como hecho decisivo, la actitud de padres de familia y estudiantes. Y por la derrota que sufri\u00f3 el Gobierno Santos en su pol\u00edtica contra la educaci\u00f3n p\u00fablica.<\/p>\n<p>Ahora bien, los resultados son considerables: el gobierno reconoce la necesidad de una reforma estructural (que nosotros hacemos constar que debe ser, necesariamente, de rango constitucional) del SGP, para resolver las carencias en acceso, canasta educativa, jornada \u00fanica, renovaci\u00f3n en infraestructura y relaciones t\u00e9cnicas en un horizonte de 10 a\u00f1os. La ampliaci\u00f3n de la cobertura de preescolar, de tal manera que se garantice progresivamente el derecho de los ni\u00f1os al prejard\u00edn, jard\u00edn y transici\u00f3n en las instituciones educativas oficiales. La infraestructura adecuada, el almuerzo escolar y el personal docente como condiciones previas para que la Jornada \u00danica sea un paso adelante. La modificaci\u00f3n del decreto 490 de 2016 para, entre otros aspectos, suprimir la figura de docente l\u00edder de apoyo (con la cual se aumentaba el trabajo directo con los estudiantes y se negaban la libertad de catedra y la autonom\u00eda escolar). Para los docentes orientadores se establece que el tiempo en la instituci\u00f3n educativa ser\u00e1 como m\u00ednimo de 6 horas y las otras 2, al igual que el resto de docentes, las podr\u00e1 cumplir fuera del colegio. Se reconoce la importancia de las Escuelas Normales Superiores y FECODE y el MEN acuerdan su fortalecimiento y su reglamentaci\u00f3n en un espacio conjunto con ellas. Se reactivan las juntas educativas municipales, distritales, departamentales y nacional, creadas por la ley General de Educaci\u00f3n y vueltas letra muerta por sucesivos gobiernos, al igual que\u00a0 se recomienda que en la definici\u00f3n de los temas de los foros participen FECODE y los sindicatos filiales. Se reactiva la comisi\u00f3n Tripartita la cual en un plazo de 6 meses trabajar\u00e1 sobre un proyecto de ley de nuevo estatuto docente. En nivelaci\u00f3n el Gobierno continuar\u00e1 el proceso mencionado en el acta de 2015. La bonificaci\u00f3n pedag\u00f3gica se crea como factor salarial y se pagar\u00e1 una vez al a\u00f1o comenzando con el 6% del sueldo b\u00e1sico en el 2018, el 11% en el 2019 y a partir del 2020 el 15%. Para el proceso de ascenso de la segunda cohorte de la ECDF se establece un curso de formaci\u00f3n para un n\u00famero equivalente al 12% de los docentes que se inscribieron, estos cupos ser\u00e1n asignados en orden descendente (de mayor a menor) entre los educadores que no aprueben la ECDF, los docentes que aprueben el curso ascender\u00e1n en el escalaf\u00f3n. Sobre el decreto 915 no hubo acuerdo en lo fundamental, el derecho de carrera de los docentes que vienen inscritos y se prestan a un nuevo concurso de ingreso, as\u00ed como tampoco hubo acuerdo en torno a las primas extralegales, que fueron defendidas consecuentemente por FECODE, frente a la ilegal pretensi\u00f3n del gobierno de no pagarlas.<\/p>\n<p>El Paro Nacional contribuye a esclarecer la naturaleza abiertamente reaccionaria del Gobierno Santos en su decisi\u00f3n de estrangular la educaci\u00f3n p\u00fablica con una pol\u00edtica de des financiaci\u00f3n que comenz\u00f3 precisamente con su gesti\u00f3n como Ministro de Hacienda del Gobierno Pastrana en 2001 y adicionalmente, da un poderoso mensaje de advertencia sobre la voluntad de los maestros de defensa de los acuerdos si el Gobierno, en su inveterada y tramposa costumbre, decide violarlos. Tambi\u00e9n fue un paso adelante en la construcci\u00f3n de un frente unido de la mayor amplitud para defender la financiaci\u00f3n adecuada de la Educaci\u00f3n, Salud, Agua Potable y Saneamiento b\u00e1sico, enfrentando directamente las recomendaciones de la OCDE, que privilegia por encima de cualquier consideraci\u00f3n los intereses del capital financiero y de las multinacionales.<\/p>\n<p>Alienta este movimiento del magisterio la necesidad que tenemos las inmensas mayor\u00edas de un cambio fundamental de Colombia, que no soporta que sigan gobernando los mismos con las mismas.<\/p>\n","protected":false},"excerpt":{"rendered":"<p>Tribuna Magisterial, Bogot\u00e1, junio de 2017 El paro nacional del magisterio es un acontecimiento de la mayor importancia por la claridad de los prop\u00f3sitos que se trazaron y defendieron desde la elaboraci\u00f3n del pliego de peticiones hasta el acta de acuerdos y que estriban en la defensa de una financiaci\u00f3n adecuada, creciente y garantizada de [&hellip;]<\/p>\n","protected":false},"author":1,"featured_media":12758,"comment_status":"open","ping_status":"open","sticky":false,"template":"","format":"standard","meta":{"advanced_seo_description":"","jetpack_seo_html_title":"","jetpack_seo_noindex":false,"_jetpack_memberships_contains_paid_content":false,"footnotes":""},"categories":[102,103,97,98,109,11],"tags":[],"class_list":["post-12757","post","type-post","status-publish","format-standard","has-post-thumbnail","hentry","category-economia","category-educacion","category-imperialismo-y-neoliberalismo","category-politica","category-sindical","category-tribuna-magisterial"],"jetpack_featured_media_url":"https:\/\/i0.wp.com\/moir.com.co\/web\/wp-content\/uploads\/2017\/06\/maestros060617.jpg?fit=700%2C500&ssl=1","jetpack-related-posts":[{"id":12419,"url":"https:\/\/moir.com.co\/web\/los-docentes-de-tribuna-magisterial-bogota-nos-explican-las-razones-del-glorioso-paro-nacional-del-magisterio-colombiano\/","url_meta":{"origin":12757,"position":0},"title":"Los docentes de Tribuna Magisterial Bogot\u00e1 nos explican las razones del glorioso paro nacional del magisterio colombiano","author":"admin","date":"mayo 17, 2017","format":"video","excerpt":"","rel":"","context":"En \u00abBogot\u00e1\u00bb","block_context":{"text":"Bogot\u00e1","link":"https:\/\/moir.com.co\/web\/category\/temas\/bogota\/"},"img":{"alt_text":"","src":"","width":0,"height":0},"classes":[]},{"id":12408,"url":"https:\/\/moir.com.co\/web\/en-el-paro-nacional-feliz-dia-del-maestro\/","url_meta":{"origin":12757,"position":1},"title":"En el Paro Nacional Feliz D\u00eda del Maestro","author":"admin","date":"mayo 15, 2017","format":false,"excerpt":"Tribuna Magisterial, Bogot\u00e1, mayo 15 de 2017 Tribuna Magisterial felicita a todo el magisterio colombiano en su d\u00eda, haciendo un llamado a fortalecer las acciones del Paro Nacional del magisterio en defensa de los pliegos de peticiones presentados al gobierno, que contienen las principales reivindicaciones en materia laboral y en\u2026","rel":"","context":"En \u00abEducaci\u00f3n\u00bb","block_context":{"text":"Educaci\u00f3n","link":"https:\/\/moir.com.co\/web\/category\/temas\/educacion\/"},"img":{"alt_text":"","src":"https:\/\/i0.wp.com\/moir.com.co\/web\/wp-content\/uploads\/2017\/05\/fecodeparo2017.jpg?fit=780%2C514&ssl=1&resize=350%2C200","width":350,"height":200,"srcset":"https:\/\/i0.wp.com\/moir.com.co\/web\/wp-content\/uploads\/2017\/05\/fecodeparo2017.jpg?fit=780%2C514&ssl=1&resize=350%2C200 1x, https:\/\/i0.wp.com\/moir.com.co\/web\/wp-content\/uploads\/2017\/05\/fecodeparo2017.jpg?fit=780%2C514&ssl=1&resize=525%2C300 1.5x, https:\/\/i0.wp.com\/moir.com.co\/web\/wp-content\/uploads\/2017\/05\/fecodeparo2017.jpg?fit=780%2C514&ssl=1&resize=700%2C400 2x"},"classes":[]},{"id":12400,"url":"https:\/\/moir.com.co\/web\/programa-radial-de-tribuna-magisterial-mayo-14-de-2017\/","url_meta":{"origin":12757,"position":2},"title":"Programa Radial de Tribuna Magisterial, mayo 14 de 2017","author":"admin","date":"mayo 15, 2017","format":"audio","excerpt":"Bogot\u00e1, mayo 14 de 2017 En el programa del 14 de mayo de 2017, Pedro Jim\u00e9nez conductor del programa motiv\u00f3 a la audiencia a movilizarse en el marco del Paro Nacional del Magisterio. Tambi\u00e9n, present\u00f3 la intervenci\u00f3n del Senador del Polo Democr\u00e1tico Alternativo Jorge Enrique Robledo en la ciudad de\u2026","rel":"","context":"En \u00abBogot\u00e1\u00bb","block_context":{"text":"Bogot\u00e1","link":"https:\/\/moir.com.co\/web\/category\/temas\/bogota\/"},"img":{"alt_text":"","src":"https:\/\/i0.wp.com\/moir.com.co\/web\/wp-content\/uploads\/2016\/12\/maestroscalle26.jpg?fit=555%2C370&ssl=1&resize=350%2C200","width":350,"height":200,"srcset":"https:\/\/i0.wp.com\/moir.com.co\/web\/wp-content\/uploads\/2016\/12\/maestroscalle26.jpg?fit=555%2C370&ssl=1&resize=350%2C200 1x, https:\/\/i0.wp.com\/moir.com.co\/web\/wp-content\/uploads\/2016\/12\/maestroscalle26.jpg?fit=555%2C370&ssl=1&resize=525%2C300 1.5x"},"classes":[]},{"id":12652,"url":"https:\/\/moir.com.co\/web\/intervencion-de-maria-antonieta-cano-directiva-de-la-ade-y-de-tribuna-magisterial\/","url_meta":{"origin":12757,"position":3},"title":"Video: Intervenci\u00f3n de Mar\u00eda Antonieta Cano directiva de la ADE y de tribuna magisterial","author":"admin","date":"junio 8, 2017","format":"video","excerpt":"Publicado el 8 de junio de 2017 En el marco del paro nacional indefinido del magisterio, se realiz\u00f3 plant\u00f3n frente a la secretaria de educaci\u00f3n distrital y movilizaci\u00f3n hasta el Ministerio de Educaci\u00f3n.","rel":"","context":"En \u00abBogot\u00e1\u00bb","block_context":{"text":"Bogot\u00e1","link":"https:\/\/moir.com.co\/web\/category\/temas\/bogota\/"},"img":{"alt_text":"","src":"","width":0,"height":0},"classes":[]},{"id":8431,"url":"https:\/\/moir.com.co\/web\/informe-de-tribuna-magisterial-aprobado-paro-nacional-del-magisterio\/","url_meta":{"origin":12757,"position":4},"title":"Informe de Tribuna Magisterial: aprobado paro nacional del magisterio","author":"admin","date":"mayo 13, 2014","format":false,"excerpt":"La Junta Nacional de FECODE ha aprobado en el d\u00eda de hoy por unanimidad el PARO NACIONAL DEL MAGISTERIO COLOMBIANO, que comienza el mi\u00e9rcoles 14 de mayo. Es una decisi\u00f3n hist\u00f3rica que coloca a los maestros colombianos en la senda de la lucha contra las medidas del gobierno de Santos.\u2026","rel":"","context":"En \u00abTribuna Magisterial\u00bb","block_context":{"text":"Tribuna Magisterial","link":"https:\/\/moir.com.co\/web\/category\/tribuna-magisterial\/"},"img":{"alt_text":"","src":"","width":0,"height":0},"classes":[]},{"id":8393,"url":"https:\/\/moir.com.co\/web\/informe-de-tribuna-magisterial-paro-nacional-del-magisterio\/","url_meta":{"origin":12757,"position":5},"title":"Informe de Tribuna Magisterial: paro nacional del magisterio","author":"admin","date":"abril 25, 2014","format":false,"excerpt":"El pa\u00eds vive una profunda crisis causada por el Gobierno de Santos. Su pol\u00edtica de entrega de la soberan\u00eda nacional con los Tratados de Libre Comercio ha conducido a la quiebra a la agricultura, la ganader\u00eda y la industria; el empobrecimiento de la mayor\u00eda de la poblaci\u00f3n; el desempleo, el\u2026","rel":"","context":"En \u00abTribuna Magisterial\u00bb","block_context":{"text":"Tribuna Magisterial","link":"https:\/\/moir.com.co\/web\/category\/tribuna-magisterial\/"},"img":{"alt_text":"","src":"","width":0,"height":0},"classes":[]}],"jetpack_sharing_enabled":true,"_links":{"self":[{"href":"https:\/\/moir.com.co\/web\/wp-json\/wp\/v2\/posts\/12757","targetHints":{"allow":["GET"]}}],"collection":[{"href":"https:\/\/moir.com.co\/web\/wp-json\/wp\/v2\/posts"}],"about":[{"href":"https:\/\/moir.com.co\/web\/wp-json\/wp\/v2\/types\/post"}],"author":[{"embeddable":true,"href":"https:\/\/moir.com.co\/web\/wp-json\/wp\/v2\/users\/1"}],"replies":[{"embeddable":true,"href":"https:\/\/moir.com.co\/web\/wp-json\/wp\/v2\/comments?post=12757"}],"version-history":[{"count":0,"href":"https:\/\/moir.com.co\/web\/wp-json\/wp\/v2\/posts\/12757\/revisions"}],"wp:featuredmedia":[{"embeddable":true,"href":"https:\/\/moir.com.co\/web\/wp-json\/wp\/v2\/media\/12758"}],"wp:attachment":[{"href":"https:\/\/moir.com.co\/web\/wp-json\/wp\/v2\/media?parent=12757"}],"wp:term":[{"taxonomy":"category","embeddable":true,"href":"https:\/\/moir.com.co\/web\/wp-json\/wp\/v2\/categories?post=12757"},{"taxonomy":"post_tag","embeddable":true,"href":"https:\/\/moir.com.co\/web\/wp-json\/wp\/v2\/tags?post=12757"}],"curies":[{"name":"wp","href":"https:\/\/api.w.org\/{rel}","templated":true}]}}