{"id":12752,"date":"2017-06-23T17:04:06","date_gmt":"2017-06-23T17:04:06","guid":{"rendered":"https:\/\/moir.org.co\/web\/?p=12752"},"modified":"2017-06-23T17:04:06","modified_gmt":"2017-06-23T17:04:06","slug":"el-paro-que-educo-a-colombia","status":"publish","type":"post","link":"https:\/\/moir.com.co\/web\/el-paro-que-educo-a-colombia\/","title":{"rendered":"El paro que educ\u00f3 a Colombia"},"content":{"rendered":"<p><strong>Dar\u00edo Arenas Villegas, Manizales, junio 22 de 2017<\/strong><\/p>\n<p>Acaba de culminar uno de los m\u00e1s largos y exitosos paros de las \u00faltimas d\u00e9cadas en el pa\u00eds. Durante 36 d\u00edas los maestros de Colombia realizaron movilizaciones, tomas a capitales, plantones, carnavales, lecturas al aire libre, asambleas y reuniones, con lo cual lograron que el gobierno se sentara a negociar y consiguieron el apoyo de millones de ciudadanos, que manifestaron abiertamente su aprecio por la causa profesoral y por la defensa de la educaci\u00f3n p\u00fablica y de calidad.<\/p>\n<p>No son dif\u00edciles de explicar las razones del paro porque si hay algo que anda mal en el pa\u00eds es la educaci\u00f3n. Mauricio Garc\u00eda Villegas y otros autores demuestran en el libro Separados y desiguales (Dejusticia, 2013) que el sistema de educaci\u00f3n colombiano, a pesar del compromiso de los docentes y de los esfuerzos de los estudiantes y sus familias, reproduce y agudiza las desigualdades existentes en el pa\u00eds. Esto demuestra la profunda crisis del sector ya que en lugar de promover la movilidad social, el modelo educativo vigente replica la p\u00e9sima distribuci\u00f3n de la riqueza de Colombia.<\/p>\n<p>Garc\u00eda Villegas, a trav\u00e9s de un extenso an\u00e1lisis de los resultados de las pruebas Saber 11, evidencia c\u00f3mo se ha ensanchado en los \u00faltimos a\u00f1os la brecha entre los estudiantes de estratos bajos que asisten a colegios p\u00fablicos, y los de estratos altos inscritos en colegios privados de \u00e9lite. El estudio comprueba que, adem\u00e1s de la situaci\u00f3n econ\u00f3mica, los estudios de los padres y el tama\u00f1o de la familia, la naturaleza del colegio y el estrato del estudiante tienen un peso relevante en los resultados de los j\u00f3venes. Mientras los estudiantes de colegios p\u00fablicos obtienen en las Pruebas Saber 11 un puntaje de 43,8, los estudiantes de colegios privados de \u00e9lite obtienen en promedio un puntaje de 55,2. Esto implica que los estudiantes inscritos en instituciones privadas con matr\u00edculas superiores a 250.000 pesos, obtienen 11,4 puntos m\u00e1s que los estudiantes matriculados en instituciones educativas oficiales. En cuanto a la procedencia social, mientras que la diferencia entre j\u00f3venes del estrato m\u00e1s bajo y el m\u00e1s alto fue de 7 puntos en el a\u00f1o 2008, en 2011 se ampli\u00f3 a 17; en ese a\u00f1o los estudiantes de estrato 1 obtuvieron 42,4 puntos mientras que los de estrato 6 alcanzaron 59,4.<\/p>\n<p>Los malos resultados de la mayor\u00eda de colegios oficiales, en los cuales se matriculan generalmente los estudiantes de estratos bajos, no sorprenden. Y no es sorpresa que les vaya mal a las instituciones oficiales porque la pol\u00edtica educativa de los \u00faltimos 30 a\u00f1os se ha basado en la desfinanciaci\u00f3n del sector p\u00fablico, la privatizaci\u00f3n y las malas condiciones laborales. Los recortes a las transferencias le han asestado un duro golpe a las finanzas de la educaci\u00f3n a nivel departamental y municipal, la pol\u00edtica de colegios en concesi\u00f3n ha trasladado ingentes recursos p\u00fablicos al sector privado y la situaci\u00f3n laboral de los trabajadores de la educaci\u00f3n es de las peores del mundo. Mientras un docente de los pa\u00edses desarrollados trabaja en promedio 700 horas al a\u00f1o, un profesor colombiano labora 1.200 horas, esto es, dos meses m\u00e1s de trabajo anualmente. Adem\u00e1s de esto, mientras un profesor de un pa\u00eds perteneciente a la OCDE tiene un salario promedio de $9,8 millones de pesos (Education at a glance, 2016), un docente colombiano recibe mensualmente 2,6 millones (Fern\u00e1ndez Mar\u00edn, 2017), lo que significa que percibe un salario casi 4 veces menor en comparaci\u00f3n con sus hom\u00f3logos de Norteam\u00e9rica y Europa.<\/p>\n<p>Ante esta dram\u00e1tica situaci\u00f3n, el paro de los profes no solo fue justo sino necesario. La participaci\u00f3n de Fecode en el debate sobre la reestructuraci\u00f3n del Sistema General de Participaciones, el impulso a la creaci\u00f3n de un estatuto docente \u00fanico, la instauraci\u00f3n progresiva de tres niveles de preescolar en el sector p\u00fablico y los incrementos y bonificaciones salariales, entre otros logros, demuestran la justeza y el \u00e9xito del paro de profesores.<\/p>\n<p>Los maestros nos ense\u00f1aron a todos los colombianos que luchar vale la pena.<\/p>\n","protected":false},"excerpt":{"rendered":"<p>Dar\u00edo Arenas Villegas, Manizales, junio 22 de 2017 Acaba de culminar uno de los m\u00e1s largos y exitosos paros de las \u00faltimas d\u00e9cadas en el pa\u00eds. Durante 36 d\u00edas los maestros de Colombia realizaron movilizaciones, tomas a capitales, plantones, carnavales, lecturas al aire libre, asambleas y reuniones, con lo cual lograron que el gobierno se [&hellip;]<\/p>\n","protected":false},"author":1,"featured_media":12753,"comment_status":"open","ping_status":"open","sticky":false,"template":"","format":"standard","meta":{"advanced_seo_description":"","jetpack_seo_html_title":"","jetpack_seo_noindex":false,"_jetpack_memberships_contains_paid_content":false,"footnotes":""},"categories":[102,103,97,98,109,11],"tags":[],"class_list":["post-12752","post","type-post","status-publish","format-standard","has-post-thumbnail","hentry","category-economia","category-educacion","category-imperialismo-y-neoliberalismo","category-politica","category-sindical","category-tribuna-magisterial"],"jetpack_featured_media_url":"https:\/\/i0.wp.com\/moir.com.co\/web\/wp-content\/uploads\/2017\/06\/maestrosbogotaparo220415.jpg?fit=720%2C960&ssl=1","jetpack-related-posts":[{"id":19398,"url":"https:\/\/moir.com.co\/web\/andres-hurtado-el-guardian-de-los-rincones-secretos-de-colombia\/","url_meta":{"origin":12752,"position":0},"title":"Andr\u00e9s Hurtado: el guardi\u00e1n de los rincones secretos de Colombia","author":"admin","date":"diciembre 18, 2021","format":false,"excerpt":"Andr\u00e9s Hurtado Garc\u00eda,\u00a0 El Tiempo, Bogot\u00e1 D.C., 14 de diciembre de 2021 Con un nuevo libro de gran formato de fotograf\u00edas y relatos regresa este caminante a librer\u00edas. Este libro es fruto de mi pasi\u00f3n por\u00a0Colombia\u00a0y de mi conocimiento del pa\u00eds. En un rinc\u00f3n de la blanca pared de mi\u2026","rel":"","context":"En \u00abArtes\u00bb","block_context":{"text":"Artes","link":"https:\/\/moir.com.co\/web\/category\/temas\/artes\/"},"img":{"alt_text":"","src":"https:\/\/i0.wp.com\/moir.com.co\/web\/wp-content\/uploads\/2021\/12\/AndresHurtado.png?fit=260%2C389&ssl=1&resize=350%2C200","width":350,"height":200},"classes":[]},{"id":1967,"url":"https:\/\/moir.com.co\/web\/respaldo-al-paro-nacional-y-al-paro-indefinido-del-magisterio-colombiano\/","url_meta":{"origin":12752,"position":1},"title":"RESPALDO AL PARO NACIONAL Y AL PARO INDEFINIDO DEL MAGISTERIO COLOMBIANO","author":"admin","date":"mayo 22, 2007","format":false,"excerpt":"Declaraci\u00f3n Bancada del Polo de Democr\u00e1tico Alternativo, Senado de la Rep\u00fablica, Bogot\u00e1, 22 de mayo de 2007 La bancada en el senado del Polo Democr\u00e1tico Alternativo (PDA), en desarrollo de la determinaci\u00f3n tomada por el Comit\u00e9 Ejecutivo Nacional del Partido, deja expresa constancia de nuestro respaldo al paro nacional de\u2026","rel":"","context":"En \u00abPolo Democr\u00e1tico Alternativo\u00bb","block_context":{"text":"Polo Democr\u00e1tico Alternativo","link":"https:\/\/moir.com.co\/web\/category\/polo-democratico-alternativo\/"},"img":{"alt_text":"","src":"","width":0,"height":0},"classes":[]},{"id":8393,"url":"https:\/\/moir.com.co\/web\/informe-de-tribuna-magisterial-paro-nacional-del-magisterio\/","url_meta":{"origin":12752,"position":2},"title":"Informe de Tribuna Magisterial: paro nacional del magisterio","author":"admin","date":"abril 25, 2014","format":false,"excerpt":"El pa\u00eds vive una profunda crisis causada por el Gobierno de Santos. Su pol\u00edtica de entrega de la soberan\u00eda nacional con los Tratados de Libre Comercio ha conducido a la quiebra a la agricultura, la ganader\u00eda y la industria; el empobrecimiento de la mayor\u00eda de la poblaci\u00f3n; el desempleo, el\u2026","rel":"","context":"En \u00abTribuna Magisterial\u00bb","block_context":{"text":"Tribuna Magisterial","link":"https:\/\/moir.com.co\/web\/category\/tribuna-magisterial\/"},"img":{"alt_text":"","src":"","width":0,"height":0},"classes":[]},{"id":9327,"url":"https:\/\/moir.com.co\/web\/el-paro-nacional-del-magisterio-gigantesco-movimiento-de-resistencia-a-la-politica-del-gobierno-santos\/","url_meta":{"origin":12752,"position":3},"title":"El paro nacional del magisterio: gigantesco movimiento de resistencia a la pol\u00edtica del gobierno Santos","author":"admin","date":"abril 26, 2015","format":false,"excerpt":"Santos y su ministra Parody confiaban en que la farsa montada sobre la 'excelencia de la educaci\u00f3n', la fementida 'jornada \u00fanica', las falsa becas de su discriminatorio y privatizador programa 'ser pilo paga', el cacareado \u00edndice sint\u00e9tico de calidad, el auto proclamado d\u00eda E, el mentiroso cuento de que 'nunca\u2026","rel":"","context":"En \u00abTribuna Magisterial\u00bb","block_context":{"text":"Tribuna Magisterial","link":"https:\/\/moir.com.co\/web\/category\/tribuna-magisterial\/"},"img":{"alt_text":"","src":"","width":0,"height":0},"classes":[]},{"id":9334,"url":"https:\/\/moir.com.co\/web\/la-organizacion-colombiana-de-estudiantes-oce-apoya-el-paro-nacional-indefinido-del-magisterio\/","url_meta":{"origin":12752,"position":4},"title":"La Organizaci\u00f3n Colombiana de Estudiantes, OCE, apoya el paro nacional indefinido del Magisterio","author":"admin","date":"abril 27, 2015","format":false,"excerpt":"La Organizaci\u00f3n Colombiana de Estudiantes, OCE, manifiesta su apoyo al paro nacional indefinido convocado por FECODE. El Paro es la respuesta a la intransigencia del gobierno de Santos de solucionar las justas peticiones del magisterio, contenidas en su pliego, cuyo prop\u00f3sito es dignificar el trabajo docente y mejorar la educaci\u00f3n\u2026","rel":"","context":"En \u00abEducaci\u00f3n\u00bb","block_context":{"text":"Educaci\u00f3n","link":"https:\/\/moir.com.co\/web\/category\/temas\/educacion\/"},"img":{"alt_text":"","src":"","width":0,"height":0},"classes":[]},{"id":1047,"url":"https:\/\/moir.com.co\/web\/contra-la-reforma-antinacional-de-marco-palacio-universidad-nacional-al-paro\/","url_meta":{"origin":12752,"position":5},"title":"CONTRA LA REFORMA ANTINACIONAL DE  MARCO PALACIO&#8230; \u00a1UNIVERSIDAD NACIONAL AL PARO!","author":"admin","date":"octubre 20, 2004","format":false,"excerpt":"La reforma a la Universidad Nacional presentada e impulsada por el rector Marco Palacios y defendida por el editorial del peri\u00f3dico \"El Tiempo\" y columnistas como Rudolf Hommes, obedece a la necesidad de adecuar la educaci\u00f3n superior en Colombia a los requerimientos de las pol\u00edticas de libre comercio y globalizaci\u00f3n,\u2026","rel":"","context":"En \u00abJuventud Patri\u00f3tica\u00bb","block_context":{"text":"Juventud Patri\u00f3tica","link":"https:\/\/moir.com.co\/web\/category\/juventud-patriotica\/"},"img":{"alt_text":"","src":"","width":0,"height":0},"classes":[]}],"jetpack_sharing_enabled":true,"_links":{"self":[{"href":"https:\/\/moir.com.co\/web\/wp-json\/wp\/v2\/posts\/12752","targetHints":{"allow":["GET"]}}],"collection":[{"href":"https:\/\/moir.com.co\/web\/wp-json\/wp\/v2\/posts"}],"about":[{"href":"https:\/\/moir.com.co\/web\/wp-json\/wp\/v2\/types\/post"}],"author":[{"embeddable":true,"href":"https:\/\/moir.com.co\/web\/wp-json\/wp\/v2\/users\/1"}],"replies":[{"embeddable":true,"href":"https:\/\/moir.com.co\/web\/wp-json\/wp\/v2\/comments?post=12752"}],"version-history":[{"count":0,"href":"https:\/\/moir.com.co\/web\/wp-json\/wp\/v2\/posts\/12752\/revisions"}],"wp:featuredmedia":[{"embeddable":true,"href":"https:\/\/moir.com.co\/web\/wp-json\/wp\/v2\/media\/12753"}],"wp:attachment":[{"href":"https:\/\/moir.com.co\/web\/wp-json\/wp\/v2\/media?parent=12752"}],"wp:term":[{"taxonomy":"category","embeddable":true,"href":"https:\/\/moir.com.co\/web\/wp-json\/wp\/v2\/categories?post=12752"},{"taxonomy":"post_tag","embeddable":true,"href":"https:\/\/moir.com.co\/web\/wp-json\/wp\/v2\/tags?post=12752"}],"curies":[{"name":"wp","href":"https:\/\/api.w.org\/{rel}","templated":true}]}}