{"id":12720,"date":"2017-06-16T21:28:22","date_gmt":"2017-06-16T21:28:22","guid":{"rendered":"https:\/\/moir.org.co\/web\/?p=12720"},"modified":"2017-06-16T21:28:22","modified_gmt":"2017-06-16T21:28:22","slug":"por-que-respaldar-al-magisterio","status":"publish","type":"post","link":"https:\/\/moir.com.co\/web\/por-que-respaldar-al-magisterio\/","title":{"rendered":"POR QU\u00c9 RESPALDAR AL MAGISTERIO"},"content":{"rendered":"<p><strong>Jorge Enrique Robledo, Bogot\u00e1, junio 16 de 2017<\/strong><\/p>\n<p class=\"m7266633140845253290s5\"><span class=\"m7266633140845253290bumpedfont15\"><span lang=\"ES\">Finlandia es un pa\u00eds de econom\u00eda de mercado que posee la merecida fama de tener la mejor educaci\u00f3n del mundo. Entre las razones de su \u00e9xito est\u00e1n un profesorado bien pago, que le permite a cada maestro llevar una vida digna dedicada a la docencia, al igual que las mejores condiciones laborales en libertad de c\u00e1tedra, n\u00famero de estudiantes por sal\u00f3n, horas de clase semanales, laboratorios, bibliotecas y dem\u00e1s instalaciones. Los finlandeses, adem\u00e1s, han sido formados en la idea de que la docencia es una profesi\u00f3n respetabil\u00edsima, hecho que, sumado a las buenas condiciones de trabajo, atrae hacia ella a los mejores estudiantes del pa\u00eds, quienes se forman con excelencia, en pregrado y posgrado, en universidades p\u00fablicas gratuitas de alto nivel, que son las mismas para todos los finlandeses. Y gozan de un grande y respetado sindicato con el que los gobiernos se relacionan con el profesorado.<\/span><\/span><\/p>\n<p class=\"m7266633140845253290s5\"><span lang=\"ES\">\u00a0<\/span><\/p>\n<p class=\"m7266633140845253290s5\"><span class=\"m7266633140845253290bumpedfont15\"><span lang=\"ES\">Entonces, el sistema educativo de Finlandia no se parece en nada, \u00a1pero en absolutamente nada!, al de Colombia, donde los profesores son muy mal pagos y con exageradas horas de clase y estudiantes por aula, instituciones con p\u00e9simas instalaciones y dotaciones y cero respaldo para acceder a los costosos posgrados. Como si fuera poco, van d\u00e9cadas de una campa\u00f1a de descr\u00e9dito contra los docentes, present\u00e1ndolos como indeseables y como los responsables de las graves fallas del sistema educativo.<\/span><\/span><\/p>\n<p class=\"m7266633140845253290s5\"><span lang=\"ES\">\u00a0<\/span><\/p>\n<p class=\"m7266633140845253290s7\"><span class=\"m7266633140845253290bumpedfont15\"><span lang=\"ES\">A prop\u00f3sito del sistema educativo, dise\u00f1ado por los gobiernos y no por el magisterio, este nunca se ha pensado para dotar al pa\u00eds de la mejor educaci\u00f3n, sino todo lo contrario, como lo prueban unos ejemplos. Medio siglo se gastaron los gobernantes de Colombia en reconocer \u2013y solo lo han hecho en el papel\u2013 que la doble jornada en los colegios p\u00fablicos \u2013unos van a clase por la ma\u00f1ana y otros por la tarde\u2013 le hizo y le hace un da\u00f1o enorme a la educaci\u00f3n. Porque al terminar sus estudios, los que asistieron a la doble jornada recibieron tres a\u00f1os menos de clases, \u00a1tres a\u00f1os!, que los que estudiaron todo el d\u00eda. Y no fue casual que en estos diez lustros, y todav\u00eda ahora, los que pudieron pagar por la jornada \u00fanica no sometieron a sus hijos a la formaci\u00f3n de inferior calidad. Tambi\u00e9n sirve de prueba reina que los gobiernos hayan convertido la educaci\u00f3n privada \u2013que puede existir\u2013, no en la excepci\u00f3n, sino en la pol\u00edtica oficial. Porque si bien la educaci\u00f3n privada puede ser de alta calidad, solo lo logra la de matr\u00edculas muy caras, que por definici\u00f3n excluye a casi todos los colombianos, a los que se condena a la educaci\u00f3n privada de garaje, de inevitable mediocridad.<\/span><\/span><\/p>\n<p class=\"m7266633140845253290s7\"><span lang=\"ES\">\u00a0<\/span><\/p>\n<p class=\"m7266633140845253290s7\"><span class=\"m7266633140845253290bumpedfont15\"><span lang=\"ES\">Una \u00faltima prueba: nadie puede refutar que el mejor sistema educativo debe tener como prop\u00f3sito la educaci\u00f3n universal, es decir, para todos, y de alta calidad, ni que para que pueda ser universal tiene que ser gratuita y pagada por el Estado, el \u00fanico que puede pagarla. Y es obvio que solo el Estado puede garantizar las mejores condiciones laborales para los docentes, claves en todo sistema educativo, objetivos que no significan implantar un pa\u00eds socialista o que no pueda haber educaci\u00f3n privada de la mejor calidad.<\/span><\/span><\/p>\n<p class=\"m7266633140845253290s7\"><span lang=\"ES\">\u00a0<\/span><\/p>\n<p class=\"m7266633140845253290s7\"><span class=\"m7266633140845253290bumpedfont15\"><span lang=\"ES\">\u00bfQue por qu\u00e9 respaldo el paro del magisterio?, pregunta el santismo insidioso. Por la simple raz\u00f3n de que las maestras y los maestros tienen la raz\u00f3n, seg\u00fan aprend\u00ed en 26 a\u00f1os de profesor de tiempo completo en la Universidad Nacional de Colombia, Sede de Manizales, y porque con estas ideas llegu\u00e9 al Senado y no es de mi personalidad cambiar mi manera de pensar a cambio de la mermelada que reparten quienes malgobiernan a Colombia.<\/span><\/span><\/p>\n<p class=\"m7266633140845253290s7\"><span lang=\"ES\">\u00a0<\/span><\/p>\n<p class=\"m7266633140845253290s7\"><span class=\"m7266633140845253290bumpedfont15\"><span lang=\"ES\">Coletilla uno. Se necesitaron los reclamos de la Procuradur\u00eda y la decisi\u00f3n del Tribunal Superior de Cundinamarca de parar la venta de Cafesalud, seg\u00fan demanda que interpusimos con Sof\u00eda Gaviria y Jos\u00e9 Roberto Acosta, para impedir que se cerrar\u00e1 este negocio oscuro, montado por el gobierno en favor de no se sabe con precisi\u00f3n qui\u00e9nes y en qu\u00e9 condiciones, porque lo ocultan tras un pacto ilegal de confidencialidad (<\/span><\/span><span lang=\"ES\"><a href=\"http:\/\/bit.ly\/2suyJvw\">http:\/\/bit.ly\/2suyJvw<\/a><span class=\"m7266633140845253290bumpedfont15\">).<\/span><\/span><\/p>\n<p class=\"m7266633140845253290s7\"><span lang=\"ES\">\u00a0<\/span><\/p>\n<p class=\"m7266633140845253290s7\"><span class=\"m7266633140845253290bumpedfont15\"><span lang=\"ES\">Coletilla dos. Nos dio la raz\u00f3n la Contralor\u00eda en el caso del cr\u00e9dito que el Banco Agrario le concedi\u00f3, ilegalmente, a Navelena-Odebrecht, en el que se encuentran perdidos 138 mil millones de pesos, suma que en parte se destin\u00f3 para favorecer, abusivamente, al Banco de Occidente, del Grupo Aval (<\/span><\/span><span lang=\"ES\"><a href=\"http:\/\/bit.ly\/2r7F64y\">http:\/\/bit.ly\/2r7F64y<\/a><span class=\"m7266633140845253290bumpedfont15\">). Y la Fiscal\u00eda investiga a ejecutivos de segundo nivel del Banco pero no a su junta directiva, que aprob\u00f3 el cr\u00e9dito que no ha debido aprobar.<\/span><\/span><\/p>\n","protected":false},"excerpt":{"rendered":"<p>Jorge Enrique Robledo, Bogot\u00e1, junio 16 de 2017 Finlandia es un pa\u00eds de econom\u00eda de mercado que posee la merecida fama de tener la mejor educaci\u00f3n del mundo. Entre las razones de su \u00e9xito est\u00e1n un profesorado bien pago, que le permite a cada maestro llevar una vida digna dedicada a la docencia, al igual [&hellip;]<\/p>\n","protected":false},"author":1,"featured_media":12721,"comment_status":"open","ping_status":"open","sticky":false,"template":"","format":"standard","meta":{"advanced_seo_description":"","jetpack_seo_html_title":"","jetpack_seo_noindex":false,"_jetpack_memberships_contains_paid_content":false,"footnotes":""},"categories":[102,103,97,4,98,109,11],"tags":[],"class_list":["post-12720","post","type-post","status-publish","format-standard","has-post-thumbnail","hentry","category-economia","category-educacion","category-imperialismo-y-neoliberalismo","category-jorge-enrique-robledo","category-politica","category-sindical","category-tribuna-magisterial"],"jetpack_featured_media_url":"https:\/\/i0.wp.com\/moir.com.co\/web\/wp-content\/uploads\/2017\/06\/robledoton%CC%83aparomaestros.jpg?fit=5456%2C3064&ssl=1","jetpack-related-posts":[{"id":8208,"url":"https:\/\/moir.com.co\/web\/el-sistema-de-evaluacion-a-los-maestros-deteriora-la-calidad-de-la-educacion-y-lesiona-los-derechos-laborales\/","url_meta":{"origin":12720,"position":0},"title":"El sistema de evaluaci\u00f3n a los maestros deteriora la calidad de la educaci\u00f3n y lesiona los derechos laborales","author":"admin","date":"enero 30, 2014","format":false,"excerpt":"La evaluaci\u00f3n de competencias que el Ministerio de Educaci\u00f3n les impone a los maestros vinculados despu\u00e9s del a\u00f1o 2002 es un sistema que deteriora la calidad de la educaci\u00f3n e impide que los maestros mejoren sus condiciones laborales. De acuerdo con los \u00faltimos resultados, entre el 10 y 15 por\u2026","rel":"","context":"En \u00abJorge Enrique Robledo\u00bb","block_context":{"text":"Jorge Enrique Robledo","link":"https:\/\/moir.com.co\/web\/category\/jorge-enrique-robledo\/"},"img":{"alt_text":"","src":"","width":0,"height":0},"classes":[]},{"id":16367,"url":"https:\/\/moir.com.co\/web\/video-la-importancia-de-la-educacion-para-el-desarrollo-del-pais-senador-jorge-enrique-robledo\/","url_meta":{"origin":12720,"position":1},"title":"Video: La importancia de la educaci\u00f3n para el desarrollo del pa\u00eds, senador Jorge Enrique Robledo","author":"admin","date":"noviembre 10, 2018","format":"video","excerpt":"Conferencia a los estudiantes, profesores y directivos de la Universidad de Cundinamarca sede Facatativ\u00e1. Noviembre 9 de 2018","rel":"","context":"En \u00abEconom\u00eda\u00bb","block_context":{"text":"Econom\u00eda","link":"https:\/\/moir.com.co\/web\/category\/temas\/economia\/"},"img":{"alt_text":"","src":"","width":0,"height":0},"classes":[]},{"id":12416,"url":"https:\/\/moir.com.co\/web\/el-gobierno-de-santos-debe-atender-las-peticiones-de-los-trabajadores-estatales-senador-robledo\/","url_meta":{"origin":12720,"position":2},"title":"El gobierno de Santos debe atender las peticiones de los trabajadores estatales: Senador Robledo","author":"admin","date":"mayo 17, 2017","format":false,"excerpt":"Oficina de prensa del senador Jorge Enrique Robledo, Bogot\u00e1, mayo 16 de 2017 \u201cVan veinticinco a\u00f1os de reiteradas negativas a atender debidamente las justas peticiones de los trabajadores estatales colombianos,\u201d se\u00f1al\u00f3 el senador Jorge Enrique Robledo, quien se solidariz\u00f3 con los reclamos de los 1,2 millones de empleados p\u00fablicos del\u2026","rel":"","context":"En \u00abEconom\u00eda\u00bb","block_context":{"text":"Econom\u00eda","link":"https:\/\/moir.com.co\/web\/category\/temas\/economia\/"},"img":{"alt_text":"","src":"https:\/\/i0.wp.com\/moir.com.co\/web\/wp-content\/uploads\/2017\/04\/cut.jpg?fit=341%2C200&ssl=1&resize=350%2C200","width":350,"height":200},"classes":[]},{"id":10910,"url":"https:\/\/moir.com.co\/web\/el-polo-con-jorge-robledo-tendra-un-candidato-coherente-y-ganador\/","url_meta":{"origin":12720,"position":3},"title":"El Polo, con Jorge Robledo, tendr\u00e1 un candidato coherente y ganador","author":"admin","date":"noviembre 7, 2016","format":false,"excerpt":"Jos\u00e9 Arlex Arias, La Verdad, Cartagena, noviembre 7 de 2016 El 26 de octubre de este a\u00f1o, el senador Jorge Enrique Robledo Castillo radic\u00f3 una comunicaci\u00f3n ante el Comit\u00e9 Ejecutivo Nacional del Polo Democr\u00e1tico Alternativo, en la que le pide que inicie el proceso para escoger una candidatura \u201ccapaz de\u2026","rel":"","context":"En \u00abEconom\u00eda\u00bb","block_context":{"text":"Econom\u00eda","link":"https:\/\/moir.com.co\/web\/category\/temas\/economia\/"},"img":{"alt_text":"","src":"https:\/\/i0.wp.com\/moir.com.co\/web\/wp-content\/uploads\/2016\/10\/robledotulua.jpg?fit=300%2C202&ssl=1&resize=350%2C200","width":350,"height":200},"classes":[]},{"id":13793,"url":"https:\/\/moir.com.co\/web\/robledo-es-la-mejor-opcion-presidencial-para-el-2018\/","url_meta":{"origin":12720,"position":4},"title":"\u00bfRobledo es la mejor opci\u00f3n presidencial para el 2018?","author":"admin","date":"noviembre 13, 2017","format":false,"excerpt":"Alvaro Francisco Morales S\u00e1nchez, Santa Marta, noviembre 9 de 2017 Cuando el senador Jorge Enrique Robledo comunic\u00f3 a la direcci\u00f3n del Polo Democr\u00e1tico Alternativo y a la opini\u00f3n p\u00fablica su decisi\u00f3n de aceptar la invitaci\u00f3n insistente que le han hecho numerosas personas, desde adentro y desde afuera del Polo, a\u2026","rel":"","context":"En \u00abAgro\u00bb","block_context":{"text":"Agro","link":"https:\/\/moir.com.co\/web\/category\/temas\/agro\/"},"img":{"alt_text":"","src":"https:\/\/i0.wp.com\/moir.com.co\/web\/wp-content\/uploads\/2017\/11\/robledosemana2017.jpg?fit=1000%2C530&ssl=1&resize=350%2C200","width":350,"height":200,"srcset":"https:\/\/i0.wp.com\/moir.com.co\/web\/wp-content\/uploads\/2017\/11\/robledosemana2017.jpg?fit=1000%2C530&ssl=1&resize=350%2C200 1x, https:\/\/i0.wp.com\/moir.com.co\/web\/wp-content\/uploads\/2017\/11\/robledosemana2017.jpg?fit=1000%2C530&ssl=1&resize=525%2C300 1.5x, https:\/\/i0.wp.com\/moir.com.co\/web\/wp-content\/uploads\/2017\/11\/robledosemana2017.jpg?fit=1000%2C530&ssl=1&resize=700%2C400 2x"},"classes":[]},{"id":13478,"url":"https:\/\/moir.com.co\/web\/le-toca-a-la-educacion-robledo\/","url_meta":{"origin":12720,"position":5},"title":"Le toca a la educaci\u00f3n: Robledo","author":"admin","date":"octubre 10, 2017","format":false,"excerpt":"Oficina de prensa del senador Jorge Enrique Robledo, Bogot\u00e1, octubre 9 de 2017 Con la participaci\u00f3n de veintitr\u00e9s voceros de la comunidad acad\u00e9mica de todos los niveles educativos se realiz\u00f3 hoy en el Senado de la Rep\u00fablica la audiencia p\u00fablica: La Educaci\u00f3n al Tablero. El evento fue citado por el\u2026","rel":"","context":"En \u00abCiencia\u00bb","block_context":{"text":"Ciencia","link":"https:\/\/moir.com.co\/web\/category\/temas\/ciencia\/"},"img":{"alt_text":"","src":"https:\/\/i0.wp.com\/moir.com.co\/web\/wp-content\/uploads\/2017\/10\/robledoletocaalaeducacion.png?fit=768%2C538&ssl=1&resize=350%2C200","width":350,"height":200,"srcset":"https:\/\/i0.wp.com\/moir.com.co\/web\/wp-content\/uploads\/2017\/10\/robledoletocaalaeducacion.png?fit=768%2C538&ssl=1&resize=350%2C200 1x, https:\/\/i0.wp.com\/moir.com.co\/web\/wp-content\/uploads\/2017\/10\/robledoletocaalaeducacion.png?fit=768%2C538&ssl=1&resize=525%2C300 1.5x, https:\/\/i0.wp.com\/moir.com.co\/web\/wp-content\/uploads\/2017\/10\/robledoletocaalaeducacion.png?fit=768%2C538&ssl=1&resize=700%2C400 2x"},"classes":[]}],"jetpack_sharing_enabled":true,"_links":{"self":[{"href":"https:\/\/moir.com.co\/web\/wp-json\/wp\/v2\/posts\/12720","targetHints":{"allow":["GET"]}}],"collection":[{"href":"https:\/\/moir.com.co\/web\/wp-json\/wp\/v2\/posts"}],"about":[{"href":"https:\/\/moir.com.co\/web\/wp-json\/wp\/v2\/types\/post"}],"author":[{"embeddable":true,"href":"https:\/\/moir.com.co\/web\/wp-json\/wp\/v2\/users\/1"}],"replies":[{"embeddable":true,"href":"https:\/\/moir.com.co\/web\/wp-json\/wp\/v2\/comments?post=12720"}],"version-history":[{"count":0,"href":"https:\/\/moir.com.co\/web\/wp-json\/wp\/v2\/posts\/12720\/revisions"}],"wp:featuredmedia":[{"embeddable":true,"href":"https:\/\/moir.com.co\/web\/wp-json\/wp\/v2\/media\/12721"}],"wp:attachment":[{"href":"https:\/\/moir.com.co\/web\/wp-json\/wp\/v2\/media?parent=12720"}],"wp:term":[{"taxonomy":"category","embeddable":true,"href":"https:\/\/moir.com.co\/web\/wp-json\/wp\/v2\/categories?post=12720"},{"taxonomy":"post_tag","embeddable":true,"href":"https:\/\/moir.com.co\/web\/wp-json\/wp\/v2\/tags?post=12720"}],"curies":[{"name":"wp","href":"https:\/\/api.w.org\/{rel}","templated":true}]}}