{"id":12712,"date":"2017-06-14T18:10:44","date_gmt":"2017-06-14T18:10:44","guid":{"rendered":"https:\/\/moir.org.co\/web\/?p=12712"},"modified":"2017-06-14T18:12:53","modified_gmt":"2017-06-14T18:12:53","slug":"que-piensa-robledo-del-paro-de-maestros","status":"publish","type":"post","link":"https:\/\/moir.com.co\/web\/que-piensa-robledo-del-paro-de-maestros\/","title":{"rendered":"Video: \u00bfQu\u00e9 piensa Robledo del paro de maestros?"},"content":{"rendered":"<p>\u00bfCu\u00e1l es su visi\u00f3n sobre el Paro de Maestros? le pregunta \u00c1lvaro Garc\u00eda, director de Red M\u00e1s Noticias, al senador Jorge Enrique Robledo en el Foro Regional organizado por la presidencia del Senado de la Rep\u00fablica con candidatos presidenciales.<\/p>\n","protected":false},"excerpt":{"rendered":"<p>\u00bfCu\u00e1l es su visi\u00f3n sobre el Paro de Maestros? le pregunta \u00c1lvaro Garc\u00eda, director de Red M\u00e1s Noticias, al senador Jorge Enrique Robledo en el Foro Regional organizado por la presidencia del Senado de la Rep\u00fablica con candidatos presidenciales.<\/p>\n","protected":false},"author":1,"featured_media":0,"comment_status":"open","ping_status":"open","sticky":false,"template":"","format":"video","meta":{"advanced_seo_description":"","jetpack_seo_html_title":"","jetpack_seo_noindex":false,"_jetpack_memberships_contains_paid_content":false,"footnotes":""},"categories":[102,103,97,4,109],"tags":[],"class_list":["post-12712","post","type-post","status-publish","format-video","hentry","category-economia","category-educacion","category-imperialismo-y-neoliberalismo","category-jorge-enrique-robledo","category-sindical","post_format-post-format-video"],"jetpack_featured_media_url":"","jetpack-related-posts":[{"id":16251,"url":"https:\/\/moir.com.co\/web\/video-esta-es-una-lucha-por-transformar-a-colombia-senador-jorge-enrique-robledo-en-las-marcha-de-maestros-y-estudiantes-octubre-23-de-2018\/","url_meta":{"origin":12712,"position":0},"title":"Video: Esta es una lucha por transformar a Colombia, senador Jorge Enrique Robledo en las marcha de maestros y estudiantes, octubre 23 de 2018","author":"admin","date":"octubre 24, 2018","format":"video","excerpt":"Intervenci\u00f3n del senador Robledo en la manifestaci\u00f3n del Magisterio colombiano en el marco del paro nacional de 24 horas convocado por Fecode el d\u00eda 23 de Octubre de 2018.","rel":"","context":"En \u00abCiencia\u00bb","block_context":{"text":"Ciencia","link":"https:\/\/moir.com.co\/web\/category\/temas\/ciencia\/"},"img":{"alt_text":"","src":"","width":0,"height":0},"classes":[]},{"id":12374,"url":"https:\/\/moir.com.co\/web\/robledo-se-solidariza-con-el-paro-nacional-de-los-maestros-en-su-visita-a-la-carpa-de-huelga-en-cartagena\/","url_meta":{"origin":12712,"position":1},"title":"Video: Robledo se solidariza con el paro nacional de los maestros en su visita a la carpa de huelga en Cartagena","author":"admin","date":"mayo 11, 2017","format":"video","excerpt":"","rel":"","context":"En \u00abEconom\u00eda\u00bb","block_context":{"text":"Econom\u00eda","link":"https:\/\/moir.com.co\/web\/category\/temas\/economia\/"},"img":{"alt_text":"","src":"","width":0,"height":0},"classes":[]},{"id":10198,"url":"https:\/\/moir.com.co\/web\/santos-y-parody-deben-cumplirle-al-magisterio-robledo\/","url_meta":{"origin":12712,"position":2},"title":"Santos y Parody deben cumplirle al magisterio: Robledo","author":"admin","date":"junio 4, 2016","format":false,"excerpt":"Salud digna y oportuna es requisito para una educaci\u00f3n de calidad. Los maestros hacen un Paro de 24 horas para exigir salud digna tras los incumplimientos del gobierno nacional El magisterio liderado por la Federaci\u00f3n Colombiana de Educadores realiza hoy un paro nacional por 24 horas para exigirle al gobierno\u2026","rel":"","context":"En \u00abJorge Enrique Robledo\u00bb","block_context":{"text":"Jorge Enrique Robledo","link":"https:\/\/moir.com.co\/web\/category\/jorge-enrique-robledo\/"},"img":{"alt_text":"","src":"","width":0,"height":0},"classes":[]},{"id":12352,"url":"https:\/\/moir.com.co\/web\/chocoanos-taxistas-y-maestros-tienen-la-razon-senador-robledo\/","url_meta":{"origin":12712,"position":3},"title":"Chocoanos, taxistas y maestros tienen la raz\u00f3n: Senador Robledo","author":"admin","date":"mayo 10, 2017","format":false,"excerpt":"Oficina de prensa del senador Jorge Enrique Robledo, Bogot\u00e1, mayo 10 de 2017 El gobierno Santos les incumple a sectores sociales que sufren por sus pol\u00edticas y su negligencia El senador Jorge Enrique Robledo expres\u00f3 su solidaridad y respaldo a las movilizaciones que realizar\u00e1n el pueblo de Choc\u00f3, los taxistas\u2026","rel":"","context":"En \u00abEconom\u00eda\u00bb","block_context":{"text":"Econom\u00eda","link":"https:\/\/moir.com.co\/web\/category\/temas\/economia\/"},"img":{"alt_text":"","src":"","width":0,"height":0},"classes":[]},{"id":13649,"url":"https:\/\/moir.com.co\/web\/video-maestros-y-maestras-tienen-puesto-de-honor-en-transformaciones-que-necesita-colombia-robledo\/","url_meta":{"origin":12712,"position":4},"title":"Video: Maestros y maestras tienen puesto de honor en transformaciones que necesita Colombia, Robledo","author":"admin","date":"octubre 27, 2017","format":"video","excerpt":"Intervenci\u00f3n de Jorge Enrique Robledo, candidato presidencial de POLO Democr\u00e1tico Alternativo en la XX Asamblea General Federal de FECODE, octubre 26 de 2017","rel":"","context":"En \u00abCiencia\u00bb","block_context":{"text":"Ciencia","link":"https:\/\/moir.com.co\/web\/category\/temas\/ciencia\/"},"img":{"alt_text":"","src":"","width":0,"height":0},"classes":[]},{"id":9298,"url":"https:\/\/moir.com.co\/web\/robledo-se-solidariza-con-los-educadores-colombianos\/","url_meta":{"origin":12712,"position":5},"title":"Robledo se solidariza con los educadores colombianos","author":"admin","date":"abril 14, 2015","format":false,"excerpt":"Fecode saldr\u00e1 a paro indefinido el pr\u00f3ximo mi\u00e9rcoles 22 de abril; el pliego de peticiones es justo; Fecode defiende la educaci\u00f3n universal, p\u00fablica, de alta calidad y gratuita; que el gobierno Santos atienda las justas peticiones de los educadores colombianos El 24 de febrero pasado la Federaci\u00f3n Colombiana de Educadores,\u2026","rel":"","context":"En \u00abJorge Enrique Robledo\u00bb","block_context":{"text":"Jorge Enrique Robledo","link":"https:\/\/moir.com.co\/web\/category\/jorge-enrique-robledo\/"},"img":{"alt_text":"","src":"","width":0,"height":0},"classes":[]}],"jetpack_sharing_enabled":true,"_links":{"self":[{"href":"https:\/\/moir.com.co\/web\/wp-json\/wp\/v2\/posts\/12712","targetHints":{"allow":["GET"]}}],"collection":[{"href":"https:\/\/moir.com.co\/web\/wp-json\/wp\/v2\/posts"}],"about":[{"href":"https:\/\/moir.com.co\/web\/wp-json\/wp\/v2\/types\/post"}],"author":[{"embeddable":true,"href":"https:\/\/moir.com.co\/web\/wp-json\/wp\/v2\/users\/1"}],"replies":[{"embeddable":true,"href":"https:\/\/moir.com.co\/web\/wp-json\/wp\/v2\/comments?post=12712"}],"version-history":[{"count":0,"href":"https:\/\/moir.com.co\/web\/wp-json\/wp\/v2\/posts\/12712\/revisions"}],"wp:attachment":[{"href":"https:\/\/moir.com.co\/web\/wp-json\/wp\/v2\/media?parent=12712"}],"wp:term":[{"taxonomy":"category","embeddable":true,"href":"https:\/\/moir.com.co\/web\/wp-json\/wp\/v2\/categories?post=12712"},{"taxonomy":"post_tag","embeddable":true,"href":"https:\/\/moir.com.co\/web\/wp-json\/wp\/v2\/tags?post=12712"}],"curies":[{"name":"wp","href":"https:\/\/api.w.org\/{rel}","templated":true}]}}