{"id":1268,"date":"2005-09-13T07:00:00","date_gmt":"2005-09-13T07:00:00","guid":{"rendered":"https:\/\/moir.org.co\/web\/nos-oponemos-a-la-privatizacion-del-parque-de-los-nevados\/"},"modified":"2005-09-13T07:00:00","modified_gmt":"2005-09-13T07:00:00","slug":"nos-oponemos-a-la-privatizacion-del-parque-de-los-nevados","status":"publish","type":"post","link":"https:\/\/moir.com.co\/web\/nos-oponemos-a-la-privatizacion-del-parque-de-los-nevados\/","title":{"rendered":"NOS OPONEMOS A LA PRIVATIZACION DEL PARQUE DE LOS NEVADOS"},"content":{"rendered":"<p>Ante la apertura de licitaci\u00f3n por parte de la Unidad Administradora Especial de Parques Nacionales Naturales, para entregar en &#8220;concesi\u00f3n&#8221; (privatizaci\u00f3n) el Parque natural de Los Nevados, ubicado entre los departamentos de Caldas, Risaralda, Quind\u00edo y Tolima a un operador privado, las organizaciones abajo firmantes, consideramos un deber pronunciarnos ante la opini\u00f3n p\u00fablica para llamar la atenci\u00f3n al respecto. <\/p>\n<p>Los parques naturales, son un conjunto de \u00e1reas con valores excepcionales para el patrimonio nacional en beneficio de los colombianos. Poseen caracter\u00edsticas naturales, culturales o hist\u00f3ricas que es necesario preservar. Contienen la biodiversidad, la riqueza \u00e9tnica, manifestaciones de la naturaleza geol\u00f3gica, como los lagos y reservas minerales, y en estos lugares se prestan servicios ambientales, cuyo manejo pretende ser entregado a empresas particulares. La entrega en concesi\u00f3n del Parque Nacional Natural de los Nevados, es un atentado contra los p\u00e1ramos, es permitir el saqueo biol\u00f3gico y cultural. <\/p>\n<p>Con la Ley de Ordenaci\u00f3n de Cuencas Hidrogr\u00e1ficas ya aprobada, la Ley de Aguas y la Forestal, que se encuentran en discusi\u00f3n en el Congreso de la Rep\u00fablica, se est\u00e1 adecuando la normatividad para la entrega de nuestros recursos naturales a operadores privados, todo esto enmarcado dentro de las negociaciones del Tratado de Libre Comercio con Estados Unidos (TLC). <\/p>\n<p>Es necesario recordar que seg\u00fan la Constituci\u00f3n Pol\u00edtica, uno de los fines esenciales del Estado, es facilitar la participaci\u00f3n de todos en las decisiones que nos afectan y en la vida econ\u00f3mica, pol\u00edtica, administrativa y cultural de la Naci\u00f3n\u00a8 y que el manejo ambiental del pa\u00eds, ser\u00e1 descentralizado, democr\u00e1tico y participativo y que los parques naturales son bienes \u00a8inalienables, imprescriptibles e inembargables\u00a8 <\/p>\n<p>Nos oponemos en consecuencia a la privatizaci\u00f3n que se pretende con el Parque de Los Nevados, y llamamos a los diferentes estamentos de los 4 departamentos afectados, para que conformemos el m\u00e1s amplio frente de oposici\u00f3n a dicha entrega, exigiendo una consulta popular, audiencias p\u00fablicas ambientales, realizando foros y dem\u00e1s actividades democr\u00e1ticas para lograr detener dicha privatizaci\u00f3n.<\/p>\n<p>Invitamos a quienes est\u00e9n interesados en el tema, para que asistan al Foro Regional que se realizar\u00e1 en Santa Rosa de Cabal, Risaralda, en septiembre 30, 1\u00ba y 2 de octubre en el Auditorio del Colegio Nacional (para mayor informaci\u00f3n, llamar a: (096) 3641072-3366740) y en el Quind\u00edo para que asistan a las reuniones que estamos realizando en el Sindicato de los educadores SUTEQ (carrera 14 N\u00ba 17-14 de Armenia) los mi\u00e9rcoles a las 5 p.m. <\/p>\n<p>Invitan: Fundaci\u00f3n Ecol\u00f3gica &#8216;Hijos del Sol&#8217;, \u00a8Antorcha\u00a8, MOIR, Escuela de DD.HH. \u00a8Vamos Juntos\u00a8, FundaCosmos, PANABI, Gripo Ambiental \u00a8Cabalonga\u00a8, Federaci\u00f3n de Areneros, Comit\u00e9 por la Defensa de la Vida y el Agua de Risaralda, Sintraemsdes Risaralda, Amor por Cartago, Escuela de Liderazgo Ambiental, Fundaci\u00f3n Ecol\u00f3gica \u00a8Cuidapalos\u00a8, Fundaci\u00f3n \u00a8Humano Verde\u00a8, Fundaci\u00f3n \u00a8Biosfera\u00a8, OCE, Asoguaran\u00ed, Corporaci\u00f3n \u00a8Bosque Montano\u00a8, Grupo Ecol\u00f3gico \u00a8Tibouchima\u00a8<\/p>\n","protected":false},"excerpt":{"rendered":"<p>Ante la apertura de licitaci\u00f3n por parte de la Unidad Administradora Especial de Parques Nacionales Naturales, para entregar en &#8220;concesi\u00f3n&#8221; (privatizaci\u00f3n) el Parque natural de Los Nevados, ubicado entre los departamentos de Caldas, Risaralda, Quind\u00edo y Tolima a un operador privado, las organizaciones abajo firmantes, consideramos un deber pronunciarnos ante la opini\u00f3n p\u00fablica para llamar [&hellip;]<\/p>\n","protected":false},"author":1,"featured_media":0,"comment_status":"open","ping_status":"open","sticky":false,"template":"","format":"standard","meta":{"advanced_seo_description":"","jetpack_seo_html_title":"","jetpack_seo_noindex":false,"_jetpack_memberships_contains_paid_content":false,"footnotes":""},"categories":[7],"tags":[],"class_list":["post-1268","post","type-post","status-publish","format-standard","hentry","category-pronunciamientos-de-organizaciones-sociales"],"jetpack_featured_media_url":"","jetpack-related-posts":[{"id":666,"url":"https:\/\/moir.com.co\/web\/unidad-cafetera-se-une-al-rechazo-de-la-fumigacion-con-glifosato-a-la-sierra-nevada-de-santa-marta\/","url_meta":{"origin":1268,"position":0},"title":"UNIDAD CAFETERA SE UNE AL RECHAZO  DE LA FUMIGACI\u00d3N CON GLIFOSATO A LA SIERRA NEVADA DE SANTA MARTA","author":"admin","date":"agosto 11, 2004","format":false,"excerpt":"El Gobierno Nacional ha venido anunciando que en los primeros d\u00edas del mes de julio proceder\u00e1 a realizar fumigaciones a\u00e9reas con glifosato sobre la Sierra Nevada de Santa Marta, lo cual ha ocasionado protestas justas de los habitantes rurales de esa regi\u00f3n que por esa decisi\u00f3n sufrir\u00edan graves consecuencias. Cuando\u2026","rel":"","context":"En \u00abPronunciamientos de Organizaciones Sociales\u00bb","block_context":{"text":"Pronunciamientos de Organizaciones Sociales","link":"https:\/\/moir.com.co\/web\/category\/pronunciamientos-de-organizaciones-sociales\/"},"img":{"alt_text":"","src":"","width":0,"height":0},"classes":[]},{"id":13909,"url":"https:\/\/moir.com.co\/web\/en-defensa-del-agua-y-el-territorio-todos-unidos-por-la-sierra-nevada-de-santa-marta\/","url_meta":{"origin":1268,"position":1},"title":"En defensa del agua y el territorio: todos unidos por la Sierra Nevada de Santa Marta","author":"admin","date":"noviembre 22, 2017","format":false,"excerpt":"Fabio Andr\u00e9s Pinto, Valledupar, noviembre 21 de 2017 Hace veinte d\u00edas, inici\u00f3 en Valledupar la movilizaci\u00f3n del pueblo Arhuaco quienes le exigen al gobierno nacional el cumplimiento de los acuerdos suscritos y denuncian el peligro que supone para la Sierra Nevada de Santa Marta (SNSM) la solicitud, el tr\u00e1mite y\u2026","rel":"","context":"En \u00abAgro\u00bb","block_context":{"text":"Agro","link":"https:\/\/moir.com.co\/web\/category\/temas\/agro\/"},"img":{"alt_text":"","src":"https:\/\/i0.wp.com\/moir.com.co\/web\/wp-content\/uploads\/2017\/11\/sierranevadasantamarta2.jpg?fit=440%2C248&ssl=1&resize=350%2C200","width":350,"height":200},"classes":[]},{"id":2370,"url":"https:\/\/moir.com.co\/web\/concesion-privatizacion\/","url_meta":{"origin":1268,"position":2},"title":"CONCESI\u00d3N = PRIVATIZACI\u00d3N","author":"admin","date":"junio 4, 2008","format":false,"excerpt":"\u00c1ngela Quevedo, Estudiante de Biolog\u00eda, Universidad Pedag\u00f3gica y Tecnol\u00f3gica de Colombia, Peri\u00f3dico Tribuna Regional, Villa de Leyva abril-mayo de 2008 La historia de Colombia es la de un pa\u00eds sometido desde siempre al inter\u00e9s extranjero, con la entrega de los recursos naturales, la industria, las empresas p\u00fablicas, la salud, la\u2026","rel":"","context":"En \u00abJuventud Patri\u00f3tica\u00bb","block_context":{"text":"Juventud Patri\u00f3tica","link":"https:\/\/moir.com.co\/web\/category\/juventud-patriotica\/"},"img":{"alt_text":"","src":"","width":0,"height":0},"classes":[]},{"id":19572,"url":"https:\/\/moir.com.co\/web\/paralizada-troncal-del-caribe\/","url_meta":{"origin":1268,"position":3},"title":"PARALIZADA TRONCAL DEL CARIBE","author":"admin","date":"julio 28, 2004","format":false,"excerpt":"Norman Alarc\u00f3n En el sitio La Frutera, a un kil\u00f3metro del casco urbano de Ci\u00e9naga, confluyeron el 15 de abril m\u00e1s de ochocientos manifestantes que coparon la v\u00eda m\u00e1s importante de la Costa Atl\u00e1ntica, atendiendo la convocatoria de Recalca y el Comando Unitario del Magdalena. Eran trabajadores y pensionados, maestros,\u2026","rel":"","context":"En \u00abTribuna Roja N\u00ba 95; abril 27 de 2004\u00bb","block_context":{"text":"Tribuna Roja N\u00ba 95; abril 27 de 2004","link":"https:\/\/moir.com.co\/web\/category\/tribuna-roja\/ediciones-2000-2004\/tribuna-roja-no-95-abril-27-de-2004\/"},"img":{"alt_text":"","src":"","width":0,"height":0},"classes":[]},{"id":6039,"url":"https:\/\/moir.com.co\/web\/senador-robledo-cita-debate-contra-la-construccion-de-un-hotel-en-el-parque-tayrona\/","url_meta":{"origin":1268,"position":4},"title":"Senador Robledo cita debate contra la construcci\u00f3n de un hotel en el parque Tayrona","author":"admin","date":"octubre 19, 2011","format":false,"excerpt":"El senador Jorge Enrique Robledo cit\u00f3 al ministro de Ambiente a un debate de control pol\u00edtico en el que se discutir\u00e1 la construcci\u00f3n de un hotel de siete estrellas de una trasnacional en el Parque Tayrona, proyecto anunciado por el presidente Juan Manuel Santos. El congresista del Polo manifest\u00f3 su\u2026","rel":"","context":"En \u00abJorge Enrique Robledo\u00bb","block_context":{"text":"Jorge Enrique Robledo","link":"https:\/\/moir.com.co\/web\/category\/jorge-enrique-robledo\/"},"img":{"alt_text":"","src":"","width":0,"height":0},"classes":[]},{"id":8511,"url":"https:\/\/moir.com.co\/web\/una-verguenza-la-privatizacion-de-playas-en-cartagena\/","url_meta":{"origin":1268,"position":5},"title":"Una verg\u00fcenza la privatizaci\u00f3n de playas en Cartagena","author":"admin","date":"junio 18, 2014","format":false,"excerpt":"\u201cEs inaudito que el alcalde de Cartagena respalde el impuesto que, al bienestar de la poblaci\u00f3n, decreta Parques Nacionales Naturales, con cuyo cobro se limita disfrutar un rato en Playa Blanca, que es un activo y patrimonio de la ciudad y de la Naci\u00f3n\u201d, dijo el concejal del Polo Democr\u00e1tico\u2026","rel":"","context":"En \u00abPolo Democr\u00e1tico Alternativo\u00bb","block_context":{"text":"Polo Democr\u00e1tico Alternativo","link":"https:\/\/moir.com.co\/web\/category\/polo-democratico-alternativo\/"},"img":{"alt_text":"","src":"","width":0,"height":0},"classes":[]}],"jetpack_sharing_enabled":true,"_links":{"self":[{"href":"https:\/\/moir.com.co\/web\/wp-json\/wp\/v2\/posts\/1268","targetHints":{"allow":["GET"]}}],"collection":[{"href":"https:\/\/moir.com.co\/web\/wp-json\/wp\/v2\/posts"}],"about":[{"href":"https:\/\/moir.com.co\/web\/wp-json\/wp\/v2\/types\/post"}],"author":[{"embeddable":true,"href":"https:\/\/moir.com.co\/web\/wp-json\/wp\/v2\/users\/1"}],"replies":[{"embeddable":true,"href":"https:\/\/moir.com.co\/web\/wp-json\/wp\/v2\/comments?post=1268"}],"version-history":[{"count":0,"href":"https:\/\/moir.com.co\/web\/wp-json\/wp\/v2\/posts\/1268\/revisions"}],"wp:attachment":[{"href":"https:\/\/moir.com.co\/web\/wp-json\/wp\/v2\/media?parent=1268"}],"wp:term":[{"taxonomy":"category","embeddable":true,"href":"https:\/\/moir.com.co\/web\/wp-json\/wp\/v2\/categories?post=1268"},{"taxonomy":"post_tag","embeddable":true,"href":"https:\/\/moir.com.co\/web\/wp-json\/wp\/v2\/tags?post=1268"}],"curies":[{"name":"wp","href":"https:\/\/api.w.org\/{rel}","templated":true}]}}