{"id":1252,"date":"2005-08-27T07:00:00","date_gmt":"2005-08-27T07:00:00","guid":{"rendered":"https:\/\/moir.org.co\/web\/jueves-22-de-septiembre-jornada-nacional-universitaria\/"},"modified":"2005-08-27T07:00:00","modified_gmt":"2005-08-27T07:00:00","slug":"jueves-22-de-septiembre-jornada-nacional-universitaria","status":"publish","type":"post","link":"https:\/\/moir.com.co\/web\/jueves-22-de-septiembre-jornada-nacional-universitaria\/","title":{"rendered":"JUEVES 22 DE SEPTIEMBRE: JORNADA NACIONAL UNIVERSITARIA,"},"content":{"rendered":"<p>El Comit\u00e9 Nacional de Coordinaci\u00f3n de la MULTIESTAMENTARIA, reunido el lunes 5 de septiembre, recogiendo las conclusiones de las reuniones nacionales previas de cada uno de los estamentos, aprob\u00f3 las siguientes tareas:<\/p>\n<p>1. Continuar las consultas sobre el TLC, hasta el mes de octubre, en las fechas, tentativamente acordadas, en la reuni\u00f3n  del CNEU, realizada los d\u00edas 2 y 3 de septiembre en Bogot\u00e1, en la sede de la Universidad Nacional.<\/p>\n<p>2. Dar respuesta a la carta del Viceministro de Educaci\u00f3n, en la que hace referencia al Pliego de Peticiones que le fue entregado en la movilizaci\u00f3n del 13 de abril y se niega a abrir el debate amplio, democr\u00e1tico y participativo,  sobre la educaci\u00f3n superior.<\/p>\n<p>3. Preparar, de manera unitaria y multiestamentaria,  en todas las universidades p\u00fablicas del pa\u00eds la JORNADA NACIONAL DEL 22 DE SEPTIEMBRE, enarbolando el Pliego de Peticiones entregado al MEN el pasado 13 de abril.<\/p>\n<p>4. Las banderas de la defensa de la Universidad P\u00fablica frente a las pol\u00edticas privatizadoras y liquidacionistas del gobierno est\u00e1n contenidas en el Pliego, en el cual, todos los puntos son igualmente prioritarios, pero es preciso resaltar, como problema nacional,  el caso de la Universidad del Atl\u00e1ntico; entender que, el problema pensional de las universidades, pone en alt\u00edsimo riesgo su viabilidad financiera; rechazar los estigmas y se\u00f1alamientos generalizadores, envueltos en la judicializaci\u00f3n a profesores y funcionarios  y denunciar  la flagrante violaci\u00f3n de los Derechos humanos que se patentiza en la Universidad de Cartagena. Al insistir en el Pliego, debe quedar claro que no se trata de un movimiento de solidaridad de unos estamentos con otros, sino de la defensa integral de la Universidad p\u00fablica gravemente amenazada por la asfixia presupuestal, la mercantilizaci\u00f3n  de la educaci\u00f3n,  las negociaciones del TLC y en general por la  pol\u00edtica autoritaria     oficial, de corte napole\u00f3nico y neoliberal.<\/p>\n<p>5. Enfatizar en que la lucha universitaria hace parte de un movimiento social m\u00e1s amplio y, por tanto, la jornada universitaria de septiembre hace parte de la preparaci\u00f3n del PARO NACIONAL del 12 de octubre.  <\/p>\n<p>FEDERACI\u00d3N NACIONAL DE PROFESORES UNIVERSITARIOS &#8211; FENALPROU<br \/>\nASOCIACI\u00d3N SINDICAL DE PROFESORES UNIVERSITARIOS &#8211; ASPU<br \/>\nCOORDINADORA NACIONAL ESTUDIANTIL UNIVERSITARIA &#8211; CNU<br \/>\nSINDICATO NACIONAL DE TRABAJADORES Y EMPLEADOS UNIVERSITARIOS DE COLOMBIA &#8211; SINTRAUNICOL<\/p>\n","protected":false},"excerpt":{"rendered":"<p>El Comit\u00e9 Nacional de Coordinaci\u00f3n de la MULTIESTAMENTARIA, reunido el lunes 5 de septiembre, recogiendo las conclusiones de las reuniones nacionales previas de cada uno de los estamentos, aprob\u00f3 las siguientes tareas: 1. Continuar las consultas sobre el TLC, hasta el mes de octubre, en las fechas, tentativamente acordadas, en la reuni\u00f3n del CNEU, realizada [&hellip;]<\/p>\n","protected":false},"author":1,"featured_media":0,"comment_status":"open","ping_status":"open","sticky":false,"template":"","format":"standard","meta":{"advanced_seo_description":"","jetpack_seo_html_title":"","jetpack_seo_noindex":false,"_jetpack_memberships_contains_paid_content":false,"footnotes":""},"categories":[7],"tags":[],"class_list":["post-1252","post","type-post","status-publish","format-standard","hentry","category-pronunciamientos-de-organizaciones-sociales"],"jetpack_featured_media_url":"","jetpack-related-posts":[{"id":3694,"url":"https:\/\/moir.com.co\/web\/convocatoria-al-encuentro-multiestamentario-de-emergencia\/","url_meta":{"origin":1252,"position":0},"title":"CONVOCATORIA AL ENCUENTRO MULTIESTAMENTARIO DE EMERGENCIA","author":"admin","date":"octubre 29, 2009","format":false,"excerpt":"PRESENTACI\u00d3N: Luego de m\u00faltiples valoraciones sobre la aguda crisis de la universidad p\u00fablica colombiana, los universitarios asumimos con coherencia y dignidad, la preparaci\u00f3n de un escenario de levantamiento que se configur\u00f3 en cuatro d\u00edas de movilizaciones en 18 universidades p\u00fablicas y en m\u00e1s de 8 universidades privadas del pa\u00eds. Del\u2026","rel":"","context":"Entrada similar","block_context":{"text":"Entrada similar","link":""},"img":{"alt_text":"","src":"","width":0,"height":0},"classes":[]},{"id":1970,"url":"https:\/\/moir.com.co\/web\/consolidemos-la-movilizacion-y-profundicemos-la-protesta\/","url_meta":{"origin":1252,"position":1},"title":"CONSOLIDEMOS LA MOVILIZACI\u00d3N Y PROFUNDICEMOS LA PROTESTA","author":"admin","date":"mayo 28, 2007","format":false,"excerpt":"Encuentro Nacional Multiestamentario, Universidad Nacional, Bogot\u00e1, mayo 27 de 2007 Con la participaci\u00f3n de m\u00e1s de 400 representantes de 24 universidades p\u00fablicas y 8 privadas, se llev\u00f3 a cabo el Encuentro Nacional Multiestamentario en el Auditorio Le\u00f3n de Greiff de la Universidad Nacional, no obstante el hostigamiento de la fuerza\u2026","rel":"","context":"En \u00abPronunciamientos de Organizaciones Sociales\u00bb","block_context":{"text":"Pronunciamientos de Organizaciones Sociales","link":"https:\/\/moir.com.co\/web\/category\/pronunciamientos-de-organizaciones-sociales\/"},"img":{"alt_text":"","src":"","width":0,"height":0},"classes":[]},{"id":1055,"url":"https:\/\/moir.com.co\/web\/declaracion-del-encuentro-nacional-universitario-de-emergencia-multiestamentario\/","url_meta":{"origin":1252,"position":2},"title":"DECLARACI\u00d3N DEL ENCUENTRO NACIONAL UNIVERSITARIO DE EMERGENCIA MULTIESTAMENTARIO","author":"admin","date":"octubre 31, 2004","format":false,"excerpt":"Bogot\u00e1 D.C., Noviembre 6 de 2004 La pol\u00edtica neoliberal continuada y agenciada por el presidente \u00c1lvaro Uribe V\u00e9lez, que se viene concretando en la Ley 812 de 2003 o Plan Nacional de Desarrollo 2002-2006 que aprob\u00f3 su propuesta de Revoluci\u00f3n Educativa y de la cual se derivan normas reglamentarias como\u2026","rel":"","context":"En \u00abPronunciamientos de Organizaciones Sociales\u00bb","block_context":{"text":"Pronunciamientos de Organizaciones Sociales","link":"https:\/\/moir.com.co\/web\/category\/pronunciamientos-de-organizaciones-sociales\/"},"img":{"alt_text":"","src":"","width":0,"height":0},"classes":[]},{"id":1054,"url":"https:\/\/moir.com.co\/web\/a-defender-la-red-publica-hospitalaria-del-magdalena-y-el-hospital-central-de-santa-marta\/","url_meta":{"origin":1252,"position":3},"title":"\u00a1A DEFENDER  LA RED P\u00daBLICA HOSPITALARIA DEL MAGDALENA Y EL HOSPITAL CENTRAL DE SANTA MARTA!","author":"admin","date":"octubre 29, 2004","format":false,"excerpt":"Bogot\u00e1 D.C., Noviembre 6 de 2004 La pol\u00edtica neoliberal continuada y agenciada por el presidente \u00c1lvaro Uribe V\u00e9lez, que se viene concretando en la Ley 812 de 2003 o Plan Nacional de Desarrollo 2002-2006 que aprob\u00f3 su propuesta de Revoluci\u00f3n Educativa y de la cual se derivan normas reglamentarias como\u2026","rel":"","context":"En \u00abPronunciamientos de Organizaciones Sociales\u00bb","block_context":{"text":"Pronunciamientos de Organizaciones Sociales","link":"https:\/\/moir.com.co\/web\/category\/pronunciamientos-de-organizaciones-sociales\/"},"img":{"alt_text":"","src":"","width":0,"height":0},"classes":[]},{"id":9392,"url":"https:\/\/moir.com.co\/web\/urge-un-frente-multiestamentario-en-defensa-de-la-upc\/","url_meta":{"origin":1252,"position":4},"title":"Urge un frente multiestamentario en defensa de la UPC","author":"admin","date":"mayo 18, 2015","format":false,"excerpt":"La Universidad Popular del Cesar es una instituci\u00f3n con 37 a\u00f1os de existencia que no ha podido convertirse en el referente educativo y motor de desarrollo que requiere el departamento y la naci\u00f3n a pesar de ser una instituci\u00f3n de car\u00e1cter nacional. Lamentablemente, nuestra alma m\u00e1ter ha tenido que sufrir\u2026","rel":"","context":"En \u00abJuventud Patri\u00f3tica\u00bb","block_context":{"text":"Juventud Patri\u00f3tica","link":"https:\/\/moir.com.co\/web\/category\/juventud-patriotica\/"},"img":{"alt_text":"","src":"","width":0,"height":0},"classes":[]},{"id":1145,"url":"https:\/\/moir.com.co\/web\/por-la-defensa-de-la-universidad-publica-paro-nacional-universitario\/","url_meta":{"origin":1252,"position":5},"title":"POR LA DEFENSA DE LA UNIVERSIDAD P\u00daBLICA, PARO NACIONAL UNIVERSITARIO","author":"admin","date":"abril 4, 2005","format":false,"excerpt":"Multiestamentaria Nacional Universitaria y Coordinadora Nacional de Estudiantes Universitarios, abril 13 de 2005 El Comit\u00e9 Nacional de Coordinaci\u00f3n de la Multiestamentaria reunido en Bogot\u00e1 el pasado 1\u00ba de Abril de 2005, evalu\u00f3 positivamente la II Jornada Nacional por la defensa de la Universidad P\u00fablica realizada el 30 de Marzo y\u2026","rel":"","context":"En \u00abPronunciamientos de Organizaciones Sociales\u00bb","block_context":{"text":"Pronunciamientos de Organizaciones Sociales","link":"https:\/\/moir.com.co\/web\/category\/pronunciamientos-de-organizaciones-sociales\/"},"img":{"alt_text":"","src":"","width":0,"height":0},"classes":[]}],"jetpack_sharing_enabled":true,"_links":{"self":[{"href":"https:\/\/moir.com.co\/web\/wp-json\/wp\/v2\/posts\/1252","targetHints":{"allow":["GET"]}}],"collection":[{"href":"https:\/\/moir.com.co\/web\/wp-json\/wp\/v2\/posts"}],"about":[{"href":"https:\/\/moir.com.co\/web\/wp-json\/wp\/v2\/types\/post"}],"author":[{"embeddable":true,"href":"https:\/\/moir.com.co\/web\/wp-json\/wp\/v2\/users\/1"}],"replies":[{"embeddable":true,"href":"https:\/\/moir.com.co\/web\/wp-json\/wp\/v2\/comments?post=1252"}],"version-history":[{"count":0,"href":"https:\/\/moir.com.co\/web\/wp-json\/wp\/v2\/posts\/1252\/revisions"}],"wp:attachment":[{"href":"https:\/\/moir.com.co\/web\/wp-json\/wp\/v2\/media?parent=1252"}],"wp:term":[{"taxonomy":"category","embeddable":true,"href":"https:\/\/moir.com.co\/web\/wp-json\/wp\/v2\/categories?post=1252"},{"taxonomy":"post_tag","embeddable":true,"href":"https:\/\/moir.com.co\/web\/wp-json\/wp\/v2\/tags?post=1252"}],"curies":[{"name":"wp","href":"https:\/\/api.w.org\/{rel}","templated":true}]}}