{"id":1251,"date":"2005-08-25T07:00:00","date_gmt":"2005-08-25T07:00:00","guid":{"rendered":"https:\/\/moir.org.co\/web\/la-entrega-de-telecom-a-telmex-indica-que-es-necesario-mantener-a-epm-como-empresa-industrial-y-comercial-del-estado\/"},"modified":"2005-08-25T07:00:00","modified_gmt":"2005-08-25T07:00:00","slug":"la-entrega-de-telecom-a-telmex-indica-que-es-necesario-mantener-a-epm-como-empresa-industrial-y-comercial-del-estado","status":"publish","type":"post","link":"https:\/\/moir.com.co\/web\/la-entrega-de-telecom-a-telmex-indica-que-es-necesario-mantener-a-epm-como-empresa-industrial-y-comercial-del-estado\/","title":{"rendered":"LA ENTREGA DE TELECOM A TELMEX INDICA QUE ES NECESARIO MANTENER A EPM COMO EMPRESA INDUSTRIAL Y COMERCIAL DEL ESTADO"},"content":{"rendered":"<p>Medell\u00edn, agosto 29 de 2005<\/p>\n<p>Doctor<br \/>\nLuis Bernardo V\u00e9lez Montoya<br \/>\nPresidente Concejo de Medell\u00edn<br \/>\nLa Ciudad.<\/p>\n<p>Indignados y preocupados, como lo est\u00e1 la gran mayor\u00eda de los colombianos, hemos conocido la noticia de la entrega de Colombia Telecomunicaciones a la multinacional Telmex, de propiedad de uno de los hombres m\u00e1s ricos del mundo. Hace apenas dos a\u00f1os (junio 12 de 2003), la antigua empresa estatal TELECOM fue liquidada y transformada en la sociedad por acciones Colombia Telecomunicaciones S.A. E.S.P., figura igual a la que se pretende llegar, por la v\u00eda de la escisi\u00f3n, con la UEN Telecomunicaciones de Empresas P\u00fablicas de Medell\u00edn, hoy a consideraci\u00f3n del Honorable Concejo Municipal.<\/p>\n<p>En el caso de la fusi\u00f3n de Colombia Telecomunicaciones y Telmex Colombia, surgir\u00e1 una nueva empresa de propiedad mayoritaria del magnate mexicano (50% m\u00e1s una acci\u00f3n), lo que le garantiza el control absoluto: Junta Directiva, Gerente, tarifas, relegaci\u00f3n de las autoridades administrativas nacionales, ausencia de control pol\u00edtico, etc. Participaci\u00f3n por la cual efectivamente pagar\u00e1 la insignificante suma de 260 millones de d\u00f3lares, cifra mucho menor a la utilidad operacional obtenida por la empresa Colombia Telecomunicaciones en a\u00f1o 2004: 946 mil millones de pesos. \u00a1Qu\u00e9 regalazo!.<\/p>\n<p>Regalazo al cual est\u00e1 acostumbrado el cuarto hombre m\u00e1s rico del mundo. La empresa estatal mexicana TELMEX, fue vendida a Slim en 1990 por 6.200 millones de d\u00f3lares, y al a\u00f1o y medio val\u00eda en bolsa 30.000 millones de d\u00f3lares. En el a\u00f1o 1991, su primero como compa\u00f1\u00eda privada, TELMEX acumul\u00f3 2.300 millones de d\u00f3lares en utilidades, sobre ingresos de 5.400 millones, operaci\u00f3n que oblig\u00f3 a exclamar maravillado a un asesor estadounidense de la compa\u00f1\u00eda \u201cDios no concibe ganancias como estas\u201d.<\/p>\n<p>Esta historia se repite en cada privatizaci\u00f3n. En Colombia, por lo ocurrido durante los \u00faltimos 14 a\u00f1os, sabemos que en toda privatizaci\u00f3n se festina el patrimonio p\u00fablico. Razones que justifican nuestra indignaci\u00f3n. Pero adem\u00e1s nos preocupa bastante que en la escena aparezca la figura del Alcalde de Medell\u00edn discutiendo el rumbo de la Empresas P\u00fablicas de Medell\u00edn, con semejantes personajes.<\/p>\n<p>Lejos estamos nosotros de compartir lo que piensa el Presidente de la Rep\u00fablica: \u201cDon Carlos Slim es muy buena persona, ser\u00eda un gran socio para Colombia\u201d. Por el contrario: este socio, u otro, presumiblemente Telef\u00f3nica de Espa\u00f1a (Movistar) en el caso de nuestra Empresa P\u00fablica m\u00e1s querida, vendr\u00eda a aprovecharse de la extendida red de telefon\u00eda b\u00e1sica que con esfuerzo hemos construido los antioque\u00f1os, para explotar el negocio m\u00e1s lucrativo del futuro: la banda ancha. Socios de insignificantes aportes para apropiarse de magn\u00edficas utilidades. \u00a1Qu\u00e9 buenas personas!.<\/p>\n<p>Como ciudadanos corrientes, o como voceros de los usuarios, de los trabajadores de la empresa y de otras organizaciones c\u00edvicas, sociales o sindicales, apelamos al valor patri\u00f3tico y a las convicciones democr\u00e1ticas de los Concejales de Medell\u00edn, que en virtud de sus arraigo a lo propio, a lo nuestro, saben que la entrega de las telecomunicaciones de EPM a cualquier \u201csocio estrat\u00e9gico\u201d \u2013 eufemismo con el que se pretende ocultar la privatizaci\u00f3n- implicar\u00e1 la desaparici\u00f3n de la m\u00e1s importante fuente de generaci\u00f3n de recursos para inversi\u00f3n social, para el desarrollo econ\u00f3mico de la regi\u00f3n y para la creaci\u00f3n de la riqueza colectiva, al tiempo que la p\u00e9rdida de numerosos empleos y del derecho al acceso universal a tan vital servicio p\u00fablico.<\/p>\n<p>Enfatizamos, la sociedad por acciones la requieren con af\u00e1n quienes buscan desnacionalizar nuestros activos y enviar las ganancias al exterior. Sin escisi\u00f3n no lo podr\u00e1n lograr.<\/p>\n<p>Honorables Concejales: como es natural, los hechos revelan el destino de los hombres. Hoy no es necesario recurrir a las disquisiciones te\u00f3ricas y a las especulaciones. Basta con registrar lo que est\u00e1 ocurriendo en la cruda realidad para reconocer que estar\u00edamos girando en la \u00f3rbita determinada por dos grandes multinacionales, Telmex y Telef\u00f3nica, si no insistimos en la propiedad del Municipio de Medell\u00edn bajo la forma de Empresa Industrial y Comercial del Estado.<\/p>\n<p>Que se archive el Proyecto de Acuerdo 135, para que pasemos a discutir soberanamente, cu\u00e1les son las transformaciones internas que EPM requiere para su mayor crecimiento y mejor prestaci\u00f3n del servicio.<\/p>\n<p>JAVIER GAVIRIA BETANCUR<br \/>\nPresidente Asociaci\u00f3n Antioque\u00f1a de Ligas de Usuarios.<\/p>\n<p>FERNANDO L\u00d3PEZ MOLINA<br \/>\nPresidente Sintraemsdes Medell\u00edn (Sindicato de Trabajadores de EPM)<\/p>\n<p>CARLOS JULIO D\u00cdAZ LOTERO<br \/>\nPresidente Central Unitaria de Trabajadores CUT<br \/>\nSubdirectiva Antioquia.<\/p>\n<p>CARLOS ARTURO POSADA GARC\u00cdA<br \/>\nPresidente Sintraemsdes Nacional.<\/p>\n<p>GABRIEL RA\u00daL MANRIQUE<br \/>\nPresidente Asociaci\u00f3n de Institutores de Antioquia.<\/p>\n<p>JES\u00daS GREGORIO VERGARA<br \/>\nPresidente Sinaltradihitexco<\/p>\n<p>JOHN JAIRO ZAPATA VASCO<br \/>\nPresidente Asociaci\u00f3n de Profesores de la Universidad de Antioquia.<\/p>\n<p>JORGE ALBERTO G\u00d3MEZ GALLEGO<br \/>\nCoordinador Departamental Asociaci\u00f3n Nacional por la Salvaci\u00f3n Agropecuaria.<\/p>\n<p>ELADIO ECHAVARR\u00cdA<br \/>\nPresidente Uni\u00f3n Sindical Obrera USO Subdirectiva Medell\u00edn.<\/p>\n<p>CARLOS MARIO CANO RESTREPO<br \/>\nPresidente Sindicato de Trabajadores de SOLLA.<\/p>\n","protected":false},"excerpt":{"rendered":"<p>Medell\u00edn, agosto 29 de 2005 Doctor Luis Bernardo V\u00e9lez Montoya Presidente Concejo de Medell\u00edn La Ciudad. Indignados y preocupados, como lo est\u00e1 la gran mayor\u00eda de los colombianos, hemos conocido la noticia de la entrega de Colombia Telecomunicaciones a la multinacional Telmex, de propiedad de uno de los hombres m\u00e1s ricos del mundo. Hace apenas [&hellip;]<\/p>\n","protected":false},"author":1,"featured_media":0,"comment_status":"open","ping_status":"open","sticky":false,"template":"","format":"standard","meta":{"advanced_seo_description":"","jetpack_seo_html_title":"","jetpack_seo_noindex":false,"_jetpack_memberships_contains_paid_content":false,"footnotes":""},"categories":[7],"tags":[],"class_list":["post-1251","post","type-post","status-publish","format-standard","hentry","category-pronunciamientos-de-organizaciones-sociales"],"jetpack_featured_media_url":"","jetpack-related-posts":[{"id":1249,"url":"https:\/\/moir.com.co\/web\/alternativa-democratica-rechaza-enajenacion-de-telecom\/","url_meta":{"origin":1251,"position":0},"title":"ALTERNATIVA DEMOCR\u00c1TICA RECHAZA ENAJENACI\u00d3N DE TELECOM","author":"admin","date":"agosto 25, 2005","format":false,"excerpt":"Casi tres lustros intentando privatizar a Telecom llevan los gobiernos neoliberales, pero hasta el momento no lo han logrado por la resistencia de los trabajadores y de los sectores democr\u00e1ticos del pa\u00eds. Lo que si han conseguido es debilitarla y marchitarla a trav\u00e9s de competencia desleal, neg\u00e1ndole la telefon\u00eda celular,\u2026","rel":"","context":"Entrada similar","block_context":{"text":"Entrada similar","link":""},"img":{"alt_text":"","src":"","width":0,"height":0},"classes":[]},{"id":1232,"url":"https:\/\/moir.com.co\/web\/quieren-robarse-a-telecom-denuncia-el-senador-robledo-26-de-agosto-de-2005\/","url_meta":{"origin":1251,"position":1},"title":"QUIEREN ROBARSE A TELECOM, DENUNCIA EL SENADOR ROBLEDO (26 de agosto de 2005)","author":"admin","date":"agosto 16, 2005","format":false,"excerpt":"26 de agosto de 2005 \u201cSoy consciente de que es duro calificar de robo lo que quieren hacer en Telecom, pero no encuentro una palabra mejor\u201d, explic\u00f3 el senador Jorge Enrique Robledo, al referirse a la toma de esa empresa por parte de Telmex. Al comentar la informaci\u00f3n de Portafolio\u2026","rel":"","context":"Entrada similar","block_context":{"text":"Entrada similar","link":""},"img":{"alt_text":"","src":"","width":0,"height":0},"classes":[]},{"id":1255,"url":"https:\/\/moir.com.co\/web\/jorge-enrique-robledo-con-falsedades-se-privatiza-telecom\/","url_meta":{"origin":1251,"position":2},"title":"JORGE ENRIQUE ROBLEDO: CON FALSEDADES SE PRIVATIZA TELECOM","author":"admin","date":"agosto 29, 2005","format":false,"excerpt":"Si se sindica de negociado la privatizaci\u00f3n de Telecom es porque el comprador recuperar\u00e1 los 350 millones de d\u00f3lares de su inversi\u00f3n en menos de tres a\u00f1os, ganar\u00e1 otros 400 millones de d\u00f3lares por administrar la empresa y, luego de 15 a\u00f1os, recibir\u00e1 totalmente gratis, entre otras muchas cosas, 1,5\u2026","rel":"","context":"En \u00abEscritos del Moir\u00bb","block_context":{"text":"Escritos del Moir","link":"https:\/\/moir.com.co\/web\/category\/moir\/escritos-del-moir\/"},"img":{"alt_text":"","src":"","width":0,"height":0},"classes":[]},{"id":1157,"url":"https:\/\/moir.com.co\/web\/impidamos-la-privatizacion-de-epm\/","url_meta":{"origin":1251,"position":3},"title":"IMPIDAMOS LA PRIVATIZACI\u00d3N DE EPM","author":"admin","date":"abril 19, 2005","format":false,"excerpt":"Oscar Guti\u00e9rrez Reyes, Asesor Nacional Liga de Usuarios de Servicios P\u00fablicos, abril 27 de 2005 Contrario a lo que sucedi\u00f3 en Medell\u00edn en 1997, cuando el Concejo de esa ciudad decidi\u00f3 transformar a EPM en una empresa industrial y comercial del Estado, y conservarla como 100% p\u00fablica, en Manizales, la\u2026","rel":"","context":"En \u00abPronunciamientos de Organizaciones Sociales\u00bb","block_context":{"text":"Pronunciamientos de Organizaciones Sociales","link":"https:\/\/moir.com.co\/web\/category\/pronunciamientos-de-organizaciones-sociales\/"},"img":{"alt_text":"","src":"","width":0,"height":0},"classes":[]},{"id":1237,"url":"https:\/\/moir.com.co\/web\/corrupcion-telecomunicaciones-y-tlc\/","url_meta":{"origin":1251,"position":4},"title":"CORRUPCI\u00d3N, TELECOMUNICACIONES Y TLC","author":"admin","date":"agosto 19, 2005","format":false,"excerpt":"El Primero de Mayo de 2002, Mario de J. Valderrama, hoy asesor para Empleo y Seguridad Social del presidente, realiz\u00f3 con sus pros\u00e9litos un foro con el entonces candidato Uribe donde se ventilaron en televisi\u00f3n temas laborales y en el cual Uribe asegur\u00f3 que no privatizar\u00eda a TELECOM. Tres a\u00f1os\u2026","rel":"","context":"En \u00abTemas\u00bb","block_context":{"text":"Temas","link":"https:\/\/moir.com.co\/web\/category\/temas\/"},"img":{"alt_text":"","src":"","width":0,"height":0},"classes":[]},{"id":4532,"url":"https:\/\/moir.com.co\/web\/manifestacion-en-cali-contra-la-privatizacion-del-sector-de-telecomunicaciones-de-emcali-que-pretende-ser-entregado-a-telmex-o-a-telefonica-acto-presidido-por-el-representante-wilson-arias-cali-jun\/","url_meta":{"origin":1251,"position":5},"title":"Manifestaci\u00f3n en Cali contra la privatizaci\u00f3n del sector de telecomunicaciones de Emcali que pretende ser entregado a Telmex o a Telef\u00f3nica. Acto presidido por el Representante Wilson Arias, Cali, junio 30 de 2010","author":"admin","date":"julio 6, 2010","format":false,"excerpt":"","rel":"","context":"En \u00abGaler\u00edas\u00bb","block_context":{"text":"Galer\u00edas","link":"https:\/\/moir.com.co\/web\/category\/multimedia\/galerias\/"},"img":{"alt_text":"","src":"","width":0,"height":0},"classes":[]}],"jetpack_sharing_enabled":true,"_links":{"self":[{"href":"https:\/\/moir.com.co\/web\/wp-json\/wp\/v2\/posts\/1251","targetHints":{"allow":["GET"]}}],"collection":[{"href":"https:\/\/moir.com.co\/web\/wp-json\/wp\/v2\/posts"}],"about":[{"href":"https:\/\/moir.com.co\/web\/wp-json\/wp\/v2\/types\/post"}],"author":[{"embeddable":true,"href":"https:\/\/moir.com.co\/web\/wp-json\/wp\/v2\/users\/1"}],"replies":[{"embeddable":true,"href":"https:\/\/moir.com.co\/web\/wp-json\/wp\/v2\/comments?post=1251"}],"version-history":[{"count":0,"href":"https:\/\/moir.com.co\/web\/wp-json\/wp\/v2\/posts\/1251\/revisions"}],"wp:attachment":[{"href":"https:\/\/moir.com.co\/web\/wp-json\/wp\/v2\/media?parent=1251"}],"wp:term":[{"taxonomy":"category","embeddable":true,"href":"https:\/\/moir.com.co\/web\/wp-json\/wp\/v2\/categories?post=1251"},{"taxonomy":"post_tag","embeddable":true,"href":"https:\/\/moir.com.co\/web\/wp-json\/wp\/v2\/tags?post=1251"}],"curies":[{"name":"wp","href":"https:\/\/api.w.org\/{rel}","templated":true}]}}