{"id":1248,"date":"2005-08-25T07:00:00","date_gmt":"2005-08-25T07:00:00","guid":{"rendered":"https:\/\/moir.org.co\/web\/extraordinaria-oposicion-al-tlc-entre-los-productores-agropecuarios-de-clima-frio\/"},"modified":"2005-08-25T07:00:00","modified_gmt":"2005-08-25T07:00:00","slug":"extraordinaria-oposicion-al-tlc-entre-los-productores-agropecuarios-de-clima-frio","status":"publish","type":"post","link":"https:\/\/moir.com.co\/web\/extraordinaria-oposicion-al-tlc-entre-los-productores-agropecuarios-de-clima-frio\/","title":{"rendered":"EXTRAORDINARIA OPOSICI\u00d3N AL TLC ENTRE LOS PRODUCTORES AGROPECUARIOS DE CLIMA FR\u00cdO"},"content":{"rendered":"<p>El d\u00eda domingo cuatro de septiembre se llev\u00f3 a cabo, en 21 municipios del pa\u00eds, nueve de ellos en Nari\u00f1o, siete en Boyac\u00e1 y cinco de Cundinamarca, una consulta ciudadana entre productores agropecuarios de cereales y dem\u00e1s g\u00e9neros de clima fr\u00edo sobre la inclusi\u00f3n de tales bienes en el marco de las negociaciones del Tratado de Libre Comercio. El resultado  fue el siguiente: <\/p>\n<p>TOTAL VOTANTES: 20.852; discriminados as\u00ed: Nari\u00f1o: 12.252, Boyac\u00e1: 6.463, Cundinamarca: 2.137.  Por la NO inclusi\u00f3n de los cereales y dem\u00e1s productos agropecuarios de clima fr\u00edo en el TLC: 98.9% (20.623), por la inclusi\u00f3n: 0,71% (149) y votos nulos o en blanco: 80 (0.38%). <\/p>\n<p>Este ejercicio democr\u00e1tico cont\u00f3 con el apoyo de muchas autoridades e instituciones locales, de sacerdotes cat\u00f3licos, de diversos gremios y de la comunidad que habita dichas regiones cuyo futuro depende de la negociaci\u00f3n que el gobierno realice sobre estos productos. Por lo pronto, por las ofertas que Colombia ha hecho en trigo, cebada y papa, entre otros, el presagio hacia el futuro es de ruina y desolaci\u00f3n.  <\/p>\n<p>Los resultados anteriores, contrarios a las pretensiones oficiales, han de servir al gobierno para retirar las da\u00f1inas ofertas que al respecto ha hecho en las mesas de  negociaci\u00f3n. De lo contrario es previsible que la movilizaci\u00f3n social que en estas zonas se adelante en torno al TLC deba incrementarse. En ellas, el ingreso inmediato de los bienes agropecuarios subsidiados norteamericanos amenaza su supervivencia misma.<\/p>\n<p>AURELIO SU\u00c1REZ MONTOYA<br \/>\nDirector Ejecutivo.<\/p>\n","protected":false},"excerpt":{"rendered":"<p>El d\u00eda domingo cuatro de septiembre se llev\u00f3 a cabo, en 21 municipios del pa\u00eds, nueve de ellos en Nari\u00f1o, siete en Boyac\u00e1 y cinco de Cundinamarca, una consulta ciudadana entre productores agropecuarios de cereales y dem\u00e1s g\u00e9neros de clima fr\u00edo sobre la inclusi\u00f3n de tales bienes en el marco de las negociaciones del Tratado [&hellip;]<\/p>\n","protected":false},"author":1,"featured_media":0,"comment_status":"open","ping_status":"open","sticky":false,"template":"","format":"standard","meta":{"advanced_seo_description":"","jetpack_seo_html_title":"","jetpack_seo_noindex":false,"_jetpack_memberships_contains_paid_content":false,"footnotes":""},"categories":[7],"tags":[],"class_list":["post-1248","post","type-post","status-publish","format-standard","hentry","category-pronunciamientos-de-organizaciones-sociales"],"jetpack_featured_media_url":"","jetpack-related-posts":[{"id":1906,"url":"https:\/\/moir.com.co\/web\/el-encuentro-agropecuario-contra-la-politica-rural-uribista\/","url_meta":{"origin":1248,"position":0},"title":"EL ENCUENTRO AGROPECUARIO CONTRA LA POL\u00cdTICA RURAL URIBISTA","author":"admin","date":"abril 2, 2007","format":false,"excerpt":"Aurelio Su\u00e1rez Montoya, La Tarde, Pereira, abril 3 de 2007 El 28 de marzo se realiz\u00f3 en Bogot\u00e1 una trascendental reuni\u00f3n de las organizaciones rurales de Colombia. Asistieron agrupaciones tan importantes como la Organizaci\u00f3n Nacional Ind\u00edgena de Colombia (ONIC), los usuarios campesinos de todas las vertientes y regiones, la Mesa\u2026","rel":"","context":"En \u00abTemas\u00bb","block_context":{"text":"Temas","link":"https:\/\/moir.com.co\/web\/category\/temas\/"},"img":{"alt_text":"","src":"","width":0,"height":0},"classes":[]},{"id":1247,"url":"https:\/\/moir.com.co\/web\/el-rechazo-campesino-al-tlc\/","url_meta":{"origin":1248,"position":1},"title":"EL RECHAZO CAMPESINO AL TLC","author":"admin","date":"agosto 25, 2005","format":false,"excerpt":"Quiz\u00e1s muchos colombianos se sorprendieron cuando se conoci\u00f3 que m\u00e1s de 20.000 campesinos que producen bienes agropecuarios de clima fr\u00edo, principalmente del centro de Boyac\u00e1, del sur de Nari\u00f1o y de los p\u00e1ramos de Cundinamarca, rechazaron en una consulta ciudadana las negociaciones que Colombia adelanta en el TLC con Estados\u2026","rel":"","context":"En \u00abTemas\u00bb","block_context":{"text":"Temas","link":"https:\/\/moir.com.co\/web\/category\/temas\/"},"img":{"alt_text":"","src":"","width":0,"height":0},"classes":[]},{"id":1231,"url":"https:\/\/moir.com.co\/web\/todo-esta-consumado-en-el-tlc\/","url_meta":{"origin":1248,"position":2},"title":"TODO EST\u00c1 CONSUMADO EN EL TLC","author":"admin","date":"agosto 15, 2005","format":false,"excerpt":"Con el anuncio del ministro Botero de la decisi\u00f3n oficial de \"asumir los costos pol\u00edticos\" y tomar decisiones al \"rompe\" como lo manifest\u00f3, significa la responsabilidad de firmar el TLC sin tomar nota de las posiciones de los sectores gremiales con quienes estuvo consultando durante el proceso de once rondas\u2026","rel":"","context":"En \u00ab\u00a1No a los TLC y al ALCA!\u00bb","block_context":{"text":"\u00a1No a los TLC y al ALCA!","link":"https:\/\/moir.com.co\/web\/category\/temas\/no-a-los-tlc-y-al-alca\/"},"img":{"alt_text":"","src":"","width":0,"height":0},"classes":[]},{"id":1213,"url":"https:\/\/moir.com.co\/web\/la-ruana-corre-peligro-con-el-tlc\/","url_meta":{"origin":1248,"position":3},"title":"LA RUANA CORRE PELIGRO CON EL TLC","author":"admin","date":"julio 30, 2005","format":false,"excerpt":"Las especializaciones regionales de la agricultura en Colombia est\u00e1n ligadas a la diversidad de climas. Existe zona cafetera, de ca\u00f1a panelera y tambi\u00e9n de az\u00facar; el arroz, aunque presente en m\u00e1s de diez departamentos del pa\u00eds, cerca del 80% se produce en Tolima, Meta, Huila y Casanare. Antes del Revolc\u00f3n,\u2026","rel":"","context":"En \u00abTemas\u00bb","block_context":{"text":"Temas","link":"https:\/\/moir.com.co\/web\/category\/temas\/"},"img":{"alt_text":"","src":"","width":0,"height":0},"classes":[]},{"id":8459,"url":"https:\/\/moir.com.co\/web\/dignidad-agropecuaria-nacional-analiza-posicion-del-gobierno-y-concluye-que-no-resuelve-peticiones-de-los-agricultores-colombianos\/","url_meta":{"origin":1248,"position":4},"title":"Dignidad Agropecuaria Nacional analiza posici\u00f3n del Gobierno  y concluye que no resuelve peticiones de los Agricultores Colombianos","author":"admin","date":"mayo 30, 2014","format":false,"excerpt":"A partir del 28 de abril de 2014 diferentes sectores decidieron realizar un Paro Nacional Agropecuario para exigir cumplimiento a los acuerdos suscritos entre las Dignidades del Agro y el gobierno. Representantes de Dignidad Agropecuaria -en medio de una feroz represi\u00f3n y se\u00f1alamiento al paro y a sus dirigentes en\u2026","rel":"","context":"En \u00abPronunciamientos de Organizaciones Sociales\u00bb","block_context":{"text":"Pronunciamientos de Organizaciones Sociales","link":"https:\/\/moir.com.co\/web\/category\/pronunciamientos-de-organizaciones-sociales\/"},"img":{"alt_text":"","src":"","width":0,"height":0},"classes":[]},{"id":202,"url":"https:\/\/moir.com.co\/web\/la-conspiracion-del-trigo\/","url_meta":{"origin":1248,"position":5},"title":"LA CONSPIRACI\u00d3N DEL TRIGO","author":"admin","date":"agosto 7, 2004","format":false,"excerpt":"\"Es mejor el barbecho propio que el mejor trigo extranjero\" Proverbio \u00e1rabe El Ingeniero Agr\u00f3nomo, M.Sc., Ph.D. Mario Zapata Belalc\u00e1zar, originario de San Jer\u00f3nimo, Antioquia, el m\u00e1s destacado fitomejorador del trigo en la historia nacional, estuvo en su Facultad de Agronom\u00eda de la Universidad Nacional en Medell\u00edn, conferenciando con estudiantes,\u2026","rel":"","context":"En \u00abTemas\u00bb","block_context":{"text":"Temas","link":"https:\/\/moir.com.co\/web\/category\/temas\/"},"img":{"alt_text":"","src":"","width":0,"height":0},"classes":[]}],"jetpack_sharing_enabled":true,"_links":{"self":[{"href":"https:\/\/moir.com.co\/web\/wp-json\/wp\/v2\/posts\/1248","targetHints":{"allow":["GET"]}}],"collection":[{"href":"https:\/\/moir.com.co\/web\/wp-json\/wp\/v2\/posts"}],"about":[{"href":"https:\/\/moir.com.co\/web\/wp-json\/wp\/v2\/types\/post"}],"author":[{"embeddable":true,"href":"https:\/\/moir.com.co\/web\/wp-json\/wp\/v2\/users\/1"}],"replies":[{"embeddable":true,"href":"https:\/\/moir.com.co\/web\/wp-json\/wp\/v2\/comments?post=1248"}],"version-history":[{"count":0,"href":"https:\/\/moir.com.co\/web\/wp-json\/wp\/v2\/posts\/1248\/revisions"}],"wp:attachment":[{"href":"https:\/\/moir.com.co\/web\/wp-json\/wp\/v2\/media?parent=1248"}],"wp:term":[{"taxonomy":"category","embeddable":true,"href":"https:\/\/moir.com.co\/web\/wp-json\/wp\/v2\/categories?post=1248"},{"taxonomy":"post_tag","embeddable":true,"href":"https:\/\/moir.com.co\/web\/wp-json\/wp\/v2\/tags?post=1248"}],"curies":[{"name":"wp","href":"https:\/\/api.w.org\/{rel}","templated":true}]}}