{"id":12477,"date":"2017-05-23T18:53:58","date_gmt":"2017-05-23T18:53:58","guid":{"rendered":"https:\/\/moir.org.co\/web\/?p=12477"},"modified":"2017-05-23T18:53:58","modified_gmt":"2017-05-23T18:53:58","slug":"paros-y-otras-inconformidades","status":"publish","type":"post","link":"https:\/\/moir.com.co\/web\/paros-y-otras-inconformidades\/","title":{"rendered":"Paros y otras inconformidades"},"content":{"rendered":"<p><strong>Reinaldo Spitaletta, El Espectador, Medell\u00edn, mayo 23 de 2017<\/strong><\/p>\n<div class=\"gmail_quote\">\n<div dir=\"ltr\">\n<div class=\"m_4966281719783982504gmail-l-main\">\n<div class=\"m_4966281719783982504gmail-l-content\">\n<div class=\"m_4966281719783982504gmail-jscroll-wrapper\">\n<div class=\"m_4966281719783982504gmail-jscroll-inner\">\n<div id=\"m_4966281719783982504gmail-jscroll-node695046\" class=\"m_4966281719783982504gmail-jscroll-entity-wrapper\">\n<div class=\"m_4966281719783982504gmail-ds-2col-stacked m_4966281719783982504gmail-node m_4966281719783982504gmail-node--column m_4966281719783982504gmail-view-mode-full m_4966281719783982504gmail-node--full m_4966281719783982504gmail-node--column--full m_4966281719783982504gmail-clearfix\">\n<div class=\"m_4966281719783982504gmail-group-left\">\n<div class=\"m_4966281719783982504gmail-node-body m_4966281719783982504gmail-field m_4966281719783982504gmail-field--name-body m_4966281719783982504gmail-field--type-text-with-summary m_4966281719783982504gmail-field--label-hidden\">\n<p>Hay una suerte de despertar de las luchas populares y sindicales en Colombia, por reivindicaciones de distinta \u00edndole, que hacen presumir, otra vez, el avance de una conciencia cr\u00edtica frente a distintas expresiones del poder. Y, puede ser, como dec\u00eda Thoreau en su c\u00e9lebre conferencia sobre la desobediencia civil, que se avance hacia una situaci\u00f3n en \u201cque debemos primero ser hombres y luego s\u00fabditos. No es deseable cultivar tanto respeto por la ley como por lo correcto\u201d.<\/p>\n<p>Y lo correcto, en un pa\u00eds destrozado por la corrupci\u00f3n sist\u00e9mica, es erguirse frente a los abusos y los atropellos, tambi\u00e9n inherentes a un sistema basado desde tiempos inmemoriales en la inequidad y las injusticias sociales.<\/p>\n<p>Por estos d\u00edas han sonado voces de inconformidad. Los maestros de Colombia, casi siempre zamarreados por gobiernos que se interesan menos por la educaci\u00f3n que por mantener a la mayor\u00eda de gente en el limbo de la ignorancia, se pronuncian en defensa de sus derechos. \u201cPara los maestros, este paro es un compromiso con la educaci\u00f3n p\u00fablica estatal, porque adem\u00e1s de la autonom\u00eda de las instituciones est\u00e1 en juego la financiaci\u00f3n para esta \u00e1rea\u201d, seg\u00fan la visi\u00f3n de Fecode. Anotan los profesores que el Gobierno no puede seguir negando la inversi\u00f3n educativa \u201cmientras permite que la corrupci\u00f3n campee en otros sectores\u201d.<\/p>\n<p>Al paro del magisterio, y con reivindicaciones y protestas distintas, se han agregado el de los taxistas contra la plataforma ilegal Uber. Y en el Choc\u00f3 y Buenaventura los paros c\u00edvicos se levantan contra las eternas promesas incumplidas, como desde hace a\u00f1os se da en un departamento que goza de una rica biodiversidad (por eso lo han saqueado) y una pobreza cr\u00f3nica en sus habitantes. El reportero Gabriel Garc\u00eda M\u00e1rquez hizo, en 1954, una radiograf\u00eda del Choc\u00f3 que, m\u00e1s de 60 a\u00f1os despu\u00e9s, no se ha modificado mucho. O s\u00ed, la situaci\u00f3n ha empeorado.<\/p>\n<p>El del Choc\u00f3 ha sido un paro c\u00edvico (otro m\u00e1s de su larga historia de miserias y desgre\u00f1os) porque el Gobierno de Santos no les ha cumplido con un pliego petitorio y, adem\u00e1s, contra la presencia aterradora de grupos armados ilegales. En el paro de Buenaventura, donde la situaci\u00f3n de orden p\u00fablico se complic\u00f3, los llamados de la gente tienen que ver, entre otros, con obtener mejoras en el servicio de aguas. All\u00ed el hospital sigue cerrado y la situaci\u00f3n social es catastr\u00f3fica.<\/p>\n<p>Se recuerda que en ese puerto sobre el Pac\u00edfico se ha visibilizado una situaci\u00f3n de espanto, con las \u201ccasas de pique\u201d, los desaparecidos, las fronteras invisibles y los altos \u00edndices de violencia. \u201cLa costa Pac\u00edfica fue excluida del banquete del desarrollo\u201d, ha dicho el obispo de Buenaventura H\u00e9ctor Epalza.<\/p>\n<p>Y a la oleada de paros y manifestaciones se agregaron hace poco las de m\u00e1s de 700.000 trabajadores estatales, a los que les congelaron los salarios. \u201cNo podemos permitir que sea con la precarizaci\u00f3n de los empleados\u00a0de Colombia que pretendan arreglar un problema generado por la misma pol\u00edtica del Gobierno\u201d, dijo Luis Alejandro Pedraza, presidente de la Central Unitaria de Trabajadores.<\/p>\n<p>Adem\u00e1s de los trabajadores de la Rama Judicial y el Inpec, estudiantes y profesores de la Universidad Nacional y los del Polit\u00e9cnico Jaime Isaza Cadavid, de Medell\u00edn, entre otros, han elevado su voz para exigir mejores condiciones laborales y educativas. En esta \u00faltima instituci\u00f3n hay un malestar por la descongelaci\u00f3n de las matr\u00edculas, porque, seg\u00fan el gobernador de Antioquia (Luis P\u00e9rez), esta situaci\u00f3n de \u201ccongelarlas hace como diez a\u00f1os\u201d ha conducido al d\u00e9ficit. \u201cNinguna instituci\u00f3n en el mundo puede vivir sin matr\u00edculas\u201d, a\u00f1adi\u00f3.<\/p>\n<p>Sobre el caso, el diputado Jorge G\u00f3mez le envi\u00f3 una misiva al gobernante: \u201cNo es cierto que \u201cninguna instituci\u00f3n en el mundo pueda vivir sin matr\u00edculas. La verdad es que en los pa\u00edses civilizados la educaci\u00f3n es gratuita, incluida la superior\u201d y agreg\u00f3: \u201cPero el PJIC, con cerca de 15.000 alumnos registrados, no es una instituci\u00f3n de educaci\u00f3n superior que pueda considerarse barata. Por el contrario, sus tarifas son, de lejos, unas de las m\u00e1s caras del pa\u00eds\u201d. El paro contin\u00faa en esa instituci\u00f3n.<\/p>\n<p>Los paros y protestas son interesantes para visibilizar la situaci\u00f3n de angustia del pueblo colombiano. Tal vez al gobernante le parezca, como ya sucedi\u00f3, que los \u201ctales paros no existen\u201d, como fue la reacci\u00f3n de Santos acerca de los que se hicieron contra la venta de Isag\u00e9n, las reformas tributarias, el aumento del IVA y la muerte por inanici\u00f3n de miembros de la cultura wayuu\u2026 Sin embargo, existen. Son parte de la desobediencia civil.<\/p>\n<\/div>\n<\/div>\n<\/div>\n<\/div>\n<\/div>\n<\/div>\n<\/div>\n<\/div>\n<\/div>\n<\/div>\n","protected":false},"excerpt":{"rendered":"<p>Reinaldo Spitaletta, El Espectador, Medell\u00edn, mayo 23 de 2017 Hay una suerte de despertar de las luchas populares y sindicales en Colombia, por reivindicaciones de distinta \u00edndole, que hacen presumir, otra vez, el avance de una conciencia cr\u00edtica frente a distintas expresiones del poder. Y, puede ser, como dec\u00eda Thoreau en su c\u00e9lebre conferencia sobre [&hellip;]<\/p>\n","protected":false},"author":1,"featured_media":12478,"comment_status":"open","ping_status":"open","sticky":false,"template":"","format":"standard","meta":{"advanced_seo_description":"","jetpack_seo_html_title":"","jetpack_seo_noindex":false,"_jetpack_memberships_contains_paid_content":false,"footnotes":""},"categories":[102,103,97,98,109],"tags":[],"class_list":["post-12477","post","type-post","status-publish","format-standard","has-post-thumbnail","hentry","category-economia","category-educacion","category-imperialismo-y-neoliberalismo","category-politica","category-sindical"],"jetpack_featured_media_url":"https:\/\/i0.wp.com\/moir.com.co\/web\/wp-content\/uploads\/2017\/05\/parosenChoco%CC%81Buenaventura-1.jpg?fit=1023%2C601&ssl=1","jetpack-related-posts":[],"jetpack_sharing_enabled":true,"_links":{"self":[{"href":"https:\/\/moir.com.co\/web\/wp-json\/wp\/v2\/posts\/12477","targetHints":{"allow":["GET"]}}],"collection":[{"href":"https:\/\/moir.com.co\/web\/wp-json\/wp\/v2\/posts"}],"about":[{"href":"https:\/\/moir.com.co\/web\/wp-json\/wp\/v2\/types\/post"}],"author":[{"embeddable":true,"href":"https:\/\/moir.com.co\/web\/wp-json\/wp\/v2\/users\/1"}],"replies":[{"embeddable":true,"href":"https:\/\/moir.com.co\/web\/wp-json\/wp\/v2\/comments?post=12477"}],"version-history":[{"count":0,"href":"https:\/\/moir.com.co\/web\/wp-json\/wp\/v2\/posts\/12477\/revisions"}],"wp:featuredmedia":[{"embeddable":true,"href":"https:\/\/moir.com.co\/web\/wp-json\/wp\/v2\/media\/12478"}],"wp:attachment":[{"href":"https:\/\/moir.com.co\/web\/wp-json\/wp\/v2\/media?parent=12477"}],"wp:term":[{"taxonomy":"category","embeddable":true,"href":"https:\/\/moir.com.co\/web\/wp-json\/wp\/v2\/categories?post=12477"},{"taxonomy":"post_tag","embeddable":true,"href":"https:\/\/moir.com.co\/web\/wp-json\/wp\/v2\/tags?post=12477"}],"curies":[{"name":"wp","href":"https:\/\/api.w.org\/{rel}","templated":true}]}}