{"id":12454,"date":"2017-05-22T15:57:11","date_gmt":"2017-05-22T15:57:11","guid":{"rendered":"https:\/\/moir.org.co\/web\/?p=12454"},"modified":"2017-05-22T15:57:11","modified_gmt":"2017-05-22T15:57:11","slug":"santos-y-giha-revuelven-el-rio-para-pescar","status":"publish","type":"post","link":"https:\/\/moir.com.co\/web\/santos-y-giha-revuelven-el-rio-para-pescar\/","title":{"rendered":"Santos y Giha revuelven el r\u00edo para pescar"},"content":{"rendered":"<h4>Esperanza Guti\u00e9rrez S\u00e1nchez, Ibagu\u00e9, mayo 20 de 20017<\/h4>\n<p>Ante apote\u00f3sica toma de capitales en\u00a0 4to d\u00eda de paro y el nivel del mismo, arriba del 85%,\u00a0 Santos se vuelve a estrellar con la f\u00e9rrea voluntad \u00a0de m\u00e1s de 330.000 maestros que defienden con u\u00f1as y dientes a la educaci\u00f3n p\u00fablica, a las comunidades educativas y\u00a0 al\u00a0 derecho que tienen de ejercer con dignidad su imprescindible\u00a0 profesi\u00f3n.<\/p>\n<p>Temprano la ministra \u00a0inici\u00f3\u00a0 la confusi\u00f3n,\u00a0 en la ma\u00f1ana del \u00a017 de mayo, 5to d\u00eda de paro, \u00a0prepotente se reuni\u00f3 \u00a0con la comisi\u00f3n\u00a0de FECODE, esgrimi\u00f3 que el paro lo ocasiono el punto econ\u00f3mico y\u00a0 por tanto, s\u00f3lo ese tema \u00a0iba a tratarse, FECODE se neg\u00f3 rotundamente, la ministra dej\u00f3 la reuni\u00f3n de manera abrupta. \u00a0Hacia las 11 am\u00a0 Giha con el agua al cuello, busc\u00f3 a FECODE reunido en Junta Nacional la cual entr\u00f3 en\u00a0 receso para escucharla, ya ella \u00a0con tono amable.<\/p>\n<p>Llev\u00f3\u00a0 carta conciliadora de santos \u00a0en cuyo contenido est\u00e1n facultades que el presidente \u00a0le otorga \u00a0\u00a0para negociar, pactaron reuni\u00f3n a las 3:00 p.m. La Junta Nacional reanud\u00f3\u00a0 decidiendo por unanimidad, negociar en medio del paro y arreciar la huelga. Aunque la ministra cacareo la cita, \u00e9sta \u00a0\u00a0\u00a0termin\u00f3\u00a0 sin ning\u00fan acuerdo por falta de voluntad del gobierno, como sucediera los d\u00edas 18, 19, y 20 de mayo, el domingo, continuaran discutiendo el pliego de peticiones.<\/p>\n<p>El lunes 22 de mayo el paro continuar\u00e1 \u00a0con ah\u00ednco; los d\u00edas venideros\u00a0 se fortalecer\u00e1n\u00a0 las tareas de movilizaci\u00f3n y lucha, se har\u00e1n reuniones \u00a0con gobierno escolar,\u00a0 cacerolazos, caravanas, marcha de antorchas, m\u00edtines, plantones,\u00a0 en fin todo lo necesario, hasta cuando el gobierno se ponga serio y\u00a0 negocie destinando los recursos, a pliego de peticiones radicado por FECODE.<\/p>\n<p>Santos y \u00a0Giha\u00a0\u00a0 quieren rev<a href=\"https:\/\/i0.wp.com\/www.tolimasomostodos.com\/wp-content\/uploads\/2017\/05\/art.-7-TST-foto-2.jpg\"><img data-recalc-dims=\"1\" fetchpriority=\"high\" decoding=\"async\" class=\" wp-image-885 alignleft\" src=\"https:\/\/i0.wp.com\/www.tolimasomostodos.com\/wp-content\/uploads\/2017\/05\/art.-7-TST-foto-2-300x225.jpg?resize=403%2C302\" sizes=\"(max-width: 403px) 100vw, 403px\" srcset=\"http:\/\/www.tolimasomostodos.com\/wp-content\/uploads\/2017\/05\/art.-7-TST-foto-2-300x225.jpg 300w, http:\/\/www.tolimasomostodos.com\/wp-content\/uploads\/2017\/05\/art.-7-TST-foto-2-768x576.jpg 768w, http:\/\/www.tolimasomostodos.com\/wp-content\/uploads\/2017\/05\/art.-7-TST-foto-2.jpg 960w\" alt=\"\" width=\"403\" height=\"302\" \/><\/a>olver el r\u00edo para pescar,\u00a0 por\u00a0 los medios se muestra benefactora, da a entender que es cuesti\u00f3n de un toque m\u00e1gico y todo se soluciona, \u201cpreocupad\u00edsima\u201d porque 8.5 millones de estudiantes no est\u00e1n en clase, puro bla bla bla.\u00a0 Buscan debilitar\u00a0 el paro, lograr que \u201clos profes\u201d\u00a0 se vayan a las aulas sin obtener ninguna soluci\u00f3n, pero la tiene dif\u00edcil porque el magisterio, padres y estudiantes est\u00e1n \u00a0dispuestos a revelar la verdad total sobre\u00a0 \u201cColombia la m\u00e1s educada\u201d\u00a0 su remedo de jornada \u00fanica, cuyo prop\u00f3sito perverso, es que Colombia\u00a0 ingrese\u00a0 a\u00a0 la OCDE.<\/p>\n<p>El 18 de mayo estall\u00f3\u00a0 petardo cerca a instalaciones de FECODE. El \u00a0gobierno con circulares, \u00a0entrevistas,\u00a0 y dem\u00e1s, sabotean \u00a0el paro, enga\u00f1an \u00a0al pa\u00eds\u00a0 cuando dicen, que es un paro injustificado y pone por delante el derecho de los estudiantes y al un\u00edsono\u00a0 de manera vil maltrata a quienes son sus maestros. Tambi\u00e9n denunciamos \u00a0violencia, contra bonaverenses. Estamos atentos y rodearemos\u00a0 \u00a0a \u00a0chocoanos y dem\u00e1s sectores y poblaciones que de manera pac\u00edfica \u00a0se rebelan contra la infame y corrupta pol\u00edtica de Santos, mezquino con los pobres y genuflexo con las multinacionales.<\/p>\n<p><strong>Recalcar que el\u00a0 paro, lo levanta la junta Nacional de FECODE,\u00a0 no la ministra, tampoco rcn o caracol.<\/strong><\/p>\n<p>\u00a1Abajo el Gobierno de hambre y corrupci\u00f3n!.<\/p>\n<p>\u00a1Viva la unidad del magisterio, los trabajadores y las comunidades de Colombia!<\/p>\n","protected":false},"excerpt":{"rendered":"<p>Esperanza Guti\u00e9rrez S\u00e1nchez, Ibagu\u00e9, mayo 20 de 20017 Ante apote\u00f3sica toma de capitales en\u00a0 4to d\u00eda de paro y el nivel del mismo, arriba del 85%,\u00a0 Santos se vuelve a estrellar con la f\u00e9rrea voluntad \u00a0de m\u00e1s de 330.000 maestros que defienden con u\u00f1as y dientes a la educaci\u00f3n p\u00fablica, a las comunidades educativas y\u00a0 [&hellip;]<\/p>\n","protected":false},"author":1,"featured_media":12455,"comment_status":"open","ping_status":"open","sticky":false,"template":"","format":"standard","meta":{"advanced_seo_description":"","jetpack_seo_html_title":"","jetpack_seo_noindex":false,"_jetpack_memberships_contains_paid_content":false,"footnotes":""},"categories":[102,103,97,98,11],"tags":[],"class_list":["post-12454","post","type-post","status-publish","format-standard","has-post-thumbnail","hentry","category-economia","category-educacion","category-imperialismo-y-neoliberalismo","category-politica","category-tribuna-magisterial"],"jetpack_featured_media_url":"https:\/\/i0.wp.com\/moir.com.co\/web\/wp-content\/uploads\/2017\/05\/fecode_200313.jpg?fit=221%2C166&ssl=1","jetpack-related-posts":[{"id":11180,"url":"https:\/\/moir.com.co\/web\/la-nueva-ministra-de-educacion-yaneth-giha-profundizara-la-crisis-de-la-educacion\/","url_meta":{"origin":12454,"position":0},"title":"La nueva ministra de Educaci\u00f3n Yaneth Giha profundizar\u00e1 la crisis de la educaci\u00f3n","author":"admin","date":"noviembre 28, 2016","format":false,"excerpt":"John Granados, Tribuna Magisterial, Bogot\u00e1, noviembre 27 de 2016 El pasado 4 de octubre Gina Parody fue separada de la cartera de educaci\u00f3n del gobierno de Juan Manuel Santos, ese hecho no fue motivado por el esc\u00e1ndalo del Programa de Alimentaci\u00f3n Escolar o por la improvisaci\u00f3n para implementar la mal\u2026","rel":"","context":"En \u00abEducaci\u00f3n\u00bb","block_context":{"text":"Educaci\u00f3n","link":"https:\/\/moir.com.co\/web\/category\/temas\/educacion\/"},"img":{"alt_text":"","src":"","width":0,"height":0},"classes":[]},{"id":11693,"url":"https:\/\/moir.com.co\/web\/programa-radial-de-tribuna-magisterial-febrero-12-de-2017\/","url_meta":{"origin":12454,"position":1},"title":"Programa Radial de Tribuna Magisterial, febrero 12 de 2017","author":"admin","date":"febrero 13, 2017","format":"audio","excerpt":"Bogot\u00e1, febrero 12 de 2017 En el programa del 12 de febrero Mar\u00eda Antonieta Cano, de la junta directiva de la ADE y directora del programa, dedic\u00f3 el editorial a realizar un balance sobre las problem\u00e1ticas que se est\u00e1n presentando en los colegios del Distrito al inicio del a\u00f1o, inform\u00f3\u2026","rel":"","context":"En \u00abBogot\u00e1\u00bb","block_context":{"text":"Bogot\u00e1","link":"https:\/\/moir.com.co\/web\/category\/temas\/bogota\/"},"img":{"alt_text":"","src":"https:\/\/i0.wp.com\/moir.com.co\/web\/wp-content\/uploads\/2016\/11\/tribmagton%CC%83a5-1.jpg?fit=900%2C1200&ssl=1&resize=350%2C200","width":350,"height":200,"srcset":"https:\/\/i0.wp.com\/moir.com.co\/web\/wp-content\/uploads\/2016\/11\/tribmagton%CC%83a5-1.jpg?fit=900%2C1200&ssl=1&resize=350%2C200 1x, https:\/\/i0.wp.com\/moir.com.co\/web\/wp-content\/uploads\/2016\/11\/tribmagton%CC%83a5-1.jpg?fit=900%2C1200&ssl=1&resize=525%2C300 1.5x, https:\/\/i0.wp.com\/moir.com.co\/web\/wp-content\/uploads\/2016\/11\/tribmagton%CC%83a5-1.jpg?fit=900%2C1200&ssl=1&resize=700%2C400 2x"},"classes":[]},{"id":11068,"url":"https:\/\/moir.com.co\/web\/programa-radial-de-tribuna-magisterial-noviembre-13-de-2016\/","url_meta":{"origin":12454,"position":2},"title":"Programa Radial de Tribuna Magisterial, noviembre 13 de 2016","author":"admin","date":"noviembre 16, 2016","format":"audio","excerpt":"Bogot\u00e1, noviembre 13 de 2016 En el programa del 13 de noviembre de 2016 Mar\u00eda Antonieta Cano de la junta directiva de la ADE y directora del programa, analiz\u00f3 el nombramiento de la Ministra de Educaci\u00f3n Yaneth Giha. En la situaci\u00f3n pol\u00edtica internacional, Enrique Daza integrante de CEDETRABAJO explic\u00f3 las\u2026","rel":"","context":"En \u00abEconom\u00eda\u00bb","block_context":{"text":"Econom\u00eda","link":"https:\/\/moir.com.co\/web\/category\/temas\/economia\/"},"img":{"alt_text":"","src":"https:\/\/i0.wp.com\/moir.com.co\/web\/wp-content\/uploads\/2016\/11\/tribmagton%CC%83a2.jpg?fit=298%2C268&ssl=1&resize=350%2C200","width":350,"height":200},"classes":[]},{"id":7854,"url":"https:\/\/moir.com.co\/web\/el-magisterio-mantiene-la-decision-de-paro-nacional\/","url_meta":{"origin":12454,"position":3},"title":"El magisterio mantiene la decisi\u00f3n de PARO NACIONAL","author":"admin","date":"agosto 30, 2013","format":false,"excerpt":"En el d\u00eda de ayer 29 de agosto, se llev\u00f3 a cabo la reuni\u00f3n entre FECODE Y EL PRESIDENTE DE LA REP\u00daBLICA JUAN MANUEL SANTOS, con la participaci\u00f3n del Ministro de Hacienda Mauricio C\u00e1rdenas, la Ministra de Educaci\u00f3n Mar\u00eda Fernanda Campo, Juan Jos\u00e9 Lalinde y Jorge Peralta, presidente y vicepresidente\u2026","rel":"","context":"En \u00abPronunciamientos de Organizaciones Sociales\u00bb","block_context":{"text":"Pronunciamientos de Organizaciones Sociales","link":"https:\/\/moir.com.co\/web\/category\/pronunciamientos-de-organizaciones-sociales\/"},"img":{"alt_text":"","src":"","width":0,"height":0},"classes":[]},{"id":21101,"url":"https:\/\/moir.com.co\/web\/el-paro-del-magisterio-una-victoria-patriotica\/","url_meta":{"origin":12454,"position":4},"title":"EL PARO DEL MAGISTERIO, UNA VICTORIA PATRI\u00d3TICA","author":"admin","date":"mayo 11, 2005","format":false,"excerpt":"Jos\u00e9 Fernando Ocampo, Vicepresidente de Fecode. No hab\u00eda realizado Fecode en sus treinta a\u00f1os de historia una movilizaci\u00f3n victoriosa de tanta envergadura y significaci\u00f3n patri\u00f3tica como el paro indefinido de este a\u00f1o. Cien mil personas, entre maestros, padres de familia y estudiantes, con el entusiasta respaldo de todo el pueblo,\u2026","rel":"","context":"En \u00abJos\u00e9 Fernando Ocampo\u00bb","block_context":{"text":"Jos\u00e9 Fernando Ocampo","link":"https:\/\/moir.com.co\/web\/category\/bitacoras\/jose-fernando-ocampo\/"},"img":{"alt_text":"","src":"","width":0,"height":0},"classes":[]},{"id":7516,"url":"https:\/\/moir.com.co\/web\/junta-nacional-de-fecode-ratifica-paro-nacional-indefinido\/","url_meta":{"origin":12454,"position":5},"title":"Junta Nacional de Fecode ratifica paro nacional indefinido","author":"admin","date":"mayo 2, 2013","format":false,"excerpt":"La Junta Nacional de la Federaci\u00f3n Colombiana de Trabajadores de la Educaci\u00f3n \u2013FECODE- reunida en Bogot\u00e1 el d\u00eda 2 de mayo analiz\u00f3 los procesos de negociaci\u00f3n del Pliego Nacional de Peticiones, del Estatuto Docente \u00fanico en la Comisi\u00f3n Tripartita y del Pliego Nacional Estatal y concluy\u00f3 que el Gobierno Nacional\u2026","rel":"","context":"En \u00abPronunciamientos de Organizaciones Sociales\u00bb","block_context":{"text":"Pronunciamientos de Organizaciones Sociales","link":"https:\/\/moir.com.co\/web\/category\/pronunciamientos-de-organizaciones-sociales\/"},"img":{"alt_text":"","src":"","width":0,"height":0},"classes":[]}],"jetpack_sharing_enabled":true,"_links":{"self":[{"href":"https:\/\/moir.com.co\/web\/wp-json\/wp\/v2\/posts\/12454","targetHints":{"allow":["GET"]}}],"collection":[{"href":"https:\/\/moir.com.co\/web\/wp-json\/wp\/v2\/posts"}],"about":[{"href":"https:\/\/moir.com.co\/web\/wp-json\/wp\/v2\/types\/post"}],"author":[{"embeddable":true,"href":"https:\/\/moir.com.co\/web\/wp-json\/wp\/v2\/users\/1"}],"replies":[{"embeddable":true,"href":"https:\/\/moir.com.co\/web\/wp-json\/wp\/v2\/comments?post=12454"}],"version-history":[{"count":0,"href":"https:\/\/moir.com.co\/web\/wp-json\/wp\/v2\/posts\/12454\/revisions"}],"wp:featuredmedia":[{"embeddable":true,"href":"https:\/\/moir.com.co\/web\/wp-json\/wp\/v2\/media\/12455"}],"wp:attachment":[{"href":"https:\/\/moir.com.co\/web\/wp-json\/wp\/v2\/media?parent=12454"}],"wp:term":[{"taxonomy":"category","embeddable":true,"href":"https:\/\/moir.com.co\/web\/wp-json\/wp\/v2\/categories?post=12454"},{"taxonomy":"post_tag","embeddable":true,"href":"https:\/\/moir.com.co\/web\/wp-json\/wp\/v2\/tags?post=12454"}],"curies":[{"name":"wp","href":"https:\/\/api.w.org\/{rel}","templated":true}]}}