{"id":12416,"date":"2017-05-17T00:19:06","date_gmt":"2017-05-17T00:19:06","guid":{"rendered":"https:\/\/moir.org.co\/web\/?p=12416"},"modified":"2017-05-17T00:19:06","modified_gmt":"2017-05-17T00:19:06","slug":"el-gobierno-de-santos-debe-atender-las-peticiones-de-los-trabajadores-estatales-senador-robledo","status":"publish","type":"post","link":"https:\/\/moir.com.co\/web\/el-gobierno-de-santos-debe-atender-las-peticiones-de-los-trabajadores-estatales-senador-robledo\/","title":{"rendered":"El gobierno de Santos debe atender las peticiones de los trabajadores estatales: Senador Robledo"},"content":{"rendered":"<p><strong>Oficina de prensa del senador Jorge Enrique Robledo, Bogot\u00e1, mayo 16 de 2017<\/strong><\/p>\n<p>\u201cVan veinticinco a\u00f1os de reiteradas negativas a atender debidamente las justas peticiones de los trabajadores estatales colombianos,\u201d se\u00f1al\u00f3 el senador Jorge Enrique Robledo, quien se solidariz\u00f3 con los reclamos de los 1,2 millones de empleados p\u00fablicos del pa\u00eds. En el Estado la pol\u00edtica laboral es una sumatoria de tercerizaci\u00f3n, no reconocimiento de salarios justos, politiquer\u00eda, malas condiciones de trabajo y recortes presupuestales que afectan a trabajadores y a las comunidades que estos atienden.<\/p>\n<p>&nbsp;<\/p>\n<p>Desde 2001, explica la Federaci\u00f3n Colombiana de Educadores, las transferencias para la educaci\u00f3n se han recortado en 75 billones de pesos. Rebaja que ha afectado gravemente la calidad de la educaci\u00f3n en Colombia. El magisterio colombiano tiene la raz\u00f3n en exigirle al gobierno nacional que cumpla lo pactado en 2015 y aumente los salarios de tal forma que los educadores recuperen la capacidad adquisitiva perdida por decisiones como la reforma tributaria. Los profesores y profesoras no tienen por qu\u00e9 cargar con los costos de la crisis y el gobierno debe poner toda la voluntad pol\u00edtica en hacer crecer m\u00e1s el gasto en educaci\u00f3n que no es el primer rubro de gasto p\u00fablico. Lo es el pago de la insostenible deuda p\u00fablica (54,3 billones de pesos).<\/p>\n<p>&nbsp;<\/p>\n<p>Es inaceptable, agreg\u00f3 el congresista del Polo Democr\u00e1tico, que a estas alturas del a\u00f1o el gobierno no haya adoptado medidas que ajusten en forma equitativa el salario de los trabajadores estatales y que adem\u00e1s mantenga pol\u00edticas que lesionan su capacidad adquisitiva y profundizan la crisis econ\u00f3mica del pa\u00eds. Sin trabajadores pr\u00f3speros no es posible construir un mercado interno boyante y una econom\u00eda fuerte.<\/p>\n","protected":false},"excerpt":{"rendered":"<p>Oficina de prensa del senador Jorge Enrique Robledo, Bogot\u00e1, mayo 16 de 2017 \u201cVan veinticinco a\u00f1os de reiteradas negativas a atender debidamente las justas peticiones de los trabajadores estatales colombianos,\u201d se\u00f1al\u00f3 el senador Jorge Enrique Robledo, quien se solidariz\u00f3 con los reclamos de los 1,2 millones de empleados p\u00fablicos del pa\u00eds. En el Estado la [&hellip;]<\/p>\n","protected":false},"author":1,"featured_media":12201,"comment_status":"open","ping_status":"open","sticky":false,"template":"","format":"standard","meta":{"advanced_seo_description":"","jetpack_seo_html_title":"","jetpack_seo_noindex":false,"_jetpack_memberships_contains_paid_content":false,"footnotes":""},"categories":[102,103,97,4,98,109],"tags":[],"class_list":["post-12416","post","type-post","status-publish","format-standard","has-post-thumbnail","hentry","category-economia","category-educacion","category-imperialismo-y-neoliberalismo","category-jorge-enrique-robledo","category-politica","category-sindical"],"jetpack_featured_media_url":"https:\/\/i0.wp.com\/moir.com.co\/web\/wp-content\/uploads\/2017\/04\/cut.jpg?fit=341%2C200&ssl=1","jetpack-related-posts":[{"id":9140,"url":"https:\/\/moir.com.co\/web\/robledo-respalda-el-pliego-de-peticiones-de-los-trabajadores-estatales\/","url_meta":{"origin":12416,"position":0},"title":"Robledo respalda el Pliego de Peticiones de los trabajadores estatales","author":"admin","date":"febrero 25, 2015","format":false,"excerpt":"Confederaciones y federaciones sindicales se movilizan el jueves 26 de febrero para radicar su pliego de peticiones. Situaci\u00f3n laboral de los empleados p\u00fablicos sigue de mal en peor. Gobierno de Santos debe dar pronta soluci\u00f3n a las justas peticiones de los trabajadores estatales. Como un acierto pol\u00edtico y un ejemplo\u2026","rel":"","context":"En \u00abJorge Enrique Robledo\u00bb","block_context":{"text":"Jorge Enrique Robledo","link":"https:\/\/moir.com.co\/web\/category\/jorge-enrique-robledo\/"},"img":{"alt_text":"","src":"","width":0,"height":0},"classes":[]},{"id":9298,"url":"https:\/\/moir.com.co\/web\/robledo-se-solidariza-con-los-educadores-colombianos\/","url_meta":{"origin":12416,"position":1},"title":"Robledo se solidariza con los educadores colombianos","author":"admin","date":"abril 14, 2015","format":false,"excerpt":"Fecode saldr\u00e1 a paro indefinido el pr\u00f3ximo mi\u00e9rcoles 22 de abril; el pliego de peticiones es justo; Fecode defiende la educaci\u00f3n universal, p\u00fablica, de alta calidad y gratuita; que el gobierno Santos atienda las justas peticiones de los educadores colombianos El 24 de febrero pasado la Federaci\u00f3n Colombiana de Educadores,\u2026","rel":"","context":"En \u00abJorge Enrique Robledo\u00bb","block_context":{"text":"Jorge Enrique Robledo","link":"https:\/\/moir.com.co\/web\/category\/jorge-enrique-robledo\/"},"img":{"alt_text":"","src":"","width":0,"height":0},"classes":[]},{"id":14587,"url":"https:\/\/moir.com.co\/web\/debe-parar-la-tercerizacion-laboral-en-ecopetrol-robledo\/","url_meta":{"origin":12416,"position":2},"title":"Debe parar la tercerizaci\u00f3n laboral en Ecopetrol: Robledo","author":"admin","date":"febrero 27, 2018","format":false,"excerpt":"Oficina de prensa del senador Jorge Enrique Robledo, Bogot\u00e1, febrero 26 de 2018 Que respeten los derechos de los trabajadores \u201cRechazo el maltrato por parte de Ecopetrol a los trabajadores tercerizados de las refiner\u00edas de Barrancabermeja y Cartagena,\u201d afirm\u00f3 el senador Jorge Enrique Robledo. La tercerizaci\u00f3n es la v\u00eda que\u2026","rel":"","context":"En \u00abEconom\u00eda\u00bb","block_context":{"text":"Econom\u00eda","link":"https:\/\/moir.com.co\/web\/category\/temas\/economia\/"},"img":{"alt_text":"","src":"https:\/\/i0.wp.com\/moir.com.co\/web\/wp-content\/uploads\/2018\/02\/usoprotesta2018.jpg?fit=780%2C699&ssl=1&resize=350%2C200","width":350,"height":200,"srcset":"https:\/\/i0.wp.com\/moir.com.co\/web\/wp-content\/uploads\/2018\/02\/usoprotesta2018.jpg?fit=780%2C699&ssl=1&resize=350%2C200 1x, https:\/\/i0.wp.com\/moir.com.co\/web\/wp-content\/uploads\/2018\/02\/usoprotesta2018.jpg?fit=780%2C699&ssl=1&resize=525%2C300 1.5x, https:\/\/i0.wp.com\/moir.com.co\/web\/wp-content\/uploads\/2018\/02\/usoprotesta2018.jpg?fit=780%2C699&ssl=1&resize=700%2C400 2x"},"classes":[]},{"id":13343,"url":"https:\/\/moir.com.co\/web\/avianca-debe-atender-las-justas-peticiones-de-los-pilotos-robledo\/","url_meta":{"origin":12416,"position":3},"title":"Avianca debe atender las justas peticiones de los pilotos: Robledo","author":"admin","date":"septiembre 21, 2017","format":false,"excerpt":"Oficina de prensa del senador Jorge Enrique Robledo, Bogot\u00e1, septiembre 20 de 2017 Despu\u00e9s de expresar su solidaridad con las peticiones de los pilotos de Avianca, el senador Jorge Enrique Robledo hizo un llamado a las partes para que busquen el camino que les permita resolver sus diferencias y llegar\u2026","rel":"","context":"En \u00abEconom\u00eda\u00bb","block_context":{"text":"Econom\u00eda","link":"https:\/\/moir.com.co\/web\/category\/temas\/economia\/"},"img":{"alt_text":"","src":"https:\/\/i0.wp.com\/moir.com.co\/web\/wp-content\/uploads\/2017\/09\/pilotosacdac.png?fit=634%2C369&ssl=1&resize=350%2C200","width":350,"height":200,"srcset":"https:\/\/i0.wp.com\/moir.com.co\/web\/wp-content\/uploads\/2017\/09\/pilotosacdac.png?fit=634%2C369&ssl=1&resize=350%2C200 1x, https:\/\/i0.wp.com\/moir.com.co\/web\/wp-content\/uploads\/2017\/09\/pilotosacdac.png?fit=634%2C369&ssl=1&resize=525%2C300 1.5x"},"classes":[]},{"id":3776,"url":"https:\/\/moir.com.co\/web\/robledo-respalda-a-trabajadores-de-solla-s-a\/","url_meta":{"origin":12416,"position":4},"title":"Robledo respalda a trabajadores de Solla S.A.","author":"admin","date":"noviembre 17, 2009","format":false,"excerpt":"En carta dirigida al presidente de Solla S.A., el senador Jorge Enrique Robledo manifest\u00f3 su respaldo a los trabajadores de la empresa en la discusi\u00f3n de su pliego de peticiones. El congresista afirm\u00f3 que \u201cel progreso empresarial nunca ser\u00e1 producto del recorte de las prestaciones de sus trabajadores, raz\u00f3n por\u2026","rel":"","context":"En \u00abJorge Enrique Robledo\u00bb","block_context":{"text":"Jorge Enrique Robledo","link":"https:\/\/moir.com.co\/web\/category\/jorge-enrique-robledo\/"},"img":{"alt_text":"","src":"","width":0,"height":0},"classes":[]},{"id":2353,"url":"https:\/\/moir.com.co\/web\/que-se-atiendan-las-justas-peticiones-de-los-estudiantes-de-la-universidad-nacional-exige-el-senador-robledo\/","url_meta":{"origin":12416,"position":5},"title":"QUE SE ATIENDAN LAS JUSTAS PETICIONES DE LOS ESTUDIANTES DE LA UNIVERSIDAD NACIONAL, EXIGE EL SENADOR ROBLEDO","author":"admin","date":"mayo 23, 2008","format":false,"excerpt":"Oficina de Prensa Senador Jorge Enrique Robledo, Bogot\u00e1, 21 de mayo de 2008 El senador Jorge Enrique Robledo rechaz\u00f3 la negativa del gobierno y el rector de la Universidad Nacional, Mois\u00e9s Wassermann, a atender las justas peticiones del movimiento estudiantil, cuyo origen son las inconsultas medidas acad\u00e9micas que la rector\u00eda\u2026","rel":"","context":"En \u00abJorge Enrique Robledo\u00bb","block_context":{"text":"Jorge Enrique Robledo","link":"https:\/\/moir.com.co\/web\/category\/jorge-enrique-robledo\/"},"img":{"alt_text":"","src":"","width":0,"height":0},"classes":[]}],"jetpack_sharing_enabled":true,"_links":{"self":[{"href":"https:\/\/moir.com.co\/web\/wp-json\/wp\/v2\/posts\/12416","targetHints":{"allow":["GET"]}}],"collection":[{"href":"https:\/\/moir.com.co\/web\/wp-json\/wp\/v2\/posts"}],"about":[{"href":"https:\/\/moir.com.co\/web\/wp-json\/wp\/v2\/types\/post"}],"author":[{"embeddable":true,"href":"https:\/\/moir.com.co\/web\/wp-json\/wp\/v2\/users\/1"}],"replies":[{"embeddable":true,"href":"https:\/\/moir.com.co\/web\/wp-json\/wp\/v2\/comments?post=12416"}],"version-history":[{"count":0,"href":"https:\/\/moir.com.co\/web\/wp-json\/wp\/v2\/posts\/12416\/revisions"}],"wp:featuredmedia":[{"embeddable":true,"href":"https:\/\/moir.com.co\/web\/wp-json\/wp\/v2\/media\/12201"}],"wp:attachment":[{"href":"https:\/\/moir.com.co\/web\/wp-json\/wp\/v2\/media?parent=12416"}],"wp:term":[{"taxonomy":"category","embeddable":true,"href":"https:\/\/moir.com.co\/web\/wp-json\/wp\/v2\/categories?post=12416"},{"taxonomy":"post_tag","embeddable":true,"href":"https:\/\/moir.com.co\/web\/wp-json\/wp\/v2\/tags?post=12416"}],"curies":[{"name":"wp","href":"https:\/\/api.w.org\/{rel}","templated":true}]}}