{"id":12413,"date":"2017-05-16T17:27:40","date_gmt":"2017-05-16T17:27:40","guid":{"rendered":"https:\/\/moir.org.co\/web\/?p=12413"},"modified":"2017-05-16T17:27:40","modified_gmt":"2017-05-16T17:27:40","slug":"las-razones-de-los-profesores-para-protestar","status":"publish","type":"post","link":"https:\/\/moir.com.co\/web\/las-razones-de-los-profesores-para-protestar\/","title":{"rendered":"Las razones de los profesores para protestar"},"content":{"rendered":"<p><strong>Amaury N\u00fa\u00f1ez Gonz\u00e1lez,\u00a0http:\/\/lasillavacia.com\/, Medell\u00edn, mayo 16 de 2017<\/strong><\/p>\n<p>Encontr\u00e9 en Twitter el reto de la ballena m\u00e1s educada, donde son cinco los obst\u00e1culos que cada profesor y\u00a0estudiante deben\u00a0superar en el sistema educativo: sobrevivir sin un salario digno, que los estudiantes aguanten la jornada \u00fanica con hambre, brindar educaci\u00f3n de calidad sin recursos, ir al m\u00e9dico y sobrevivir para contarlo, aprender a trabajar sin tiempo para almorzar.<\/p>\n<p>Y no es una exageraci\u00f3n. Durante los \u00faltimos veinte a\u00f1os la pol\u00edtica educativa ha sido, por lo menos, des financiaci\u00f3n y p\u00e9rdida de calidad. Solamente revisando el comportamiento de las finanzas de la educaci\u00f3n b\u00e1sica y media puede entenderse por qu\u00e9 ocupamos los peores puestos, no s\u00f3lo en las pruebas PISA, sino en la inversi\u00f3n educativa por estudiante: Colombia tiene la segunda peor del mundo, con 3.300 d\u00f3lares, solo superado por Indonesia con 1.400 d\u00f3lares.<\/p>\n<p>El promedio de los pa\u00edses de la OCDE es de diez mil doscientos veinte d\u00f3lares, en tanto pa\u00edses como Luxemburgo, Suiza y Estados Unidos invierten 22.595, 17.485 y 14.494. \u00bfQu\u00e9 tienen en com\u00fan? Todos registran mejores resultados respecto al pa\u00eds. Se explica entonces, por lo menos con una relaci\u00f3n bastante simple entre inversi\u00f3n y resultados, por qu\u00e9 estamos como estamos y por qu\u00e9 los profesores protestan como protestan. Hoy nuevamente son noticia porque, agremiados en Fecode, se movilizan en compa\u00f1\u00eda de otros trabajadores estatales, como son, entre otros, los de los juzgados, los del sistema penitenciario y los de la salud.<\/p>\n<p>\u00bfQu\u00e9 exigen? Han agrupado sus demandas en tres grandes bloques: la financiaci\u00f3n del sector educativo, la pol\u00edtica educativa y sus derechos laborales. A continuaci\u00f3n, una s\u00edntesis de los aspectos m\u00e1s relevantes.<\/p>\n<p><strong><em>Presupuesto de la educaci\u00f3n. <\/em><\/strong>En el a\u00f1o 2001 se modific\u00f3 el esquema de distribuci\u00f3n de recursos del Estado hacia los departamentos y municipios, remplazando el situado fiscal que reg\u00eda desde la Constituci\u00f3n de 1991 por el Sistema General de Participaciones (SGP). Este primer recorte a las transferencias fue acompa\u00f1ado de un segundo recorte en el a\u00f1o 2007. Al establecer una comparaci\u00f3n entre los recursos del SGP con base en los art\u00edculos originales de la Constituci\u00f3n y las asignaciones reales se encuentra qu\u00e9, como porcentaje del PIB, los colegios del pa\u00eds, en lugar de recibir un 6,7% recibieron 3,8%. En plata blanca el hueco fue de 87 billones de pesos. Hoy en su pliego los profesores exigen que la inversi\u00f3n educativa ascienda al 7% del PIB. La anterior situaci\u00f3n se agrava con el hecho de que el SGP reg\u00eda hasta el a\u00f1o pasado y que, de mantenerse una distribuci\u00f3n inercial de los recursos respecto al a\u00f1o anterior, se generar\u00edan faltantes como los actuales, que para hoy suman 500 mil millones de pesos y para el pr\u00f3ximo ascender\u00edan a 1,1 billones de pesos. Insisten que el gobierno no debe poner al sector a depender de adiciones presupuestales a su discreci\u00f3n debido a la incertidumbre que esto traer\u00eda.<\/p>\n<p><strong><em>Nivelaci\u00f3n salarial. <\/em><\/strong>Durante las movilizaciones que sostuvieron en el a\u00f1o 2015 los profesores exigieron una nivelaci\u00f3n salarial acorde al poder adquisitivo que perdieron. Hoy el reclamo se dirige en dos sentidos. Por un lado, cuanto ser\u00e1 el aumento salarial para 2017 de los trabajadores del Estado. Su argumentaci\u00f3n es clara al se\u00f1alar que, debido a la implementaci\u00f3n de la reforma tributaria que elev\u00f3 el costo de vida en el pa\u00eds, los aumentos en el costo de la gasolina y el transporte, m\u00e1s la inflaci\u00f3n del a\u00f1o pasado que se ubic\u00f3 en 5,75%, el salario de todos los colombianos alcanza cada vez para menos y no es f\u00e1cil llegar a fin de mes. Esa p\u00e9rdida de poder adquisitivo pretenden compensarla proponiendo un aumento de la inflaci\u00f3n m\u00e1s el 5%: en total 10,75%. El gobierno propone 0,15%. Por otro lado, la nivelaci\u00f3n acordada por los profesores con el gobierno nacional en 2015 no los dej\u00f3 en igual nivel salarial que los dem\u00e1s trabajadores del Estado. Por eso definieron un aumento gradual hasta llegar al 12%, a lo que se sumar\u00eda una bonificaci\u00f3n anual del 15% para los docentes que est\u00e9n en el m\u00e1ximo escalaf\u00f3n (14) desde 2017, y avanzar en la nivelaci\u00f3n que est\u00e1 pendiente para los a\u00f1os que van de 2020 a 2021. Es justamente esta \u00faltima la que el gobierno les est\u00e1 incumpliendo.<\/p>\n<p><strong><em>Bonificaciones. <\/em><\/strong>Todos los trabajadores del Estado tienen bonificaci\u00f3n por servicios prestados, menos los profesores. \u00bfEn qu\u00e9 consiste? A quienes devenguen menos de 2 salarios m\u00ednimos mensuales se les paga una bonificaci\u00f3n equivalente al 50% de su salario en diciembre. A quienes devenguen m\u00e1s de 2 salarios m\u00ednimos, una de 35%. Esa bonificaci\u00f3n no la reciben los maestros. \u00bfPor qu\u00e9 no extenderla? \u00bfSer\u00e1n los profesores trabajadores estatales de segunda categor\u00eda? Por esta y otras razones los docentes son los trabajadores del Estado que devengan menos salario por su trabajo en comparaci\u00f3n con el resto de empleados p\u00fablicos del mismo nivel profesional.<\/p>\n<p><strong><em>Vinculaci\u00f3n directa de docentes<\/em><\/strong><strong>. <\/strong>Una tarea que deben acometer las autoridades, fundamental para el progreso del sector educativo, consiste en saber cu\u00e1ntos cargos hay que proveer para el cumplimiento de sus labores misionales y vincularlos directamente \u00a1Y no lo han hecho! Hoy el n\u00famero de cargos por orden de prestaci\u00f3n se servicios en todos los niveles del Estado son cercanos al 50%. Esta es una de las razones del paro de los empleados del Ministerio de Trabajo que le estall\u00f3 en las manos a Clara L\u00f3pez antes de dejar su cargo. Para el caso de los profesores 30 mil son provisionales. Por eso una de sus exigencias consiste en que se pongan a disposici\u00f3n todas las vacantes que hay en el sector educativo y que se provean producto de concursos de m\u00e9ritos y en propiedad. De este modo podr\u00eda ponerse l\u00edmite a la actitud clientelista de alcaldes y gobernadores que no reportan las plazas para tener posibilidad de nombrar cargos en provisionalidad y a dedo.<\/p>\n<p><strong><em>Oferta educativa, jornada \u00fanica y alimentaci\u00f3n escolar.<\/em><\/strong> Los docentes han se\u00f1alado que la pol\u00edtica de jornada \u00fanica del gobierno, presentada como bandera, hoy no tiene ni pies ni cabeza \u00bfLa raz\u00f3n? El Estado ha orientado su implementaci\u00f3n sin ofrecer un solo peso adicional. Los colegios no tienen como solventar la demanda que implica que los estudiantes permanezcan m\u00e1s tiempo en ellos, ya que para eso tendr\u00edan que acondicionar su infraestructura f\u00edsica y cubrir la alimentaci\u00f3n adicional que requerir\u00edan los ni\u00f1os. \u00bfEstar\u00e1 el sector educativo en su oferta p\u00fablica preparado para la absorci\u00f3n de estudiantes de bajos ingresos? Un dato permite contradecirlo. De un mill\u00f3n 800 mil estudiantes que hay en colegios privados, cerca de 1 mill\u00f3n 534 mil son de los estratos 1, 2 y 3, esto es el 85%. Mientras tanto, 1 mill\u00f3n y medio de ni\u00f1os no estudian.<\/p>\n<p><strong><em>Aspectos laborales y autonom\u00eda escolar. <\/em><\/strong>Para desregularizar la labor docente, el gobierno estableci\u00f3 un manual de funciones a trav\u00e9s del Decreto 490 de 2016, que entre otras cosas\u00a0crea la figura del \u201cdocente l\u00edder de apoyo\u201d, consistente en definir como su funci\u00f3n primordial el desarrollo de actividades en el fortalecimiento de competencias. Este lineamiento, dicen los profesores, aumenta el tiempo de la atenci\u00f3n acad\u00e9mica en preescolar, primaria y secundaria, pasando de 22, 25 y 22 horas por semana a 40, que adem\u00e1s ri\u00f1e con el concepto de autonom\u00eda escolar donde este ejerce su oficio en el marco de asignaturas y proyectos educativos. En el mismo sentido se\u00f1alan que el gobierno de Santos coarta las posibilidades de ascenso de los nuevos profesores, ya que a trav\u00e9s del Decreto 915 de 2016 niega sus derechos de carrera, y que en la pr\u00e1ctica elimina la evaluaci\u00f3n diagn\u00f3stica formativa que les permite superar debilidades trav\u00e9s de nuevas capacitaciones.<\/p>\n<p>De lo anterior no puede concluirse algo diferente a que los profesores tienen raz\u00f3n en sus reclamos. Durante d\u00e9cadas el sector educativo ha funcionado a medias, ha resuelto sus problemas apret\u00e1ndose el cintur\u00f3n y han sido los ni\u00f1os y j\u00f3venes colombianos los m\u00e1s perjudicados. El gobierno, de no considerar sus reclamos, estar\u00eda perpetrando una nueva pol\u00edtica anti educativa, mientras que nos sigue vendiendo humo con el eslogan de que Colombia ser\u00e1 la m\u00e1s educada de Am\u00e9rica Latina a 2025. Los h\u00e9roes en Colombia s\u00ed existen, y son los profesores.<\/p>\n","protected":false},"excerpt":{"rendered":"<p>Amaury N\u00fa\u00f1ez Gonz\u00e1lez,\u00a0http:\/\/lasillavacia.com\/, Medell\u00edn, mayo 16 de 2017 Encontr\u00e9 en Twitter el reto de la ballena m\u00e1s educada, donde son cinco los obst\u00e1culos que cada profesor y\u00a0estudiante deben\u00a0superar en el sistema educativo: sobrevivir sin un salario digno, que los estudiantes aguanten la jornada \u00fanica con hambre, brindar educaci\u00f3n de calidad sin recursos, ir al m\u00e9dico [&hellip;]<\/p>\n","protected":false},"author":1,"featured_media":12414,"comment_status":"open","ping_status":"open","sticky":false,"template":"","format":"standard","meta":{"advanced_seo_description":"","jetpack_seo_html_title":"","jetpack_seo_noindex":false,"_jetpack_memberships_contains_paid_content":false,"footnotes":""},"categories":[76,102,103,97,98,109,11],"tags":[],"class_list":["post-12413","post","type-post","status-publish","format-standard","has-post-thumbnail","hentry","category-ciencia","category-economia","category-educacion","category-imperialismo-y-neoliberalismo","category-politica","category-sindical","category-tribuna-magisterial"],"jetpack_featured_media_url":"https:\/\/i0.wp.com\/moir.com.co\/web\/wp-content\/uploads\/2017\/05\/fecode5.jpg?fit=2816%2C2112&ssl=1","jetpack-related-posts":[{"id":5877,"url":"https:\/\/moir.com.co\/web\/a-recreo\/","url_meta":{"origin":12413,"position":0},"title":"A recreo","author":"admin","date":"agosto 29, 2011","format":false,"excerpt":"Esas dos palabras resumen la felicidad. Cuando suena la campana \u2013ahora timbre- resuenan en las aulas de primaria dando alas a los ni\u00f1os. En bachillerato -palabra m\u00e1s bella que la postergada de secundaria- se habla de descanso y a \u00e9l se sale con ademanes reposados pero con id\u00e9ntico contento. Pero\u2026","rel":"","context":"En \u00abTemas\u00bb","block_context":{"text":"Temas","link":"https:\/\/moir.com.co\/web\/category\/temas\/"},"img":{"alt_text":"","src":"","width":0,"height":0},"classes":[]},{"id":2263,"url":"https:\/\/moir.com.co\/web\/defendamos-una-educacion-publica-y-de-calidad-para-todos\/","url_meta":{"origin":12413,"position":1},"title":"DEFENDAMOS UNA EDUCACI\u00d3N P\u00daBLICA Y DE CALIDAD PARA TODOS","author":"admin","date":"abril 11, 2008","format":false,"excerpt":"OCE-Kennedy, Bogot\u00e1, abril de 2008 Mientras el gobierno de \u00c1lvaro Uribe V\u00e9lez vuelca un alud de demagogia sobre la calidad de la educaci\u00f3n colombiana, la arremetida neoliberal se hace cada vez m\u00e1s fuerte. Se han dictado una serie de medidas que van en detrimento de la calidad educativa. Ejemplo de\u2026","rel":"","context":"En \u00abJuventud Patri\u00f3tica\u00bb","block_context":{"text":"Juventud Patri\u00f3tica","link":"https:\/\/moir.com.co\/web\/category\/juventud-patriotica\/"},"img":{"alt_text":"","src":"","width":0,"height":0},"classes":[]},{"id":13498,"url":"https:\/\/moir.com.co\/web\/la-universidad-de-pamplona-es-ejemplo-de-como-no-hacer-politica-educativa-robledo\/","url_meta":{"origin":12413,"position":2},"title":"\u201cLa Universidad de Pamplona es ejemplo de c\u00f3mo no hacer pol\u00edtica educativa\u201d: Robledo","author":"admin","date":"octubre 12, 2017","format":false,"excerpt":"Oficina de prensa del senador Jorge Enrique Robledo, Bogot\u00e1, octubre 11 de 2017 A prop\u00f3sito del paro que adelanta la comunidad acad\u00e9mica de la Universidad de Pamplona en Norte de Santander y de la jornada nacional de movilizaci\u00f3n del sector educativo que se lleva a cabo hoy 12 de octubre,\u2026","rel":"","context":"En \u00abEconom\u00eda\u00bb","block_context":{"text":"Econom\u00eda","link":"https:\/\/moir.com.co\/web\/category\/temas\/economia\/"},"img":{"alt_text":"","src":"https:\/\/i0.wp.com\/moir.com.co\/web\/wp-content\/uploads\/2017\/10\/unipamplonamovilizacion.png?fit=768%2C311&ssl=1&resize=350%2C200","width":350,"height":200,"srcset":"https:\/\/i0.wp.com\/moir.com.co\/web\/wp-content\/uploads\/2017\/10\/unipamplonamovilizacion.png?fit=768%2C311&ssl=1&resize=350%2C200 1x, https:\/\/i0.wp.com\/moir.com.co\/web\/wp-content\/uploads\/2017\/10\/unipamplonamovilizacion.png?fit=768%2C311&ssl=1&resize=525%2C300 1.5x, https:\/\/i0.wp.com\/moir.com.co\/web\/wp-content\/uploads\/2017\/10\/unipamplonamovilizacion.png?fit=768%2C311&ssl=1&resize=700%2C400 2x"},"classes":[]},{"id":9281,"url":"https:\/\/moir.com.co\/web\/la-mala-educacion-es-una-politica-de-estado-en-colombia-senador-robledo\/","url_meta":{"origin":12413,"position":3},"title":"La mala educaci\u00f3n es una pol\u00edtica de Estado en Colombia: senador Robledo","author":"admin","date":"abril 8, 2015","format":false,"excerpt":"Homenaje a Carlos Gaviria; que el gobierno resuelva el nombramiento de docentes; lo que hay es un mar de mediocridad; bases de cualquier sistema educativo son los docentes; nombre Ser Pilo Paga es segregacionista; hay que movilizarse porque la educaci\u00f3n sea un derecho universal, de alta calidad y gratuito. Con\u2026","rel":"","context":"En \u00abJorge Enrique Robledo\u00bb","block_context":{"text":"Jorge Enrique Robledo","link":"https:\/\/moir.com.co\/web\/category\/jorge-enrique-robledo\/"},"img":{"alt_text":"","src":"","width":0,"height":0},"classes":[]},{"id":9298,"url":"https:\/\/moir.com.co\/web\/robledo-se-solidariza-con-los-educadores-colombianos\/","url_meta":{"origin":12413,"position":4},"title":"Robledo se solidariza con los educadores colombianos","author":"admin","date":"abril 14, 2015","format":false,"excerpt":"Fecode saldr\u00e1 a paro indefinido el pr\u00f3ximo mi\u00e9rcoles 22 de abril; el pliego de peticiones es justo; Fecode defiende la educaci\u00f3n universal, p\u00fablica, de alta calidad y gratuita; que el gobierno Santos atienda las justas peticiones de los educadores colombianos El 24 de febrero pasado la Federaci\u00f3n Colombiana de Educadores,\u2026","rel":"","context":"En \u00abJorge Enrique Robledo\u00bb","block_context":{"text":"Jorge Enrique Robledo","link":"https:\/\/moir.com.co\/web\/category\/jorge-enrique-robledo\/"},"img":{"alt_text":"","src":"","width":0,"height":0},"classes":[]},{"id":4809,"url":"https:\/\/moir.com.co\/web\/es-el-dinero\/","url_meta":{"origin":12413,"position":5},"title":"Es el dinero","author":"admin","date":"septiembre 19, 2010","format":false,"excerpt":"Ahora que hemos cambiado de gobierno, muchos creen con ingenuidad que algo hay de Santos a Uribe o de Mar\u00eda Cecilia V\u00e9lez a Mar\u00eda Fernanda Campo. Como la nueva ministra promete una cumbre para mejorar la calidad de la educaci\u00f3n y le cuenta a Yamid que encuentra lamentable los resultados\u2026","rel":"","context":"En \u00abTemas\u00bb","block_context":{"text":"Temas","link":"https:\/\/moir.com.co\/web\/category\/temas\/"},"img":{"alt_text":"","src":"","width":0,"height":0},"classes":[]}],"jetpack_sharing_enabled":true,"_links":{"self":[{"href":"https:\/\/moir.com.co\/web\/wp-json\/wp\/v2\/posts\/12413","targetHints":{"allow":["GET"]}}],"collection":[{"href":"https:\/\/moir.com.co\/web\/wp-json\/wp\/v2\/posts"}],"about":[{"href":"https:\/\/moir.com.co\/web\/wp-json\/wp\/v2\/types\/post"}],"author":[{"embeddable":true,"href":"https:\/\/moir.com.co\/web\/wp-json\/wp\/v2\/users\/1"}],"replies":[{"embeddable":true,"href":"https:\/\/moir.com.co\/web\/wp-json\/wp\/v2\/comments?post=12413"}],"version-history":[{"count":0,"href":"https:\/\/moir.com.co\/web\/wp-json\/wp\/v2\/posts\/12413\/revisions"}],"wp:featuredmedia":[{"embeddable":true,"href":"https:\/\/moir.com.co\/web\/wp-json\/wp\/v2\/media\/12414"}],"wp:attachment":[{"href":"https:\/\/moir.com.co\/web\/wp-json\/wp\/v2\/media?parent=12413"}],"wp:term":[{"taxonomy":"category","embeddable":true,"href":"https:\/\/moir.com.co\/web\/wp-json\/wp\/v2\/categories?post=12413"},{"taxonomy":"post_tag","embeddable":true,"href":"https:\/\/moir.com.co\/web\/wp-json\/wp\/v2\/tags?post=12413"}],"curies":[{"name":"wp","href":"https:\/\/api.w.org\/{rel}","templated":true}]}}