{"id":12411,"date":"2017-05-15T18:19:52","date_gmt":"2017-05-15T18:19:52","guid":{"rendered":"https:\/\/moir.org.co\/web\/?p=12411"},"modified":"2017-05-15T18:19:52","modified_gmt":"2017-05-15T18:19:52","slug":"gobierno-atienda-los-reclamos-del-magisterio-los-trabajadores-estatales-y-la-poblacion","status":"publish","type":"post","link":"https:\/\/moir.com.co\/web\/gobierno-atienda-los-reclamos-del-magisterio-los-trabajadores-estatales-y-la-poblacion\/","title":{"rendered":"Gobierno, atienda los reclamos del magisterio, los trabajadores estatales y la poblaci\u00f3n"},"content":{"rendered":"<p><strong>El\u00edas Fonseca Cortina, Ejecutivo CUT, Bogot\u00e1, mayo 15 de 2017<\/strong><\/p>\n<p>Expresamos el rechazo a las reiteradas respuestas del gobierno que ante las peticiones de los maestros, se\u00f1ala la manida frase de que no hay plata, soslayando que adem\u00e1s de las peticiones econ\u00f3micas, se solicitan importantes cambios en la pol\u00edtica educativa.<\/p>\n<p>El ministro de hacienda Mauricio C\u00e1rdenas, como es recurrente en el gobierno de Santos, solt\u00f3 un sartal de mentiras sobre las razones del paro nacional del magisterio que se inici\u00f3 hoy con rotundo \u00e9xito en todo el pa\u00eds; en entrevista radial esta ma\u00f1ana, sostuvo que la raz\u00f3n principal del paro de los maestros es la nivelaci\u00f3n salarial y que ya est\u00e1 estaba resuelta en los acuerdos del pliego del 2015. Al respecto es necesario precisar que los docentes son los trabajadores del estado que devengan menos salario por su trabajo en comparaci\u00f3n con el resto de empleados p\u00fablicos del mismo nivel profesional; esto se empez\u00f3 a corregir en el acuerdo citado, pero a\u00fan no ha concluido esta nivelaci\u00f3n, quedando establecido que en la negociaci\u00f3n de pliego 2017 se avanzar\u00eda en este tema, por esa raz\u00f3n, en el pliego actual se ha colocado el punto de finalizaci\u00f3n de la nivelaci\u00f3n, determinando un porcentaje adicional a los aumentos salariales de los a\u00f1os 2020 y 2021. Este es solo uno de los puntos que en materia econ\u00f3mica ha planteado Fecode.<\/p>\n<p>Oculta el ministro que en el pliego nacional de los servidores estatales se ha exigido por las centrales y federaciones de trabajadores la petici\u00f3n de un aumento salarial para el presente a\u00f1o equivalente a la inflaci\u00f3n m\u00e1s un 5%, en contrav\u00eda a la rid\u00edcula propuesta del gobierno en la mesa de negociaciones de aumentar solo el IPC m\u00e1s 0,15%, situaci\u00f3n que hemos rechazado de plano por que no se compadece con los estragos causados ya por la lesiva reforma tributaria aprobada por el gobierno de Santos a fines del a\u00f1o pasado, el aumento del precio del gal\u00f3n de gasolina y los excesivos aumentos del transporte p\u00fablico entre otros.<\/p>\n<p>En el pliego de peticiones de Fecode est\u00e1 un punto primordial para la poblaci\u00f3n, es el derecho a la educaci\u00f3n p\u00fablica de calidad y financiada adecuadamente por el estado, con la exigencia de aumentar el presupuesto de educaci\u00f3n para este a\u00f1o, y destinar el 7% del PIB para la educaci\u00f3n, que garantice la jornada \u00fanica como debe ser, con infraestructura educativa, alimentaci\u00f3n escolar, transporte y dem\u00e1s condiciones indispensables para el ejercicio de la labor educativa.<\/p>\n<p>En cuanto al pliego nacional estatal, La Central Unitaria de Trabajadores exige al gobierno la conformaci\u00f3n inmediata de la mesa nacional unificada de negociaci\u00f3n, habida cuenta de que ya se presentaron por parte de las centrales CUT, CGT Y CTC los censos sindicales pedidos y que proceda a determinar la representaci\u00f3n m\u00ednima a que tendr\u00edan derecho las cuatro centrales minoritarias que han pedido a trav\u00e9s de tutela su participaci\u00f3n en la mesa de negociaci\u00f3n. Por todas las razones expuestas, queda en manos del gobierno el reinicio de la negociaci\u00f3n del pliego nacional estatal y la soluci\u00f3n a los paros en curso en los sectores de trabajadores estatales, sociales, c\u00edvicos y populares que se desarrollan en el pa\u00eds, caracterizados por la civilidad y la masiva participaci\u00f3n de sus protagonistas, entre ellos el paro c\u00edvico del Choco, las movilizaciones en Buenaventura, la protesta de los taxistas de todo el pa\u00eds, la exigencia de la aprobaci\u00f3n de la revocatoria de Pe\u00f1alosa en Bogot\u00e1 entre otros.<\/p>\n<p>Hacemos un llamado a todos los trabajadores, sectores sociales y populares a participar de las actividades que se realizan en favor de las peticiones hoy de los maestros, el pr\u00f3ximo 16 de mayo de los trabajadores estatales, el 17 de mayo del pueblo de Barrancabermeja en defensa de Ecopetrol y la refiner\u00eda y de las cada vez m\u00e1s crecientes reclamaciones de los distintos sectores ciudadanos.<\/p>\n","protected":false},"excerpt":{"rendered":"<p>El\u00edas Fonseca Cortina, Ejecutivo CUT, Bogot\u00e1, mayo 15 de 2017 Expresamos el rechazo a las reiteradas respuestas del gobierno que ante las peticiones de los maestros, se\u00f1ala la manida frase de que no hay plata, soslayando que adem\u00e1s de las peticiones econ\u00f3micas, se solicitan importantes cambios en la pol\u00edtica educativa. El ministro de hacienda Mauricio [&hellip;]<\/p>\n","protected":false},"author":1,"featured_media":12335,"comment_status":"open","ping_status":"open","sticky":false,"template":"","format":"standard","meta":{"advanced_seo_description":"","jetpack_seo_html_title":"","jetpack_seo_noindex":false,"_jetpack_memberships_contains_paid_content":false,"footnotes":""},"categories":[102,103,97,98,109,11],"tags":[],"class_list":["post-12411","post","type-post","status-publish","format-standard","has-post-thumbnail","hentry","category-economia","category-educacion","category-imperialismo-y-neoliberalismo","category-politica","category-sindical","category-tribuna-magisterial"],"jetpack_featured_media_url":"https:\/\/i0.wp.com\/moir.com.co\/web\/wp-content\/uploads\/2017\/05\/tribmag7.jpg?fit=720%2C540&ssl=1","jetpack-related-posts":[{"id":9348,"url":"https:\/\/moir.com.co\/web\/el-vallenato-le-da-la-razon-a-los-maestros-viva-el-paro-nacional-del-magisterio\/","url_meta":{"origin":12411,"position":0},"title":"El Vallenato le da la raz\u00f3n a los Maestros: \u00a1viva el paro nacional del magisterio!","author":"admin","date":"mayo 3, 2015","format":false,"excerpt":"\u201cEl maestro va a la escuela diariamente no le importa que critiquen su aguerrida voluntad y hay que aplaudir a esa gente tan valiente que tienen tan mala suerte que ni les quieren pagar\u201d Los Maestros \u2013 Hernando Mar\u00edn El 22 de abril comenz\u00f3 el paro nacional indefinido del Magisterio\u2026","rel":"","context":"En \u00abTemas\u00bb","block_context":{"text":"Temas","link":"https:\/\/moir.com.co\/web\/category\/temas\/"},"img":{"alt_text":"","src":"","width":0,"height":0},"classes":[]},{"id":12408,"url":"https:\/\/moir.com.co\/web\/en-el-paro-nacional-feliz-dia-del-maestro\/","url_meta":{"origin":12411,"position":1},"title":"En el Paro Nacional Feliz D\u00eda del Maestro","author":"admin","date":"mayo 15, 2017","format":false,"excerpt":"Tribuna Magisterial, Bogot\u00e1, mayo 15 de 2017 Tribuna Magisterial felicita a todo el magisterio colombiano en su d\u00eda, haciendo un llamado a fortalecer las acciones del Paro Nacional del magisterio en defensa de los pliegos de peticiones presentados al gobierno, que contienen las principales reivindicaciones en materia laboral y en\u2026","rel":"","context":"En \u00abEducaci\u00f3n\u00bb","block_context":{"text":"Educaci\u00f3n","link":"https:\/\/moir.com.co\/web\/category\/temas\/educacion\/"},"img":{"alt_text":"","src":"https:\/\/i0.wp.com\/moir.com.co\/web\/wp-content\/uploads\/2017\/05\/fecodeparo2017.jpg?fit=780%2C514&ssl=1&resize=350%2C200","width":350,"height":200,"srcset":"https:\/\/i0.wp.com\/moir.com.co\/web\/wp-content\/uploads\/2017\/05\/fecodeparo2017.jpg?fit=780%2C514&ssl=1&resize=350%2C200 1x, https:\/\/i0.wp.com\/moir.com.co\/web\/wp-content\/uploads\/2017\/05\/fecodeparo2017.jpg?fit=780%2C514&ssl=1&resize=525%2C300 1.5x, https:\/\/i0.wp.com\/moir.com.co\/web\/wp-content\/uploads\/2017\/05\/fecodeparo2017.jpg?fit=780%2C514&ssl=1&resize=700%2C400 2x"},"classes":[]},{"id":8419,"url":"https:\/\/moir.com.co\/web\/el-magisterio-se-prepara-para-el-paro-nacional\/","url_meta":{"origin":12411,"position":2},"title":"El magisterio se prepara para el paro nacional","author":"admin","date":"mayo 6, 2014","format":false,"excerpt":"La pol\u00edtica educativa del Gobierno de Santos es acelerar y profundizar la privatizaci\u00f3n en todos los niveles, adecuar la educaci\u00f3n a los intereses de las multinacionales y el capital financiero y destruir lo que queda de los derechos del magisterio. En ese \u00faltimo aspecto ya se han hecho p\u00fablicas las\u2026","rel":"","context":"En \u00abTribuna Magisterial\u00bb","block_context":{"text":"Tribuna Magisterial","link":"https:\/\/moir.com.co\/web\/category\/tribuna-magisterial\/"},"img":{"alt_text":"","src":"","width":0,"height":0},"classes":[]},{"id":7511,"url":"https:\/\/moir.com.co\/web\/razones-para-el-paro-nacional-indefinido-del-magisterio-colombiano\/","url_meta":{"origin":12411,"position":3},"title":"Razones para el Paro Nacional Indefinido del magisterio colombiano","author":"admin","date":"abril 29, 2013","format":false,"excerpt":"La pol\u00edtica de Santos agrava el deterioro del sector educativo nacional. Aumenta arbitrariamente la jornada laboral en los centros educativos y les entrega facultades a los rectores para ejercer control policivo y asfixiante, incluida la Directiva Ministerial 02 de 2012, que autoriza negar permisos laborales. Profundiza la privatizaci\u00f3n con los\u2026","rel":"","context":"En \u00abTribuna Magisterial\u00bb","block_context":{"text":"Tribuna Magisterial","link":"https:\/\/moir.com.co\/web\/category\/tribuna-magisterial\/"},"img":{"alt_text":"","src":"","width":0,"height":0},"classes":[]},{"id":9161,"url":"https:\/\/moir.com.co\/web\/26-de-febrero-comenzo-la-gran-batalla-del-magisterio-colombiano\/","url_meta":{"origin":12411,"position":4},"title":"26 de febrero: comenz\u00f3 la gran batalla del magisterio colombiano","author":"admin","date":"marzo 3, 2015","format":false,"excerpt":"La movilizaci\u00f3n para presentar los pliegos de peticiones de Fecode y el Sector Estatal fue, por su n\u00famero, combatividad y claridad, la m\u00e1s importante de los \u00faltimos a\u00f1os, corroborando el ascenso del esp\u00edritu de lucha de los maestros y la unidad creciente de los trabajadores del Estado, que no le\u2026","rel":"","context":"En \u00abTribuna Magisterial\u00bb","block_context":{"text":"Tribuna Magisterial","link":"https:\/\/moir.com.co\/web\/category\/tribuna-magisterial\/"},"img":{"alt_text":"","src":"","width":0,"height":0},"classes":[]},{"id":12400,"url":"https:\/\/moir.com.co\/web\/programa-radial-de-tribuna-magisterial-mayo-14-de-2017\/","url_meta":{"origin":12411,"position":5},"title":"Programa Radial de Tribuna Magisterial, mayo 14 de 2017","author":"admin","date":"mayo 15, 2017","format":"audio","excerpt":"Bogot\u00e1, mayo 14 de 2017 En el programa del 14 de mayo de 2017, Pedro Jim\u00e9nez conductor del programa motiv\u00f3 a la audiencia a movilizarse en el marco del Paro Nacional del Magisterio. Tambi\u00e9n, present\u00f3 la intervenci\u00f3n del Senador del Polo Democr\u00e1tico Alternativo Jorge Enrique Robledo en la ciudad de\u2026","rel":"","context":"En \u00abBogot\u00e1\u00bb","block_context":{"text":"Bogot\u00e1","link":"https:\/\/moir.com.co\/web\/category\/temas\/bogota\/"},"img":{"alt_text":"","src":"https:\/\/i0.wp.com\/moir.com.co\/web\/wp-content\/uploads\/2016\/12\/maestroscalle26.jpg?fit=555%2C370&ssl=1&resize=350%2C200","width":350,"height":200,"srcset":"https:\/\/i0.wp.com\/moir.com.co\/web\/wp-content\/uploads\/2016\/12\/maestroscalle26.jpg?fit=555%2C370&ssl=1&resize=350%2C200 1x, https:\/\/i0.wp.com\/moir.com.co\/web\/wp-content\/uploads\/2016\/12\/maestroscalle26.jpg?fit=555%2C370&ssl=1&resize=525%2C300 1.5x"},"classes":[]}],"jetpack_sharing_enabled":true,"_links":{"self":[{"href":"https:\/\/moir.com.co\/web\/wp-json\/wp\/v2\/posts\/12411","targetHints":{"allow":["GET"]}}],"collection":[{"href":"https:\/\/moir.com.co\/web\/wp-json\/wp\/v2\/posts"}],"about":[{"href":"https:\/\/moir.com.co\/web\/wp-json\/wp\/v2\/types\/post"}],"author":[{"embeddable":true,"href":"https:\/\/moir.com.co\/web\/wp-json\/wp\/v2\/users\/1"}],"replies":[{"embeddable":true,"href":"https:\/\/moir.com.co\/web\/wp-json\/wp\/v2\/comments?post=12411"}],"version-history":[{"count":0,"href":"https:\/\/moir.com.co\/web\/wp-json\/wp\/v2\/posts\/12411\/revisions"}],"wp:featuredmedia":[{"embeddable":true,"href":"https:\/\/moir.com.co\/web\/wp-json\/wp\/v2\/media\/12335"}],"wp:attachment":[{"href":"https:\/\/moir.com.co\/web\/wp-json\/wp\/v2\/media?parent=12411"}],"wp:term":[{"taxonomy":"category","embeddable":true,"href":"https:\/\/moir.com.co\/web\/wp-json\/wp\/v2\/categories?post=12411"},{"taxonomy":"post_tag","embeddable":true,"href":"https:\/\/moir.com.co\/web\/wp-json\/wp\/v2\/tags?post=12411"}],"curies":[{"name":"wp","href":"https:\/\/api.w.org\/{rel}","templated":true}]}}