{"id":12403,"date":"2017-05-15T17:35:17","date_gmt":"2017-05-15T17:35:17","guid":{"rendered":"https:\/\/moir.org.co\/web\/?p=12403"},"modified":"2017-05-15T17:35:17","modified_gmt":"2017-05-15T17:35:17","slug":"el-fracaso-comercial-colombiano","status":"publish","type":"post","link":"https:\/\/moir.com.co\/web\/el-fracaso-comercial-colombiano\/","title":{"rendered":"El fracaso comercial colombiano"},"content":{"rendered":"<p><strong>Mario Alejandro Valencia,\u00a0las2orillas.co, Bogot\u00e1, mayo 15 de 2017<\/strong><\/p>\n<p>El objetivo m\u00e1s importante de Procolombia es el de impulsar las exportaciones no tradicionales de Colombia. Tambi\u00e9n de promover el turismo y la inversi\u00f3n extranjera. Durante 2010 y 2016 su presidenta fue la actual ministra Mar\u00eda Claudia Lacouture. Para cumplir el objetivo, la entonces presidenta de Procolombia realiz\u00f3 durante su mandato 361 viajes, de los cuales 108 fueron internacionales y en total costaron al pa\u00eds $ 10 026 millones de recursos p\u00fablicos.<\/p>\n<p>Entre estos viajes se cuenta, por ejemplo, uno que realiz\u00f3 la funcionaria el 14 de noviembre de 2015 a Manila a la reuni\u00f3n de la APEC \u2013al que no pertenece Colombia-, despu\u00e9s a Malasia \u2013a donde exportamos USD 1,7 millones en bienes no tradicionales-, y a China \u2013desde donde importamos USD 8631 millones frente a USD 10 millones de exportaciones no tradicionales (chatarra de aluminio, glicerol para hacer jab\u00f3n y madera); solo ese paseo cost\u00f3 $ 66 millones. Y otro a la cumbre de Davos en Suiza el 19 de enero de 2015 que cost\u00f3 $ 44,7 millones; \u00bfalguien sabr\u00e1 en el Foro Econ\u00f3mico Mundial qu\u00e9 es Procolombia? \u00bfTendr\u00e1 alguna importancia para los negocios de Colombia que la presidenta de Procolombia llegue en limosina?<\/p>\n<p>A pesar de semejantes correr\u00edas de la se\u00f1ora Lacouture y que las oficinas comerciales de Procolombia en el exterior costaron USD 109 millones entre 2010 y 2016, en ese mismo periodo las exportaciones no tradicionales cayeron USD 718 millones. As\u00ed fue la gesti\u00f3n de la actual ministra.<\/p>\n<p>Lo cierto es que la pol\u00edtica comercial de Colombia fracas\u00f3. Todos lo sabemos, menos la ministra, quien entre viaje y viaje le queda poco tiempo para consultar la crisis de la producci\u00f3n nacional, por cuenta de la cual hoy la proporci\u00f3n entre exportaciones mineras y no mineras hacia EE.UU. es de 61 % contra 39 %, peor que en 1991.<\/p>\n<p>Al cumplirse 5 a\u00f1os de la implementaci\u00f3n del TLC con EE.UU., la ministra Lacouture afirm\u00f3 que los muchos <a href=\"http:\/\/www.portafolio.co\/economia\/ya-no-somos-solo-cafe-flores-y-petroleo-para-estados-unidos-505677\">beneficios de ese acuerdo<\/a> est\u00e1n relacionados con \u201cestabilidad, cobertura, volumen, diversificaci\u00f3n, presencia, confianza e imagen\u201d. Desde luego todo puede estar sujeto a interpretaci\u00f3n, pero las estad\u00edsticas del DANE no la acompa\u00f1an. Un <a href=\"http:\/\/cedetrabajo.org\/blog\/2017\/05\/08\/14095\/\">estudio de Cedetrabajo<\/a> compila los resultados verdaderos: se perdieron $ 22 billones en comercio, las exportaciones cayeron m\u00e1s de la mitad, el 96% de lo que se exporta son productos tradicionales \u2013los mismos que se vend\u00edan antes del TLC-, 3,6% de los exportadores concentran el 61% de las exportaciones y se han perdido 150 000 empleos de sectores productivos en Colombia.<\/p>\n<p>Al pr\u00f3ximo gobierno \u2013porque el actual nunca tuvo la voluntad pol\u00edtica de hacerlo- le tocar\u00e1 evaluar el papel de Procolombia, que cuesta al erario $ 140 000 millones al a\u00f1o con resultados lamentables. Esto implicar\u00e1 un necesario cambio de la pol\u00edtica comercial del pa\u00eds, que parta del est\u00edmulo a la agricultura y la industria para contar con bienes sofisticados y complejos que ofrecerle al mundo (ciertamente con m\u00e1s valor agregado que las uchuvas) y dejar de echar cuentos sobre los beneficios de los p\u00e9simos negocios de los TLC. Negocios que son la explicaci\u00f3n de la crisis, que provoca un ambiente de inconformismo y explica las actuales movilizaciones sociales.<\/p>\n","protected":false},"excerpt":{"rendered":"<p>Mario Alejandro Valencia,\u00a0las2orillas.co, Bogot\u00e1, mayo 15 de 2017 El objetivo m\u00e1s importante de Procolombia es el de impulsar las exportaciones no tradicionales de Colombia. Tambi\u00e9n de promover el turismo y la inversi\u00f3n extranjera. Durante 2010 y 2016 su presidenta fue la actual ministra Mar\u00eda Claudia Lacouture. Para cumplir el objetivo, la entonces presidenta de Procolombia [&hellip;]<\/p>\n","protected":false},"author":1,"featured_media":0,"comment_status":"open","ping_status":"open","sticky":false,"template":"","format":"standard","meta":{"advanced_seo_description":"","jetpack_seo_html_title":"","jetpack_seo_noindex":false,"_jetpack_memberships_contains_paid_content":false,"footnotes":""},"categories":[102,97,98],"tags":[],"class_list":["post-12403","post","type-post","status-publish","format-standard","hentry","category-economia","category-imperialismo-y-neoliberalismo","category-politica"],"jetpack_featured_media_url":"","jetpack-related-posts":[{"id":11651,"url":"https:\/\/moir.com.co\/web\/donde-estan-los-140-000-millones-de-procolombia\/","url_meta":{"origin":12403,"position":0},"title":"\u00bfD\u00f3nde est\u00e1n los $140 000 millones de Procolombia?","author":"admin","date":"febrero 6, 2017","format":false,"excerpt":"Mario Alejandro Valencia, Las2orillas, febrero 6 de 2017 El 20 de septiembre de 2016 envi\u00e9 un derecho de petici\u00f3n a Procolombia, pensando que era una entidad p\u00fablica y amparado en el art\u00edculo 23 de la Constituci\u00f3n, de acceso a la informaci\u00f3n. Para mi sorpresa, el 4 de octubre la entidad\u2026","rel":"","context":"En \u00abEconom\u00eda\u00bb","block_context":{"text":"Econom\u00eda","link":"https:\/\/moir.com.co\/web\/category\/temas\/economia\/"},"img":{"alt_text":"","src":"","width":0,"height":0},"classes":[]},{"id":7191,"url":"https:\/\/moir.com.co\/web\/tlc-con-la-union-europea-que-vamos-a-exportar\/","url_meta":{"origin":12403,"position":1},"title":"TLC con la Uni\u00f3n Europea, \u00bfQu\u00e9 vamos a exportar?","author":"admin","date":"enero 28, 2013","format":false,"excerpt":"El pr\u00f3ximo 28 de enero se activar\u00e1 la Cl\u00e1usula de Aplicaci\u00f3n Provisional del Acuerdo de libre comercio con la Uni\u00f3n Europea aprobada en marzo del a\u00f1o pasado, esta cl\u00e1usula permitir\u00e1 que el acuerdo entre en vigor pese a no haber sido aprobado a\u00fan por el Congreso colombiano. En medio de\u2026","rel":"","context":"En \u00abPronunciamientos de Organizaciones Sociales\u00bb","block_context":{"text":"Pronunciamientos de Organizaciones Sociales","link":"https:\/\/moir.com.co\/web\/category\/pronunciamientos-de-organizaciones-sociales\/"},"img":{"alt_text":"","src":"","width":0,"height":0},"classes":[]},{"id":13016,"url":"https:\/\/moir.com.co\/web\/colombia-sociedad-anonima\/","url_meta":{"origin":12403,"position":2},"title":"Colombia, Sociedad An\u00f3nima","author":"admin","date":"agosto 1, 2017","format":false,"excerpt":"Mario Alejandro Valencia, Bogot\u00e1, julio 31 de 2017 Para la mayor\u00eda de la poblaci\u00f3n colombiana sus condiciones de vida podr\u00edan ser mejores en t\u00e9rminos educaci\u00f3n, salud, calidad de empleo y alimentaci\u00f3n, entre otras. Satisfacer estas aspiraciones implica mejores ingresos para la poblaci\u00f3n y para el Estado en t\u00e9rminos tributarios. Pero\u2026","rel":"","context":"En \u00abEconom\u00eda\u00bb","block_context":{"text":"Econom\u00eda","link":"https:\/\/moir.com.co\/web\/category\/temas\/economia\/"},"img":{"alt_text":"","src":"https:\/\/i0.wp.com\/moir.com.co\/web\/wp-content\/uploads\/2017\/08\/inversionextranjera.jpg?fit=700%2C500&ssl=1&resize=350%2C200","width":350,"height":200,"srcset":"https:\/\/i0.wp.com\/moir.com.co\/web\/wp-content\/uploads\/2017\/08\/inversionextranjera.jpg?fit=700%2C500&ssl=1&resize=350%2C200 1x, https:\/\/i0.wp.com\/moir.com.co\/web\/wp-content\/uploads\/2017\/08\/inversionextranjera.jpg?fit=700%2C500&ssl=1&resize=525%2C300 1.5x, https:\/\/i0.wp.com\/moir.com.co\/web\/wp-content\/uploads\/2017\/08\/inversionextranjera.jpg?fit=700%2C500&ssl=1&resize=700%2C400 2x"},"classes":[]},{"id":9402,"url":"https:\/\/moir.com.co\/web\/arbol-que-nace-torcido\/","url_meta":{"origin":12403,"position":3},"title":"\u00c1rbol que nace torcido\u2026","author":"admin","date":"mayo 21, 2015","format":false,"excerpt":"Por qu\u00e9 Colombia deber\u00eda renegociar el TLC con Estados Unidos. El pasado 15 de mayo se cumplieron tres a\u00f1os de la aprobaci\u00f3n del TLC con Estados Unidos. Los resultados de su implementaci\u00f3n en este periodo no pod\u00edan ser diferentes, porque el \u00e1rbol se sembr\u00f3 mal desde el principio. El acuerdo\u2026","rel":"","context":"En \u00abTemas\u00bb","block_context":{"text":"Temas","link":"https:\/\/moir.com.co\/web\/category\/temas\/"},"img":{"alt_text":"","src":"","width":0,"height":0},"classes":[]},{"id":10148,"url":"https:\/\/moir.com.co\/web\/tlc-con-ee-uu-se-firmo-con-falsas-promesas-robledo\/","url_meta":{"origin":12403,"position":4},"title":"TLC con EE.UU. se firm\u00f3 con falsas promesas: Robledo","author":"admin","date":"mayo 13, 2016","format":false,"excerpt":"Tras cuatro a\u00f1os de vigencia del TLC con Estados Unidos las cifras confirman su fracaso. Colombia pas\u00f3 de tener en 2011 un super\u00e1vit comercial de USD 8.991 millones a tener en 2015 un d\u00e9ficit de USD 4.940 millones. Al cumplirse cuatro a\u00f1os de vigencia del Tratado de Libre Comercio entre\u2026","rel":"","context":"En \u00abJorge Enrique Robledo\u00bb","block_context":{"text":"Jorge Enrique Robledo","link":"https:\/\/moir.com.co\/web\/category\/jorge-enrique-robledo\/"},"img":{"alt_text":"","src":"","width":0,"height":0},"classes":[]},{"id":3350,"url":"https:\/\/moir.com.co\/web\/la-dolarizacion-es-el-problema\/","url_meta":{"origin":12403,"position":5},"title":"La dolarizaci\u00f3n es el problema","author":"admin","date":"agosto 4, 2009","format":false,"excerpt":"Aunque la Secretar\u00eda de la CAN (Comunidad Andina de Naciones) no aprob\u00f3 la salvaguardia cambiaria en contra de Colombia, invocada por el gobierno de Ecuador, la medida entr\u00f3 en vigencia a partir de julio 13 de 2009. Adem\u00e1s, el Presidente Rafael Correa ha advertido que si es necesario retira al\u2026","rel":"","context":"En \u00abRevista de Prensa\u00bb","block_context":{"text":"Revista de Prensa","link":"https:\/\/moir.com.co\/web\/category\/prensa\/revista-de-prensa\/"},"img":{"alt_text":"","src":"","width":0,"height":0},"classes":[]}],"jetpack_sharing_enabled":true,"_links":{"self":[{"href":"https:\/\/moir.com.co\/web\/wp-json\/wp\/v2\/posts\/12403","targetHints":{"allow":["GET"]}}],"collection":[{"href":"https:\/\/moir.com.co\/web\/wp-json\/wp\/v2\/posts"}],"about":[{"href":"https:\/\/moir.com.co\/web\/wp-json\/wp\/v2\/types\/post"}],"author":[{"embeddable":true,"href":"https:\/\/moir.com.co\/web\/wp-json\/wp\/v2\/users\/1"}],"replies":[{"embeddable":true,"href":"https:\/\/moir.com.co\/web\/wp-json\/wp\/v2\/comments?post=12403"}],"version-history":[{"count":0,"href":"https:\/\/moir.com.co\/web\/wp-json\/wp\/v2\/posts\/12403\/revisions"}],"wp:attachment":[{"href":"https:\/\/moir.com.co\/web\/wp-json\/wp\/v2\/media?parent=12403"}],"wp:term":[{"taxonomy":"category","embeddable":true,"href":"https:\/\/moir.com.co\/web\/wp-json\/wp\/v2\/categories?post=12403"},{"taxonomy":"post_tag","embeddable":true,"href":"https:\/\/moir.com.co\/web\/wp-json\/wp\/v2\/tags?post=12403"}],"curies":[{"name":"wp","href":"https:\/\/api.w.org\/{rel}","templated":true}]}}