{"id":12397,"date":"2017-05-15T17:17:02","date_gmt":"2017-05-15T17:17:02","guid":{"rendered":"https:\/\/moir.org.co\/web\/?p=12397"},"modified":"2017-05-15T17:17:02","modified_gmt":"2017-05-15T17:17:02","slug":"juez-suspende-venta-de-etb","status":"publish","type":"post","link":"https:\/\/moir.com.co\/web\/juez-suspende-venta-de-etb\/","title":{"rendered":"Juez suspende venta de ETB"},"content":{"rendered":"<p><strong>Oficina de prensa del concejal Manuel Sarmiento, Bogot\u00e1, mayo 15 de 2017<\/strong><\/p>\n<p>El juzgado 4\u00ba Administrativo de Bogot\u00e1 decret\u00f3 las medidas cautelares solicitadas por los cabildantes del Polo, Sintratel\u00e9fonos y Atelca, y orden\u00f3 \u201cla suspensi\u00f3n temporal del procedimiento o actuaci\u00f3n administrativa que actualmente se surte con ocasi\u00f3n del cumplimiento del decreto n\u00famero 207 del 27 de abril de 2017, por medio del cual se aprob\u00f3 el programa de enajenaci\u00f3n de las acciones que el distrito capital y otras entidades poseen en la ETB S.A. E.S. E.S.P.\u201d<\/p>\n<p>La orden del juez se emite en el marco de una demanda de nulidad presentada en contra de la venta de la Empresa de Telecomunicaciones de Bogot\u00e1, por las numerosas ilegalidades en las que incurri\u00f3 el Alcalde.<\/p>\n<p>Seg\u00fan el concejal Manuel Sarmiento,\u00a0la privatizaci\u00f3n de la ETB es abiertamente ilegal porque el Alcalde viol\u00f3 el principio de unidad de materia al introducir la venta como un mico en el Plan de Desarrollo, lo que adem\u00e1s llev\u00f3 a que la iniciativa se tramitara por una comisi\u00f3n que no era competente; vulner\u00f3 el derecho a la participaci\u00f3n ciudadana al no incluir la propuesta de enajenaci\u00f3n en el anteproyecto que radic\u00f3 en el Consejo Territorial de Planeaci\u00f3n; y no present\u00f3\u00a0los estudios t\u00e9cnicos que les permitieran a los concejales tomar decisiones serias e informadas, como lo se\u00f1alaron varios banqueros de inversi\u00f3n. Adem\u00e1s, en el tr\u00e1mite del proyecto se transgredi\u00f3 el reglamento del Concejo porque a los cabildantes del Polo se les impidi\u00f3 intervenir en la discusi\u00f3n del art\u00edculo.<\/p>\n<p>\u201cEs una gran noticia para los capitalinos, quienes seguiremos defendiendo nuestro patrimonio p\u00fablico. Hago un llamado para que la ciudadan\u00eda y los trabajadores de la ETB nos unamos, y nos movilicemos para derrotar esta privatizaci\u00f3n, y para defender lo que nos pertenece\u201d, concluy\u00f3 el concejal del Polo.<\/p>\n","protected":false},"excerpt":{"rendered":"<p>Oficina de prensa del concejal Manuel Sarmiento, Bogot\u00e1, mayo 15 de 2017 El juzgado 4\u00ba Administrativo de Bogot\u00e1 decret\u00f3 las medidas cautelares solicitadas por los cabildantes del Polo, Sintratel\u00e9fonos y Atelca, y orden\u00f3 \u201cla suspensi\u00f3n temporal del procedimiento o actuaci\u00f3n administrativa que actualmente se surte con ocasi\u00f3n del cumplimiento del decreto n\u00famero 207 del 27 [&hellip;]<\/p>\n","protected":false},"author":1,"featured_media":0,"comment_status":"open","ping_status":"open","sticky":false,"template":"","format":"standard","meta":{"advanced_seo_description":"","jetpack_seo_html_title":"","jetpack_seo_noindex":false,"_jetpack_memberships_contains_paid_content":false,"footnotes":""},"categories":[101,102,97,100,98],"tags":[],"class_list":["post-12397","post","type-post","status-publish","format-standard","hentry","category-bogota","category-economia","category-imperialismo-y-neoliberalismo","category-manuel-sarmiento","category-politica"],"jetpack_featured_media_url":"","jetpack-related-posts":[{"id":12854,"url":"https:\/\/moir.com.co\/web\/nulidad-de-la-venta-de-etb-es-un-triunfo-de-todos-los-bogotanos-concejal-manuel-sarmiento\/","url_meta":{"origin":12397,"position":0},"title":"&#8220;Nulidad de la venta de ETB es un triunfo de todos los bogotanos&#8221;: concejal Manuel Sarmiento","author":"admin","date":"julio 11, 2017","format":false,"excerpt":"Oficina de prensa del concejal Manuel Sarmiento, Bogot\u00e1, julio 11 de 2017 El juzgado 4to administrativo de Bogot\u00e1 declar\u00f3 nulo el art\u00edculo 140 del Plan de Desarrollo de Pe\u00f1alosa, que permit\u00eda la privatizaci\u00f3n de la ETB. \u201cEsta decisi\u00f3n es un triunfo enorme de toda la ciudadan\u00eda capitalina y una derrota\u2026","rel":"","context":"En \u00abBogot\u00e1\u00bb","block_context":{"text":"Bogot\u00e1","link":"https:\/\/moir.com.co\/web\/category\/temas\/bogota\/"},"img":{"alt_text":"","src":"https:\/\/i0.wp.com\/moir.com.co\/web\/wp-content\/uploads\/2017\/07\/bogotaetbnosevende.jpg?fit=1200%2C900&ssl=1&resize=350%2C200","width":350,"height":200,"srcset":"https:\/\/i0.wp.com\/moir.com.co\/web\/wp-content\/uploads\/2017\/07\/bogotaetbnosevende.jpg?fit=1200%2C900&ssl=1&resize=350%2C200 1x, https:\/\/i0.wp.com\/moir.com.co\/web\/wp-content\/uploads\/2017\/07\/bogotaetbnosevende.jpg?fit=1200%2C900&ssl=1&resize=525%2C300 1.5x, https:\/\/i0.wp.com\/moir.com.co\/web\/wp-content\/uploads\/2017\/07\/bogotaetbnosevende.jpg?fit=1200%2C900&ssl=1&resize=700%2C400 2x, https:\/\/i0.wp.com\/moir.com.co\/web\/wp-content\/uploads\/2017\/07\/bogotaetbnosevende.jpg?fit=1200%2C900&ssl=1&resize=1050%2C600 3x"},"classes":[]},{"id":12196,"url":"https:\/\/moir.com.co\/web\/juez-admite-demanda-del-polo-y-sintratelefonos-contra-la-venta-de-etb\/","url_meta":{"origin":12397,"position":1},"title":"Juez admite demanda del Polo y Sintratel\u00e9fonos contra la venta de ETB","author":"admin","date":"abril 28, 2017","format":false,"excerpt":"Oficina de prensa del concejal Manuel Sarmiento, Bogot\u00e1, abril 28 de 2017 El Juzgado 4\u00ba Administrativo de Bogot\u00e1 admiti\u00f3 la demanda presentada por los cabildantes del Polo y Sintratel\u00e9fonos contra el art\u00edculo del Plan de Desarrollo que autoriza la venta de la Empresa de Telecomunicaciones de Bogot\u00e1, al encontrar que\u2026","rel":"","context":"En \u00abBogot\u00e1\u00bb","block_context":{"text":"Bogot\u00e1","link":"https:\/\/moir.com.co\/web\/category\/temas\/bogota\/"},"img":{"alt_text":"","src":"https:\/\/i0.wp.com\/moir.com.co\/web\/wp-content\/uploads\/2017\/04\/bogotademandaetb.jpg?fit=1200%2C673&ssl=1&resize=350%2C200","width":350,"height":200,"srcset":"https:\/\/i0.wp.com\/moir.com.co\/web\/wp-content\/uploads\/2017\/04\/bogotademandaetb.jpg?fit=1200%2C673&ssl=1&resize=350%2C200 1x, https:\/\/i0.wp.com\/moir.com.co\/web\/wp-content\/uploads\/2017\/04\/bogotademandaetb.jpg?fit=1200%2C673&ssl=1&resize=525%2C300 1.5x, https:\/\/i0.wp.com\/moir.com.co\/web\/wp-content\/uploads\/2017\/04\/bogotademandaetb.jpg?fit=1200%2C673&ssl=1&resize=700%2C400 2x, https:\/\/i0.wp.com\/moir.com.co\/web\/wp-content\/uploads\/2017\/04\/bogotademandaetb.jpg?fit=1200%2C673&ssl=1&resize=1050%2C600 3x"},"classes":[]},{"id":12991,"url":"https:\/\/moir.com.co\/web\/video-opina-bogota-etb-expertos-debaten-la-venta-de-la-etb-con-la-participacion-del-concejal-del-polo-manuel-sarmiento\/","url_meta":{"origin":12397,"position":2},"title":"Video: Opina Bogot\u00e1-ETB: expertos debaten la venta de la ETB, con la participaci\u00f3n del concejal del Polo Manuel Sarmiento","author":"admin","date":"julio 27, 2017","format":"video","excerpt":"Publicado el 27 jul. 2017,\u00a0http:\/\/www.canalcapital.gov.co\/","rel":"","context":"En \u00abBogot\u00e1\u00bb","block_context":{"text":"Bogot\u00e1","link":"https:\/\/moir.com.co\/web\/category\/temas\/bogota\/"},"img":{"alt_text":"","src":"","width":0,"height":0},"classes":[]},{"id":15467,"url":"https:\/\/moir.com.co\/web\/procuraduria-senala-que-el-concejo-no-podia-autorizar-venta-de-etb-en-el-plan-de-desarrollo\/","url_meta":{"origin":12397,"position":3},"title":"Procuradur\u00eda se\u00f1ala que el Concejo no pod\u00eda autorizar venta de ETB en el Plan de Desarrollo","author":"admin","date":"julio 20, 2018","format":false,"excerpt":"Oficina de prensa del concejal Manuel Sarmiento, Bogot\u00e1, julio 19 de 2018 El ente de control le entreg\u00f3 un concepto al Tribunal Administrativo de Cundinamarca en el que afirma que dicha autorizaci\u00f3n debi\u00f3 tramitarse por un acuerdo distinto. Concepto de la Procuradur\u00eda les da la raz\u00f3n a los demandantes. En\u2026","rel":"","context":"En \u00abBogot\u00e1\u00bb","block_context":{"text":"Bogot\u00e1","link":"https:\/\/moir.com.co\/web\/category\/temas\/bogota\/"},"img":{"alt_text":"","src":"https:\/\/i0.wp.com\/moir.com.co\/web\/wp-content\/uploads\/2018\/07\/ETBprivatizacionpen%CC%83alosa.jpg?fit=700%2C500&ssl=1&resize=350%2C200","width":350,"height":200,"srcset":"https:\/\/i0.wp.com\/moir.com.co\/web\/wp-content\/uploads\/2018\/07\/ETBprivatizacionpen%CC%83alosa.jpg?fit=700%2C500&ssl=1&resize=350%2C200 1x, https:\/\/i0.wp.com\/moir.com.co\/web\/wp-content\/uploads\/2018\/07\/ETBprivatizacionpen%CC%83alosa.jpg?fit=700%2C500&ssl=1&resize=525%2C300 1.5x, https:\/\/i0.wp.com\/moir.com.co\/web\/wp-content\/uploads\/2018\/07\/ETBprivatizacionpen%CC%83alosa.jpg?fit=700%2C500&ssl=1&resize=700%2C400 2x"},"classes":[]},{"id":16559,"url":"https:\/\/moir.com.co\/web\/video-gano-bogota-se-cae-definitivamente-la-venta-de-etb-concejal-manuel-sarmiento\/","url_meta":{"origin":12397,"position":4},"title":"Video: \u00a1GAN\u00d3 BOGOT\u00c1! Se cae definitivamente la venta de ETB: concejal Manuel Sarmiento","author":"admin","date":"diciembre 7, 2018","format":"video","excerpt":"Bogot\u00e1, diciembre 6 de 2018","rel":"","context":"En \u00abBogot\u00e1\u00bb","block_context":{"text":"Bogot\u00e1","link":"https:\/\/moir.com.co\/web\/category\/temas\/bogota\/"},"img":{"alt_text":"","src":"","width":0,"height":0},"classes":[]},{"id":12923,"url":"https:\/\/moir.com.co\/web\/los-reproches-de-el-tiempo-por-fallo-que-anulo-la-venta-de-etb-debe-dirigirlos-contra-el-alcalde-penalosa\/","url_meta":{"origin":12397,"position":5},"title":"Los reproches de El Tiempo por fallo que anul\u00f3 la venta de ETB debe dirigirlos contra el alcalde Pe\u00f1alosa","author":"admin","date":"julio 18, 2017","format":false,"excerpt":"Manuel Sarmiento, concejal Polo Bogot\u00e1, julio 17 de 2017 Doctor ROBERTO POMBO Director de El Tiempo Av. Calle 26 No. 68B \u2013 70 Ciudad Ref.:\u00a0\u00a0 Los reproches de El Tiempo por fallo que anul\u00f3 la venta de ETB debe dirigirlos contra el alcalde Pe\u00f1alosa. Atento saludo. En su editorial del\u2026","rel":"","context":"En \u00abBogot\u00e1\u00bb","block_context":{"text":"Bogot\u00e1","link":"https:\/\/moir.com.co\/web\/category\/temas\/bogota\/"},"img":{"alt_text":"","src":"https:\/\/i0.wp.com\/moir.com.co\/web\/wp-content\/uploads\/2017\/07\/manuelSarmiento.jpg?fit=490%2C350&ssl=1&resize=350%2C200","width":350,"height":200},"classes":[]}],"jetpack_sharing_enabled":true,"_links":{"self":[{"href":"https:\/\/moir.com.co\/web\/wp-json\/wp\/v2\/posts\/12397","targetHints":{"allow":["GET"]}}],"collection":[{"href":"https:\/\/moir.com.co\/web\/wp-json\/wp\/v2\/posts"}],"about":[{"href":"https:\/\/moir.com.co\/web\/wp-json\/wp\/v2\/types\/post"}],"author":[{"embeddable":true,"href":"https:\/\/moir.com.co\/web\/wp-json\/wp\/v2\/users\/1"}],"replies":[{"embeddable":true,"href":"https:\/\/moir.com.co\/web\/wp-json\/wp\/v2\/comments?post=12397"}],"version-history":[{"count":0,"href":"https:\/\/moir.com.co\/web\/wp-json\/wp\/v2\/posts\/12397\/revisions"}],"wp:attachment":[{"href":"https:\/\/moir.com.co\/web\/wp-json\/wp\/v2\/media?parent=12397"}],"wp:term":[{"taxonomy":"category","embeddable":true,"href":"https:\/\/moir.com.co\/web\/wp-json\/wp\/v2\/categories?post=12397"},{"taxonomy":"post_tag","embeddable":true,"href":"https:\/\/moir.com.co\/web\/wp-json\/wp\/v2\/tags?post=12397"}],"curies":[{"name":"wp","href":"https:\/\/api.w.org\/{rel}","templated":true}]}}