{"id":12395,"date":"2017-05-15T17:11:09","date_gmt":"2017-05-15T17:11:09","guid":{"rendered":"https:\/\/moir.org.co\/web\/?p=12395"},"modified":"2017-05-15T17:11:09","modified_gmt":"2017-05-15T17:11:09","slug":"la-justeza-del-paro-del-magisterio","status":"publish","type":"post","link":"https:\/\/moir.com.co\/web\/la-justeza-del-paro-del-magisterio\/","title":{"rendered":"La justeza del paro del magisterio"},"content":{"rendered":"<p><strong>Libardo G\u00f3mez S\u00e1nchez, Neiva, mayo 15 de 2017<\/strong><\/p>\n<p>El salario mensual como maestro de escuela b\u00e1sica de Jorge, que vive en Valpara\u00edso ese bello puerto \u00a0Chileno, es de dos millones y medio en pesos colombianos, lejos de los siete millones que en promedio perciben los docentes de los pa\u00edses miembros de la OCDE, pero un ingreso superior\u00a0 al de Luis, un profesor de los nuevos que diariamente se desplaza de Garz\u00f3n en el Huila a una vereda y por lo que el gobierno le reconoce en su condici\u00f3n de licenciado, una mensualidad cercana al mill\u00f3n setecientos mil pesos.<\/p>\n<p>La calidad de la educaci\u00f3n, est\u00e1 asociada a la relaci\u00f3n de recursos materiales invertidos en el sistema educativo por alumno escolarizado, mientras Espa\u00f1a con su crisis y todo gira anualmente veinti\u00fan millones y medio de pesos por estudiante en la b\u00e1sica primaria, en Colombia el Ministerio de Educaci\u00f3n asigna un mill\u00f3n trescientos setenta mil por ni\u00f1o y en realidad a cada plantel llegan poco m\u00e1s de ochenta y dos mil pesos anuales, con los que deben atender el pago de los servicios de aseo, inform\u00e1tica, papeler\u00eda, proyectos pedag\u00f3gicos, mantenimiento de la infraestructura e imprevistos. Cuando se realizan las pruebas con las que se mide el nivel alcanzado por los educandos, los resultados son lamentables, en especial para quienes provienen de instituciones p\u00fablicas, a ello ha conducido la precaria financiaci\u00f3n y pol\u00edticas como la de doble jornada, que redujo el tiempo de formaci\u00f3n en casi un treinta por ciento menos, por estas razones el magisterio colombiano se ve obligado a entrar en paro para reclamar por la calidad y el respeto de sus derechos, entre ellos un aumento salarial digno.<\/p>\n<p>Luchar apelando a la movilizaci\u00f3n, es el camino adecuado ante un gobierno sordo, que hace alarde de su preocupaci\u00f3n por la poblaci\u00f3n infantil y hasta paga publicidad para promover su slogan \u00a0\u201cla m\u00e1s educada\u201d, pero que mezquina recursos financieros que exige una educaci\u00f3n de calidad. Para descalificar la acci\u00f3n de Fecode, el gobierno aprovecha los medios de comunicaci\u00f3n, lament\u00e1ndose de los ni\u00f1os ausentes de las aulas de clase, acusando al magisterio de intransigente, pero la verdad verdadera es que es evidente el desprecio que sienten quienes nos mal gobiernan por el futuro de nuestros ni\u00f1os y adolescentes, se estima que m\u00e1s de un mill\u00f3n de ni\u00f1os faltan a las aulas por incapacidad de sus padres para enviarlos y otro mill\u00f3n y medio se ve obligado a acudir a instituciones privadas, si en algo apreciamos la formaci\u00f3n de nuestros hijos debemos respaldar a los maestros en sus exigencias.<\/p>\n","protected":false},"excerpt":{"rendered":"<p>Libardo G\u00f3mez S\u00e1nchez, Neiva, mayo 15 de 2017 El salario mensual como maestro de escuela b\u00e1sica de Jorge, que vive en Valpara\u00edso ese bello puerto \u00a0Chileno, es de dos millones y medio en pesos colombianos, lejos de los siete millones que en promedio perciben los docentes de los pa\u00edses miembros de la OCDE, pero un [&hellip;]<\/p>\n","protected":false},"author":1,"featured_media":12335,"comment_status":"open","ping_status":"open","sticky":false,"template":"","format":"standard","meta":{"advanced_seo_description":"","jetpack_seo_html_title":"","jetpack_seo_noindex":false,"_jetpack_memberships_contains_paid_content":false,"footnotes":""},"categories":[102,103,97,98,109],"tags":[],"class_list":["post-12395","post","type-post","status-publish","format-standard","has-post-thumbnail","hentry","category-economia","category-educacion","category-imperialismo-y-neoliberalismo","category-politica","category-sindical"],"jetpack_featured_media_url":"https:\/\/i0.wp.com\/moir.com.co\/web\/wp-content\/uploads\/2017\/05\/tribmag7.jpg?fit=720%2C540&ssl=1","jetpack-related-posts":[{"id":3841,"url":"https:\/\/moir.com.co\/web\/es-realmente-el-icetex-una-opcion-para-la-educacion-de-los-menos-favorecidos-en-el-pais-que-es-y-como-funciona-esta-entidad-financiera\/","url_meta":{"origin":12395,"position":0},"title":"\u00bfEs realmente el ICETEX una opci\u00f3n para la educaci\u00f3n de los menos favorecidos en el pa\u00eds? Que es y c\u00f3mo funciona esta entidad financiera.","author":"admin","date":"diciembre 10, 2009","format":false,"excerpt":"El ICETEX, instituci\u00f3n tan mencionada y famosa por estos d\u00edas debido al presupuesto aprobado por el congreso de la rep\u00fablica para el a\u00f1o 2010, es motivo de debate y controversia. Pero hasta ahora solo se ha mostrado un lado de la moneda. Luego de la aprobaci\u00f3n de un presupuesto que\u2026","rel":"","context":"Entrada similar","block_context":{"text":"Entrada similar","link":""},"img":{"alt_text":"","src":"","width":0,"height":0},"classes":[]},{"id":7064,"url":"https:\/\/moir.com.co\/web\/reforma-tributaria-aumentaria-impuestos-de-profesores-universitarios-en-mas-de-500\/","url_meta":{"origin":12395,"position":1},"title":"Reforma tributaria aumentar\u00eda impuestos de profesores universitarioS en m\u00e1s de 500%","author":"admin","date":"diciembre 4, 2012","format":false,"excerpt":"\u00a1En algunos casos, impuestos aumentan en m\u00e1s de 2.000%! La Federaci\u00f3n Nacional de Profesores Universitarios y el Sistema Universitario Estatal denunciaron que la reforma tributaria propuesta aumenta los impuestos de los profesores universitarios en por lo menos 500%. En la actualidad, el 50% del salario de los profesores proviene de\u2026","rel":"","context":"En \u00abJorge Enrique Robledo\u00bb","block_context":{"text":"Jorge Enrique Robledo","link":"https:\/\/moir.com.co\/web\/category\/jorge-enrique-robledo\/"},"img":{"alt_text":"","src":"","width":0,"height":0},"classes":[]},{"id":9356,"url":"https:\/\/moir.com.co\/web\/yo-apoyo-a-mi-profe\/","url_meta":{"origin":12395,"position":2},"title":"Yo apoyo a mi Profe","author":"admin","date":"mayo 5, 2015","format":false,"excerpt":"Gigantesco ha sido el respaldo de todo el pa\u00eds a los maestros que hoy justamente se mantienen en paro nacional completando as\u00ed, dos semanas de valiente lucha por hacer de \u00e9ste pa\u00eds una naci\u00f3n bien educada. No se pod\u00eda esperar menor acogida, si hablamos de sueldos son los trabajadores del\u2026","rel":"","context":"En \u00abJuventud Patri\u00f3tica\u00bb","block_context":{"text":"Juventud Patri\u00f3tica","link":"https:\/\/moir.com.co\/web\/category\/juventud-patriotica\/"},"img":{"alt_text":"","src":"","width":0,"height":0},"classes":[]},{"id":9320,"url":"https:\/\/moir.com.co\/web\/los-maestros-tienen-la-razon\/","url_meta":{"origin":12395,"position":3},"title":"Los maestros tienen la raz\u00f3n","author":"admin","date":"abril 24, 2015","format":false,"excerpt":"El paro nacional del magisterio resulta de los incumplimientos y rechazos del gobierno a sus peticiones. En la campa\u00f1a electoral de 2014 el presidente-candidato Santos se comprometi\u00f3 con la Federaci\u00f3n Colombiana de Educadores, Fecode, a acordar con ella un correcto sistema de ascensos y a nivelar los sueldos de los\u2026","rel":"","context":"En \u00abJorge Enrique Robledo\u00bb","block_context":{"text":"Jorge Enrique Robledo","link":"https:\/\/moir.com.co\/web\/category\/jorge-enrique-robledo\/"},"img":{"alt_text":"","src":"","width":0,"height":0},"classes":[]},{"id":11089,"url":"https:\/\/moir.com.co\/web\/la-reforma-tributaria-de-santos-y-cardenas-es-contra-los-trabajadores-y-la-clase-media-robledo\/","url_meta":{"origin":12395,"position":4},"title":"La Reforma Tributaria de Santos y C\u00e1rdenas es contra los trabajadores y la clase media: Robledo","author":"admin","date":"noviembre 18, 2016","format":false,"excerpt":"Oficina de prensa del senador Jorge Enrique Robledo, Bogot\u00e1, noviembre 18 de 2016 Se bajar\u00e1 el umbral del impuesto de renta de 2,7 millones a 1,48. Aumentar\u00e1 m\u00e1s el impuesto para las personas de menores ingresos. De aprobarse la Tributaria cualquier aumento del salario m\u00ednimo quedar\u00e1 inv\u00e1lido. La Reforma Tributaria\u2026","rel":"","context":"En \u00abEconom\u00eda\u00bb","block_context":{"text":"Econom\u00eda","link":"https:\/\/moir.com.co\/web\/category\/temas\/economia\/"},"img":{"alt_text":"","src":"https:\/\/i0.wp.com\/moir.com.co\/web\/wp-content\/uploads\/2016\/11\/reformatributariarobledo.jpg?fit=960%2C720&ssl=1&resize=350%2C200","width":350,"height":200,"srcset":"https:\/\/i0.wp.com\/moir.com.co\/web\/wp-content\/uploads\/2016\/11\/reformatributariarobledo.jpg?fit=960%2C720&ssl=1&resize=350%2C200 1x, https:\/\/i0.wp.com\/moir.com.co\/web\/wp-content\/uploads\/2016\/11\/reformatributariarobledo.jpg?fit=960%2C720&ssl=1&resize=525%2C300 1.5x, https:\/\/i0.wp.com\/moir.com.co\/web\/wp-content\/uploads\/2016\/11\/reformatributariarobledo.jpg?fit=960%2C720&ssl=1&resize=700%2C400 2x"},"classes":[]},{"id":16400,"url":"https:\/\/moir.com.co\/web\/penalosa-y-duque-pretenden-reducir-el-presupuesto-de-la-universidad-distrital-en-32-000-millones\/","url_meta":{"origin":12395,"position":5},"title":"Pe\u00f1alosa y Duque pretenden reducir el presupuesto de la Universidad Distrital en $32.000 millones","author":"admin","date":"noviembre 14, 2018","format":false,"excerpt":"Oficina de prensa del concejal Manuel Sarmiento, Bogot\u00e1, noviembre 13 de 2018 Proyecto de presupuesto radicado en el Concejo reduce los recursos de la universidad en un 9,5% para el pr\u00f3ximo a\u00f1o. Mientras Pe\u00f1alosa desfinancia la universidad distrital, les entrega $46.000 millones de pesos a instituciones privadas. \u00a0El concejal Manuel\u2026","rel":"","context":"En \u00abCiencia\u00bb","block_context":{"text":"Ciencia","link":"https:\/\/moir.com.co\/web\/category\/temas\/ciencia\/"},"img":{"alt_text":"","src":"https:\/\/i0.wp.com\/moir.com.co\/web\/wp-content\/uploads\/2018\/11\/pen%CC%83alosaduque.png?fit=800%2C456&ssl=1&resize=350%2C200","width":350,"height":200,"srcset":"https:\/\/i0.wp.com\/moir.com.co\/web\/wp-content\/uploads\/2018\/11\/pen%CC%83alosaduque.png?fit=800%2C456&ssl=1&resize=350%2C200 1x, https:\/\/i0.wp.com\/moir.com.co\/web\/wp-content\/uploads\/2018\/11\/pen%CC%83alosaduque.png?fit=800%2C456&ssl=1&resize=525%2C300 1.5x, https:\/\/i0.wp.com\/moir.com.co\/web\/wp-content\/uploads\/2018\/11\/pen%CC%83alosaduque.png?fit=800%2C456&ssl=1&resize=700%2C400 2x"},"classes":[]}],"jetpack_sharing_enabled":true,"_links":{"self":[{"href":"https:\/\/moir.com.co\/web\/wp-json\/wp\/v2\/posts\/12395","targetHints":{"allow":["GET"]}}],"collection":[{"href":"https:\/\/moir.com.co\/web\/wp-json\/wp\/v2\/posts"}],"about":[{"href":"https:\/\/moir.com.co\/web\/wp-json\/wp\/v2\/types\/post"}],"author":[{"embeddable":true,"href":"https:\/\/moir.com.co\/web\/wp-json\/wp\/v2\/users\/1"}],"replies":[{"embeddable":true,"href":"https:\/\/moir.com.co\/web\/wp-json\/wp\/v2\/comments?post=12395"}],"version-history":[{"count":0,"href":"https:\/\/moir.com.co\/web\/wp-json\/wp\/v2\/posts\/12395\/revisions"}],"wp:featuredmedia":[{"embeddable":true,"href":"https:\/\/moir.com.co\/web\/wp-json\/wp\/v2\/media\/12335"}],"wp:attachment":[{"href":"https:\/\/moir.com.co\/web\/wp-json\/wp\/v2\/media?parent=12395"}],"wp:term":[{"taxonomy":"category","embeddable":true,"href":"https:\/\/moir.com.co\/web\/wp-json\/wp\/v2\/categories?post=12395"},{"taxonomy":"post_tag","embeddable":true,"href":"https:\/\/moir.com.co\/web\/wp-json\/wp\/v2\/tags?post=12395"}],"curies":[{"name":"wp","href":"https:\/\/api.w.org\/{rel}","templated":true}]}}