{"id":12393,"date":"2017-05-15T17:03:36","date_gmt":"2017-05-15T17:03:36","guid":{"rendered":"https:\/\/moir.org.co\/web\/?p=12393"},"modified":"2017-05-15T17:03:36","modified_gmt":"2017-05-15T17:03:36","slug":"por-que-no-protestan-los-colombianos","status":"publish","type":"post","link":"https:\/\/moir.com.co\/web\/por-que-no-protestan-los-colombianos\/","title":{"rendered":"\u00bfPor qu\u00e9 no protestan los colombianos?"},"content":{"rendered":"<p><strong>Jos\u00e9 Arlex Arias, La Verdad, Cartagena, mayo 15 de 2017<\/strong><\/p>\n<p>La l\u00f3gica indicar\u00eda que si uno no protesta es porque las cosas est\u00e1n muy bien. Hay hechos que son buenos para unos pero pueden ser muy malos para los otros; esto es muy com\u00fan en los resultados econ\u00f3micos, en donde siempre a una escasa minor\u00eda le va de forma excelente, mientras millones de personas carecen de capacidad para satisfacer sus necesidades b\u00e1sicas. Esto es lo que podemos deducir de la \u00faltima encuesta Gallup realizada el pasado mes de abril, que nos deja como conclusi\u00f3n que el 75% de los encuestados piensa que en Colombia las cosas est\u00e1n empeorando, mientras que para un 15% le est\u00e1n mejorando; en consecuencia, la gesti\u00f3n del presidente es desaprobada por el 69% de los colombianos, mientras que solo un 26% se la aprueban. Aqu\u00ed cabe una pregunta: \u00bfA qu\u00e9 se debe el pesimismo de los colombianos y la desaprobaci\u00f3n tan fuerte de la gesti\u00f3n del presidente Juan Manuel Santos? En la misma encuesta encontramos la respuesta: A los colombianos del com\u00fan nos va como a los perros en misa: a las patadas.<\/p>\n<p>&nbsp;<\/p>\n<p>El 79% de los colombianos dicen que la econom\u00eda empeora, lo cual es coincidente con lo que perciben sobre el empleo, cuando el 79% dice que el desempleo empeora; as\u00ed mismo, sigue empeorando: para el 87%, el costo de vida; para el 71%, la lucha contra la pobreza; para el 84%, la cobertura y calidad de la salud; para el 65%, la asistencia a la vejez; y para el 64%, la asistencia a la ni\u00f1ez. Pero como si fuera poco, hay otros aspectos que impactan la vida de la sociedad, los cuales tambi\u00e9n empeoran: para el 82%, el medio ambiente; para el 84%, la inseguridad, y el 92% considera que la corrupci\u00f3n sigue de mal en peor. Ah\u00ed encontramos las muchas razones que tienen los colombianos para rechazar las pol\u00edticas del gobierno de Santos, a quien se denunci\u00f3 que adem\u00e1s prepara de forma clandestina una Resoluci\u00f3n del Ministerio de Salud para aumentar y extender las cuotas de copago a una serie de servicios o tecnolog\u00edas que est\u00e9n por fuera del Plan de Beneficios, los cuales tendr\u00edan que pagarse con base en los ingresos del n\u00facleo familiar.<\/p>\n<p>&nbsp;<\/p>\n<p>Ante este panorama tan oscuro de los colombianos, surge la otra pregunta: \u00bfPor qu\u00e9 los colombianos no se movilizan masivamente exigiendo mejores condiciones de vida? Las respuesta son muchas, pero hay dos m\u00e1s relevantes: La primera es la forma en la que los grandes medios de comunicaci\u00f3n marcan la agenda del pa\u00eds, con el objetivo de manipular los hechos, minimizando o estigmatizando a la izquierda democr\u00e1tica o &#8220;invisibiliz\u00e1ndola&#8221;, como en los debates que &#8220;desenmascaran&#8221; la corrupci\u00f3n que carcome a los partidos gobernantes del \u00faltimo siglo; y la segunda es la complicidad de la oposici\u00f3n de derecha, que comparten con Santos los mismos m\u00e9todos de corrupci\u00f3n y el modelo econ\u00f3mico neoliberal que ha concentrado el capital, la producci\u00f3n y los bienes y servicios en pocas manos y que ha &#8220;despatrimonializado&#8221; al pa\u00eds a trav\u00e9s de privatizaciones, concesiones y entrega a algunos potentados y multinacionales de gran parte de ese capital acumulado por la sociedad. \u00a1La soluci\u00f3n est\u00e1 en la unificaci\u00f3n de todos los descontentos y los indignados, y en la b\u00fasqueda de medios de comunicaci\u00f3n alternativos!<\/p>\n","protected":false},"excerpt":{"rendered":"<p>Jos\u00e9 Arlex Arias, La Verdad, Cartagena, mayo 15 de 2017 La l\u00f3gica indicar\u00eda que si uno no protesta es porque las cosas est\u00e1n muy bien. Hay hechos que son buenos para unos pero pueden ser muy malos para los otros; esto es muy com\u00fan en los resultados econ\u00f3micos, en donde siempre a una escasa minor\u00eda [&hellip;]<\/p>\n","protected":false},"author":1,"featured_media":11755,"comment_status":"open","ping_status":"open","sticky":false,"template":"","format":"standard","meta":{"advanced_seo_description":"","jetpack_seo_html_title":"","jetpack_seo_noindex":false,"_jetpack_memberships_contains_paid_content":false,"footnotes":""},"categories":[102,97,98],"tags":[],"class_list":["post-12393","post","type-post","status-publish","format-standard","has-post-thumbnail","hentry","category-economia","category-imperialismo-y-neoliberalismo","category-politica"],"jetpack_featured_media_url":"https:\/\/i0.wp.com\/moir.com.co\/web\/wp-content\/uploads\/2017\/02\/madrescomunitarias2.jpg?fit=275%2C183&ssl=1","jetpack-related-posts":[{"id":18481,"url":"https:\/\/moir.com.co\/web\/colombia-va-remal\/","url_meta":{"origin":12393,"position":0},"title":"Colombia va &#8220;remal&#8221;","author":"admin","date":"marzo 11, 2020","format":false,"excerpt":"Jos\u00e9 Arlex Arias, Cartagena, marzo 9 de 2020 Invamer S.A.S elabor\u00f3 otro sondeo de opini\u00f3n, con encuestas recolectadas entre el 14 y el 22 del pasado mes de febrero, cuyos resultados demuestran que la percepci\u00f3n de la poblaci\u00f3n sobre la aguda crisis econ\u00f3mica, social y pol\u00edtica es una realidad, en\u2026","rel":"","context":"En \u00abEconom\u00eda\u00bb","block_context":{"text":"Econom\u00eda","link":"https:\/\/moir.com.co\/web\/category\/temas\/economia\/"},"img":{"alt_text":"","src":"","width":0,"height":0},"classes":[]},{"id":17109,"url":"https:\/\/moir.com.co\/web\/asi-va-la-colombia-de-uriduque\/","url_meta":{"origin":12393,"position":1},"title":"As\u00ed va la colombia de &#8220;Uriduque&#8221;","author":"admin","date":"marzo 23, 2019","format":false,"excerpt":"Jos\u00e9 Arlex Arias, Cartagena, marzo 18 de 2019 Un seguimiento a las encuestas de Gallup Poll, encomendadas y realizadas por Gallup Colombia S.A.S. nos determina que el presidente Iv\u00e1n Duque M\u00e1rquez es uno de los m\u00e1s impopulares en la historia del pa\u00eds, muy a pesar de sus esfuerzos por aumentar\u2026","rel":"","context":"En \u00abEconom\u00eda\u00bb","block_context":{"text":"Econom\u00eda","link":"https:\/\/moir.com.co\/web\/category\/temas\/economia\/"},"img":{"alt_text":"","src":"","width":0,"height":0},"classes":[]},{"id":9625,"url":"https:\/\/moir.com.co\/web\/cae-el-teflon-del-pais-virtual\/","url_meta":{"origin":12393,"position":2},"title":"Cae el \u201ctefl\u00f3n\u201d del pa\u00eds virtual","author":"admin","date":"septiembre 7, 2015","format":false,"excerpt":"Son ingentes, casi que descomunales, los esfuerzos de los \u201chacedores de opini\u00f3n\u201d, bien fletados por el Gobierno Nacional, por tratar de \u201cvendernos\u201d a Colombia como ese pa\u00eds virtual, el de \u201cAlicia en el pa\u00eds de las maravillas\u201d; para lograrlo, los neoliberales son expertos en trastocar la realidad a trav\u00e9s del\u2026","rel":"","context":"En \u00abTemas\u00bb","block_context":{"text":"Temas","link":"https:\/\/moir.com.co\/web\/category\/temas\/"},"img":{"alt_text":"","src":"","width":0,"height":0},"classes":[]},{"id":4422,"url":"https:\/\/moir.com.co\/web\/quien-es-quien-a-proposito-de-los-resultados-de-la-encuestas-y-el-tlc-con-la-union-europea\/","url_meta":{"origin":12393,"position":3},"title":"Quien es quien. A prop\u00f3sito de los resultados de la encuestas y el TLC con la uni\u00f3n europea.","author":"admin","date":"mayo 30, 2010","format":false,"excerpt":"Nuevamente retumba en los o\u00eddos de los colombianos el ruido de las encuestas que miden la intenci\u00f3n de voto por los candidatos a la presidencia. Mockus, Santos y Petro se ubican en el primero, segundo y tercer lugar respectivamente. Claramente sobresale un aspecto al momento de hacer la lectura de\u2026","rel":"","context":"Entrada similar","block_context":{"text":"Entrada similar","link":""},"img":{"alt_text":"","src":"","width":0,"height":0},"classes":[]},{"id":9989,"url":"https:\/\/moir.com.co\/web\/crisis-y-paro-nacional\/","url_meta":{"origin":12393,"position":4},"title":"Crisis y paro nacional","author":"admin","date":"marzo 3, 2016","format":false,"excerpt":"\u201cEn Colombia no estamos, \u00f3igase bien, no estamos en crisis econ\u00f3mica\u201d, asegur\u00f3 el presidente Santos el pasado 22 de febrero al t\u00e9rmino del Consejo de Ministros. Las cifras, los datos, los sondeos, la percepci\u00f3n, las encuestas y hasta las agencias calificadoras de riesgo, dicen otra cosa. Sucesos recientes como el\u2026","rel":"","context":"En \u00abTemas\u00bb","block_context":{"text":"Temas","link":"https:\/\/moir.com.co\/web\/category\/temas\/"},"img":{"alt_text":"","src":"","width":0,"height":0},"classes":[]},{"id":2640,"url":"https:\/\/moir.com.co\/web\/en-rechazo-a-los-ataques-israelies-a-la-franja-de-gaza\/","url_meta":{"origin":12393,"position":5},"title":"EN RECHAZO A LOS ATAQUES ISRAEL\u00cdES A LA FRANJA DE GAZA","author":"admin","date":"diciembre 30, 2008","format":false,"excerpt":"Declaraci\u00f3n, Senador Jorge Enrique Robledo, Bogot\u00e1, 29 de diciembre de 2008 El ej\u00e9rcito israel\u00ed, en una acci\u00f3n violatoria de todos los principios democr\u00e1ticos, lanz\u00f3 una cruel agresi\u00f3n sobre la poblaci\u00f3n palestina en la franja de Gaza. La acci\u00f3n militar arroja tres centenares de muertos, miles de heridos y la destrucci\u00f3n\u2026","rel":"","context":"En \u00abJorge Enrique Robledo\u00bb","block_context":{"text":"Jorge Enrique Robledo","link":"https:\/\/moir.com.co\/web\/category\/jorge-enrique-robledo\/"},"img":{"alt_text":"","src":"","width":0,"height":0},"classes":[]}],"jetpack_sharing_enabled":true,"_links":{"self":[{"href":"https:\/\/moir.com.co\/web\/wp-json\/wp\/v2\/posts\/12393","targetHints":{"allow":["GET"]}}],"collection":[{"href":"https:\/\/moir.com.co\/web\/wp-json\/wp\/v2\/posts"}],"about":[{"href":"https:\/\/moir.com.co\/web\/wp-json\/wp\/v2\/types\/post"}],"author":[{"embeddable":true,"href":"https:\/\/moir.com.co\/web\/wp-json\/wp\/v2\/users\/1"}],"replies":[{"embeddable":true,"href":"https:\/\/moir.com.co\/web\/wp-json\/wp\/v2\/comments?post=12393"}],"version-history":[{"count":0,"href":"https:\/\/moir.com.co\/web\/wp-json\/wp\/v2\/posts\/12393\/revisions"}],"wp:featuredmedia":[{"embeddable":true,"href":"https:\/\/moir.com.co\/web\/wp-json\/wp\/v2\/media\/11755"}],"wp:attachment":[{"href":"https:\/\/moir.com.co\/web\/wp-json\/wp\/v2\/media?parent=12393"}],"wp:term":[{"taxonomy":"category","embeddable":true,"href":"https:\/\/moir.com.co\/web\/wp-json\/wp\/v2\/categories?post=12393"},{"taxonomy":"post_tag","embeddable":true,"href":"https:\/\/moir.com.co\/web\/wp-json\/wp\/v2\/tags?post=12393"}],"curies":[{"name":"wp","href":"https:\/\/api.w.org\/{rel}","templated":true}]}}