{"id":12378,"date":"2017-05-12T18:42:07","date_gmt":"2017-05-12T18:42:07","guid":{"rendered":"https:\/\/moir.org.co\/web\/?p=12378"},"modified":"2017-05-12T18:42:07","modified_gmt":"2017-05-12T18:42:07","slug":"promuevo-una-convergencia-nacional-jorge-robledo","status":"publish","type":"post","link":"https:\/\/moir.com.co\/web\/promuevo-una-convergencia-nacional-jorge-robledo\/","title":{"rendered":"&#8220;Promuevo una convergencia nacional&#8221;: Jorge Robledo"},"content":{"rendered":"<p><strong>Ernesto Taborda Herrera, El Universal, Cartagena, mayo 12 de 2017<\/strong><\/p>\n<p>El senador del Polo Democr\u00e1tico y precandidato presidencial por esa colectividad, Jorge Robledo, cont\u00f3 a El Universal cu\u00e1l es la l\u00f3gica de su campa\u00f1a por la presidencia. Anunci\u00f3 que en lo pol\u00edtico ya tiene el aval del Polo, pero que est\u00e1 promoviendo una \u201cconvergencia nacional\u201d.<\/p>\n<p>\u201cDe los congresistas del Polo, que somos ocho, por lo menos siete est\u00e1n conmigo; pero no es una campa\u00f1a del Polo sino de convergencia nacional, es decir de acuerdos con otros sectores, con los verdes, con Claudia L\u00f3pez; con Fajardo y otros movimientos para que de ah\u00ed salga un programa y una manera de escoger un candidato\u201d, dice.<\/p>\n<p>Advierte que esa convergencia \u201ces m\u00e1s con la gente, aqu\u00ed est\u00e1n bienvenidos todos, los sin partido, los liberales, los conservadores, todos a unirse en torno a un programa, a un acuerdo que estamos construyendo\u201d.<\/p>\n<p>Pero advierte que en esa convergencia hay unos linderos en donde no cabe \u201c ni la unidad nacional de Juan Manuel Santos, ni el Centro Democr\u00e1tico de \u00c1lvaro Uribe; y no es sectarismo es que program\u00e1ticamente no hay c\u00f3mo ponerlos, porque ellos han gobernado revueltos por d\u00e9cadas y aqu\u00ed no hay cabida para el continuismo\u201d.<\/p>\n<p>\u201cEn el debate de Odebrecht ped\u00ed que sacar\u00e1n una foto de la elecci\u00f3n de Santos en 2010 porque ah\u00ed est\u00e1n todos\u201d, agrega. Advierte que tampoco ve a las Farc en su proyecto, \u201cporque ellos est\u00e1n planteando un gobierno de transici\u00f3n que incluir\u00eda a las fuerzas de la Unidad Nacional que aqu\u00ed no caben\u201d.<\/p>\n<p><strong>Por la clase media<\/strong><br \/>\nPara Robledo su principal motivaci\u00f3n para lanzarse a la Presidencia est\u00e1 en salvar al pa\u00eds de lo que considera su debacle econ\u00f3mica.<\/p>\n<p>\u201cEstoy preocupado con el pa\u00eds que veo; en los \u00faltimos 25 a\u00f1os nos salv\u00f3 la bonanza minera; y eso fue un chiripazo, sin eso no sabemos qu\u00e9 hubiera pasado despu\u00e9s de la crisis del 1999; pero hoy estamos en la realidad con una econom\u00eda resentida\u201d, expres\u00f3.<\/p>\n<p>\u201cA todo esto le sumo la desigualdad social muy grande, de las peores del mundo que es un lastre para el desarrollo econ\u00f3mico; un producto per capita de apenas 6 mil d\u00f3lares por a\u00f1o que refleja un capitalismo enclenque; aunado al fen\u00f3meno de la corrupci\u00f3n\u201d, explica.<\/p>\n<p>Dice que cuando la corrupci\u00f3n se suma a la pol\u00edtica y a los negocios \u201cempieza a darse un fen\u00f3meno en donde el voto no es libre sino a punta de plata y ah\u00ed se toman muchas determinaciones equivocadas para el pa\u00eds\u201d.<\/p>\n<p>\u201cLo que vemos es una pol\u00edtica de m\u00e1s monopolios, de concentraci\u00f3n de las riquezas, de transnacionales que van absorbiendo al pa\u00eds; mi discusi\u00f3n sigue siendo por la econom\u00eda de mercado, no estamos planteando el socialismo ni acabar con la propiedad privada, en el Polo esto nunca lo hemos planteado, aunque s\u00ed tenemos un debate sobre el tipo de capitalismo que buscamos\u201d, expresa.<\/p>\n<p>Robledo dice que la clave esta en \u201ccrear y fortalecer una clase media empresarial\u201d. Con respecto a la miner\u00eda plantea que deber\u00eda existir mediana y peque\u00f1a miner\u00eda, por ejemplo.<\/p>\n<p>\u201cNo entiendo por qu\u00e9 algunos toman \u00e1reas de tierra, tienen los t\u00edtulos pero no rajan ni prestan el hacha, ni montan la explotaci\u00f3n ni dejan que otros lo hagan\u201d, sostiene.<\/p>\n<p>\u201cEn lo agrario es lo mismo, ahora nos est\u00e1n vendiendo la idea de que si su finca es de 50 mil hect\u00e1reas pero usted no es banquero, entonces es sospechoso, no es eficiente; pero la eficiencia se puede medir de mucha maneras, la idea de que solo lo grande es bello, es muy discutible\u201d, puntualiza.<\/p>\n","protected":false},"excerpt":{"rendered":"<p>Ernesto Taborda Herrera, El Universal, Cartagena, mayo 12 de 2017 El senador del Polo Democr\u00e1tico y precandidato presidencial por esa colectividad, Jorge Robledo, cont\u00f3 a El Universal cu\u00e1l es la l\u00f3gica de su campa\u00f1a por la presidencia. Anunci\u00f3 que en lo pol\u00edtico ya tiene el aval del Polo, pero que est\u00e1 promoviendo una \u201cconvergencia nacional\u201d. [&hellip;]<\/p>\n","protected":false},"author":1,"featured_media":12281,"comment_status":"open","ping_status":"open","sticky":false,"template":"","format":"standard","meta":{"advanced_seo_description":"","jetpack_seo_html_title":"","jetpack_seo_noindex":false,"_jetpack_memberships_contains_paid_content":false,"footnotes":""},"categories":[102,97,4,107],"tags":[],"class_list":["post-12378","post","type-post","status-publish","format-standard","has-post-thumbnail","hentry","category-economia","category-imperialismo-y-neoliberalismo","category-jorge-enrique-robledo","category-mineria-y-petroleo"],"jetpack_featured_media_url":"https:\/\/i0.wp.com\/moir.com.co\/web\/wp-content\/uploads\/2017\/05\/robledodiariodelhuila2017.jpg?fit=497%2C321&ssl=1","jetpack-related-posts":[{"id":11811,"url":"https:\/\/moir.com.co\/web\/9-puntos-de-enfasis-programaticos-senador-y-candidato-presidencial-jorge-enrique-robledo\/","url_meta":{"origin":12378,"position":0},"title":"9 puntos de \u00e9nfasis program\u00e1ticos. Senador y Candidato Presidencial Jorge Enrique Robledo","author":"admin","date":"marzo 1, 2017","format":false,"excerpt":"Polo Democr\u00e1tico Alternativo, Bogot\u00e1, marzo 1 de 2017 En Rueda de prensa realizada hoy en la ma\u00f1ana en la sede nacional del PDA, el Senador y Candidato Presidencial Jorge Enrique Robledo, expreso temas respecto a su campa\u00f1a presidencial. \u00c9nfasis program\u00e1ticos de la candidatura a la Presidencia del Senador Robledo 1.\u2026","rel":"","context":"En \u00abEconom\u00eda\u00bb","block_context":{"text":"Econom\u00eda","link":"https:\/\/moir.com.co\/web\/category\/temas\/economia\/"},"img":{"alt_text":"","src":"https:\/\/i0.wp.com\/moir.com.co\/web\/wp-content\/uploads\/2017\/03\/RobledoRuedaprensa010317.jpg?fit=1199%2C806&ssl=1&resize=350%2C200","width":350,"height":200,"srcset":"https:\/\/i0.wp.com\/moir.com.co\/web\/wp-content\/uploads\/2017\/03\/RobledoRuedaprensa010317.jpg?fit=1199%2C806&ssl=1&resize=350%2C200 1x, https:\/\/i0.wp.com\/moir.com.co\/web\/wp-content\/uploads\/2017\/03\/RobledoRuedaprensa010317.jpg?fit=1199%2C806&ssl=1&resize=525%2C300 1.5x, https:\/\/i0.wp.com\/moir.com.co\/web\/wp-content\/uploads\/2017\/03\/RobledoRuedaprensa010317.jpg?fit=1199%2C806&ssl=1&resize=700%2C400 2x, https:\/\/i0.wp.com\/moir.com.co\/web\/wp-content\/uploads\/2017\/03\/RobledoRuedaprensa010317.jpg?fit=1199%2C806&ssl=1&resize=1050%2C600 3x"},"classes":[]},{"id":10331,"url":"https:\/\/moir.com.co\/web\/convergencia-politica-antioquena-con-robledo-se-lanza-el-proximo-sabado\/","url_meta":{"origin":12378,"position":1},"title":"\u201cConvergencia pol\u00edtica antioque\u00f1a con Robledo\u201d se lanza el pr\u00f3ximo s\u00e1bado","author":"admin","date":"agosto 25, 2016","format":false,"excerpt":"\u00b7 Dirigentes pol\u00edticos, acad\u00e9micos, l\u00edderes barriales y personas del com\u00fan se sumar\u00e1n a la eventual candidatura presidencial del Senador Jorge Robledo. \u00b7 La convergencia polista en Antioquia formular\u00e1 una gu\u00eda de la naciente corriente pol\u00edtica. \u00b7 Tambi\u00e9n se crear\u00e1 la Mesa de Coordinaci\u00f3n para trabajar en funci\u00f3n de la propuesta.\u2026","rel":"","context":"En \u00abJorge Enrique Robledo\u00bb","block_context":{"text":"Jorge Enrique Robledo","link":"https:\/\/moir.com.co\/web\/category\/jorge-enrique-robledo\/"},"img":{"alt_text":"","src":"","width":0,"height":0},"classes":[]},{"id":9136,"url":"https:\/\/moir.com.co\/web\/mi-candidatura-a-la-presidencia-seria-un-proyecto-de-convergencia-nacional-robledo\/","url_meta":{"origin":12378,"position":2},"title":"&#8220;Mi candidatura a la presidencia ser\u00eda un proyecto de convergencia nacional&#8221;: Robledo","author":"admin","date":"febrero 25, 2015","format":false,"excerpt":"A su paso por la capital del Huila, el senador Jorge Enrique Robledo habl\u00f3 con DIARIO DEL HUILA sobre su posible pero cuestionada aspiraci\u00f3n a la presidencia de Colombia para el 2018. El senador de Polo Democr\u00e1tico Jorge Enrique Robledo no decide su candidatura a la presidencia de Colombia para\u2026","rel":"","context":"En \u00abJorge Enrique Robledo\u00bb","block_context":{"text":"Jorge Enrique Robledo","link":"https:\/\/moir.com.co\/web\/category\/jorge-enrique-robledo\/"},"img":{"alt_text":"","src":"","width":0,"height":0},"classes":[]},{"id":10888,"url":"https:\/\/moir.com.co\/web\/no-veo-en-mi-proyecto-ni-a-gustavo-petro-ni-a-las-farc\/","url_meta":{"origin":12378,"position":3},"title":"\u201cNo veo en mi proyecto ni a Gustavo Petro ni a las Farc\u201d","author":"admin","date":"noviembre 6, 2016","format":false,"excerpt":"Entrevista de Colprensa al senador Jorge Enrique Robledo, El Nuevo D\u00eda, Ibagu\u00e9, noviembre 6 de 2016 El senador Jorge Enrique Robledo defiende su precandidatura, a pesar de que falta a\u00f1o y medio para los comicios. Dice que no piensa hacer alianzas con la izquierda ni con las Farc, y deja\u2026","rel":"","context":"En \u00abAgro\u00bb","block_context":{"text":"Agro","link":"https:\/\/moir.com.co\/web\/category\/temas\/agro\/"},"img":{"alt_text":"","src":"https:\/\/i0.wp.com\/moir.com.co\/web\/wp-content\/uploads\/2016\/10\/robledocartaarauca.jpg?fit=600%2C595&ssl=1&resize=350%2C200","width":350,"height":200,"srcset":"https:\/\/i0.wp.com\/moir.com.co\/web\/wp-content\/uploads\/2016\/10\/robledocartaarauca.jpg?fit=600%2C595&ssl=1&resize=350%2C200 1x, https:\/\/i0.wp.com\/moir.com.co\/web\/wp-content\/uploads\/2016\/10\/robledocartaarauca.jpg?fit=600%2C595&ssl=1&resize=525%2C300 1.5x"},"classes":[]},{"id":11641,"url":"https:\/\/moir.com.co\/web\/caben-todos-pero-nini-jorge-enrique-robledo\/","url_meta":{"origin":12378,"position":4},"title":"&#8220;Caben todos, pero nini&#8221;: Jorge Enrique Robledo","author":"admin","date":"febrero 5, 2017","format":false,"excerpt":"Entrevista de La Patria, Manizales, febrero 5 de 2017 Se refiere a que trabaja en una convergencia para la Presidencia de la Rep\u00fablica con otras fuerzas pol\u00edticas, pero ni con Santos ni con el Centro Democr\u00e1tico. Asegura que la ministra Clara L\u00f3pez se quem\u00f3 para el Polo. Pasos. Hasta ahora\u2026","rel":"","context":"En \u00abAgro\u00bb","block_context":{"text":"Agro","link":"https:\/\/moir.com.co\/web\/category\/temas\/agro\/"},"img":{"alt_text":"","src":"https:\/\/i0.wp.com\/moir.com.co\/web\/wp-content\/uploads\/2017\/02\/robledomanizales2017.jpg?fit=620%2C436&ssl=1&resize=350%2C200","width":350,"height":200,"srcset":"https:\/\/i0.wp.com\/moir.com.co\/web\/wp-content\/uploads\/2017\/02\/robledomanizales2017.jpg?fit=620%2C436&ssl=1&resize=350%2C200 1x, https:\/\/i0.wp.com\/moir.com.co\/web\/wp-content\/uploads\/2017\/02\/robledomanizales2017.jpg?fit=620%2C436&ssl=1&resize=525%2C300 1.5x"},"classes":[]},{"id":7642,"url":"https:\/\/moir.com.co\/web\/cierre-de-icollantas-otro-efecto-directo-del-libre-comercio-afirma-robledo\/","url_meta":{"origin":12378,"position":5},"title":"Cierre de Icollantas, otro efecto directo del libre comercio, afirma Robledo","author":"admin","date":"junio 13, 2013","format":false,"excerpt":"Agradecer a Santos y a los TLC por el desempleo. El puntillazo contra la industria instalada en Colombia ser\u00e1 el TLC con Corea del Sur. Convergencia en defensa de la producci\u00f3n nacional, propone el Polo Democr\u00e1tico. El cierre de Icollantas, despu\u00e9s de medio siglo de operar, es otro efecto del\u2026","rel":"","context":"En \u00abJorge Enrique Robledo\u00bb","block_context":{"text":"Jorge Enrique Robledo","link":"https:\/\/moir.com.co\/web\/category\/jorge-enrique-robledo\/"},"img":{"alt_text":"","src":"","width":0,"height":0},"classes":[]}],"jetpack_sharing_enabled":true,"_links":{"self":[{"href":"https:\/\/moir.com.co\/web\/wp-json\/wp\/v2\/posts\/12378","targetHints":{"allow":["GET"]}}],"collection":[{"href":"https:\/\/moir.com.co\/web\/wp-json\/wp\/v2\/posts"}],"about":[{"href":"https:\/\/moir.com.co\/web\/wp-json\/wp\/v2\/types\/post"}],"author":[{"embeddable":true,"href":"https:\/\/moir.com.co\/web\/wp-json\/wp\/v2\/users\/1"}],"replies":[{"embeddable":true,"href":"https:\/\/moir.com.co\/web\/wp-json\/wp\/v2\/comments?post=12378"}],"version-history":[{"count":0,"href":"https:\/\/moir.com.co\/web\/wp-json\/wp\/v2\/posts\/12378\/revisions"}],"wp:featuredmedia":[{"embeddable":true,"href":"https:\/\/moir.com.co\/web\/wp-json\/wp\/v2\/media\/12281"}],"wp:attachment":[{"href":"https:\/\/moir.com.co\/web\/wp-json\/wp\/v2\/media?parent=12378"}],"wp:term":[{"taxonomy":"category","embeddable":true,"href":"https:\/\/moir.com.co\/web\/wp-json\/wp\/v2\/categories?post=12378"},{"taxonomy":"post_tag","embeddable":true,"href":"https:\/\/moir.com.co\/web\/wp-json\/wp\/v2\/tags?post=12378"}],"curies":[{"name":"wp","href":"https:\/\/api.w.org\/{rel}","templated":true}]}}