{"id":12352,"date":"2017-05-10T16:14:24","date_gmt":"2017-05-10T16:14:24","guid":{"rendered":"https:\/\/moir.org.co\/web\/?p=12352"},"modified":"2017-05-10T16:14:24","modified_gmt":"2017-05-10T16:14:24","slug":"chocoanos-taxistas-y-maestros-tienen-la-razon-senador-robledo","status":"publish","type":"post","link":"https:\/\/moir.com.co\/web\/chocoanos-taxistas-y-maestros-tienen-la-razon-senador-robledo\/","title":{"rendered":"Chocoanos, taxistas y maestros tienen la raz\u00f3n: Senador Robledo"},"content":{"rendered":"<p><strong>Oficina de prensa del senador Jorge Enrique Robledo, Bogot\u00e1, mayo 10 de 2017<\/strong><\/p>\n<p><em>El gobierno Santos les incumple a sectores sociales que sufren por sus pol\u00edticas y su negligencia<\/em><\/p>\n<p>El senador Jorge Enrique Robledo expres\u00f3 su solidaridad y respaldo a las movilizaciones que realizar\u00e1n el pueblo de Choc\u00f3, los taxistas y los maestros. Todos respetables sectores sociales que le exigen al gobierno nacional que cumpla con lo pactado y cese en sus pol\u00edticas en contra del trabajo y la empresa nacional.<\/p>\n<p>Entre el 17 y 24 de agosto de 2016, los chocoanos realizaron un justo paro c\u00edvico. Del cual el gobierno Santos adquiri\u00f3 compromisos en pavimentar las v\u00edas que conectan a Quibd\u00f3 con Medell\u00edn y Pereira, construir cuatro hospitales, 158 sedes educativas, montar tres peque\u00f1as centrales hidroel\u00e9ctricas, financiar programas de empleo, entre otras medidas. Todo ha sido incumplido. Los chocoanos se ven obligados a volver a recurrir las v\u00edas democr\u00e1ticas para que les cumplan lo acordado y dejen de hacerles conejo.<\/p>\n<p>Los taxistas se movilizar\u00e1n en m\u00e1s de diez ciudades del pa\u00eds porque el gobierno se niega a perseguir seriamente las empresas ilegales de taxi y alcahuetea que empresas como la multinacional Uber est\u00e9 dedicada a violar en forma reiterada las leyes colombianas, que los taxistas s\u00ed cumplen. Son m\u00e1s 500.000 mil familias que est\u00e1n siendo arruinadas por la competencia desleal de una compa\u00f1\u00eda extranjera que ni el gobierno ni muchas alcald\u00edas, entre ellas la de Enrique Pe\u00f1alosa, sancionan debidamente. Si no es con apego a las leyes colombianas los problemas del transporte p\u00fablico se agravar\u00e1n.<\/p>\n<p>La Junta Nacional de Federaci\u00f3n Colombiana de Educadores, Fecode, aprob\u00f3 ir a paro ante el p\u00e9simo servicio de salud, por una verdadera jornada \u00fanica que respete los derechos de los maestros y los estudiantes y porque a pesar de haber pasado cinco meses de 2017 a\u00fan no reciben el aumento salarial. Los chocoanos, los taxistas y los maestros tienen razones de sobra para recurrir a la protesta democr\u00e1tica y civilizada.<\/p>\n","protected":false},"excerpt":{"rendered":"<p>Oficina de prensa del senador Jorge Enrique Robledo, Bogot\u00e1, mayo 10 de 2017 El gobierno Santos les incumple a sectores sociales que sufren por sus pol\u00edticas y su negligencia El senador Jorge Enrique Robledo expres\u00f3 su solidaridad y respaldo a las movilizaciones que realizar\u00e1n el pueblo de Choc\u00f3, los taxistas y los maestros. Todos respetables [&hellip;]<\/p>\n","protected":false},"author":1,"featured_media":0,"comment_status":"open","ping_status":"open","sticky":false,"template":"","format":"standard","meta":{"advanced_seo_description":"","jetpack_seo_html_title":"","jetpack_seo_noindex":false,"_jetpack_memberships_contains_paid_content":false,"footnotes":""},"categories":[102,103,97,4,98,96,108,110,111],"tags":[],"class_list":["post-12352","post","type-post","status-publish","format-standard","hentry","category-economia","category-educacion","category-imperialismo-y-neoliberalismo","category-jorge-enrique-robledo","category-politica","category-salud-y-pensiones","category-servicios-publicos-articulos-de-actualidad","category-vias-y-transporte","category-vivienda-y-desarrollo-urbano"],"jetpack_featured_media_url":"","jetpack-related-posts":[{"id":12332,"url":"https:\/\/moir.com.co\/web\/robledo-a-santos-el-gobierno-no-debe-llevar-al-choco-a-otro-paro\/","url_meta":{"origin":12352,"position":0},"title":"Robledo a Santos: \u201cel gobierno no debe llevar al Choc\u00f3 a otro paro\u201d","author":"admin","date":"mayo 9, 2017","format":false,"excerpt":"Oficina de prensa del senador Jorge Enrique Robledo, Bogot\u00e1, mayo 9 de 2017 En una carta dirigida al Presidente de la Rep\u00fablica Juan Manuel Santos, el senador Jorge Enrique Robledo le recuerda al gobierno nacional los compromisos adquiridos con los chocoanos tras el paro c\u00edvico llevado a cabo entre el\u2026","rel":"","context":"En \u00abEconom\u00eda\u00bb","block_context":{"text":"Econom\u00eda","link":"https:\/\/moir.com.co\/web\/category\/temas\/economia\/"},"img":{"alt_text":"","src":"https:\/\/i0.wp.com\/moir.com.co\/web\/wp-content\/uploads\/2017\/04\/robledoruedadeprensa.png?fit=578%2C325&ssl=1&resize=350%2C200","width":350,"height":200,"srcset":"https:\/\/i0.wp.com\/moir.com.co\/web\/wp-content\/uploads\/2017\/04\/robledoruedadeprensa.png?fit=578%2C325&ssl=1&resize=350%2C200 1x, https:\/\/i0.wp.com\/moir.com.co\/web\/wp-content\/uploads\/2017\/04\/robledoruedadeprensa.png?fit=578%2C325&ssl=1&resize=525%2C300 1.5x"},"classes":[]},{"id":11054,"url":"https:\/\/moir.com.co\/web\/carta-del-senador-robledo-al-minhacienda-sobre-compromisos-incumplidos-con-choco\/","url_meta":{"origin":12352,"position":1},"title":"Carta del senador Robledo al minHacienda sobre compromisos incumplidos con Choc\u00f3","author":"admin","date":"noviembre 15, 2016","format":false,"excerpt":"Oficina de prensa del senador Jorge Enrique Robledo, Bogot\u00e1, noviembre 15 de 2016 En una carta dirigida al Ministro de Hacienda Mauricio C\u00e1rdenas el senador Jorge Enrique Robledo expresa la necesidad de que el gobierno nacional cumpla los compromisos que firm\u00f3 con el Comit\u00e9 C\u00edvico por la Salvaci\u00f3n y la\u2026","rel":"","context":"En \u00abEconom\u00eda\u00bb","block_context":{"text":"Econom\u00eda","link":"https:\/\/moir.com.co\/web\/category\/temas\/economia\/"},"img":{"alt_text":"","src":"https:\/\/i0.wp.com\/moir.com.co\/web\/wp-content\/uploads\/2016\/11\/chocoparocivico2016_4.jpg?fit=770%2C437&ssl=1&resize=350%2C200","width":350,"height":200,"srcset":"https:\/\/i0.wp.com\/moir.com.co\/web\/wp-content\/uploads\/2016\/11\/chocoparocivico2016_4.jpg?fit=770%2C437&ssl=1&resize=350%2C200 1x, https:\/\/i0.wp.com\/moir.com.co\/web\/wp-content\/uploads\/2016\/11\/chocoparocivico2016_4.jpg?fit=770%2C437&ssl=1&resize=525%2C300 1.5x, https:\/\/i0.wp.com\/moir.com.co\/web\/wp-content\/uploads\/2016\/11\/chocoparocivico2016_4.jpg?fit=770%2C437&ssl=1&resize=700%2C400 2x"},"classes":[]},{"id":10315,"url":"https:\/\/moir.com.co\/web\/el-gobierno-debe-atender-con-seriedad-el-justo-paro-civico-en-choco-robledo\/","url_meta":{"origin":12352,"position":2},"title":"El gobierno debe atender con seriedad el justo Paro C\u00edvico en Choc\u00f3: Robledo","author":"admin","date":"agosto 18, 2016","format":false,"excerpt":"Abandono de d\u00e9cadas. Municipios sin acueductos ni interconexi\u00f3n el\u00e9ctrica. Problemas con las v\u00edas y el sistema de salud. Nada funciona bien. Promesas incumplidas y racismo. Cien muertos en los \u00faltimos siete a\u00f1os en la carretera Quibd\u00f3-Medell\u00edn, municipios sin acueducto ni interconexi\u00f3n el\u00e9ctrica, hospitales p\u00fablicos cerrados e incumplimiento reiterado de las\u2026","rel":"","context":"En \u00abJorge Enrique Robledo\u00bb","block_context":{"text":"Jorge Enrique Robledo","link":"https:\/\/moir.com.co\/web\/category\/jorge-enrique-robledo\/"},"img":{"alt_text":"","src":"","width":0,"height":0},"classes":[]},{"id":12554,"url":"https:\/\/moir.com.co\/web\/comentarios-del-senador-robledo-acerca-del-paro-de-taxistas\/","url_meta":{"origin":12352,"position":3},"title":"Comentarios del senador Robledo acerca del paro de taxistas","author":"admin","date":"mayo 29, 2017","format":"audio","excerpt":"","rel":"","context":"En \u00abEconom\u00eda\u00bb","block_context":{"text":"Econom\u00eda","link":"https:\/\/moir.com.co\/web\/category\/temas\/economia\/"},"img":{"alt_text":"","src":"https:\/\/i0.wp.com\/moir.com.co\/web\/wp-content\/uploads\/2017\/03\/robledoelpais130317.jpeg?fit=565%2C440&ssl=1&resize=350%2C200","width":350,"height":200,"srcset":"https:\/\/i0.wp.com\/moir.com.co\/web\/wp-content\/uploads\/2017\/03\/robledoelpais130317.jpeg?fit=565%2C440&ssl=1&resize=350%2C200 1x, https:\/\/i0.wp.com\/moir.com.co\/web\/wp-content\/uploads\/2017\/03\/robledoelpais130317.jpeg?fit=565%2C440&ssl=1&resize=525%2C300 1.5x"},"classes":[]},{"id":17745,"url":"https:\/\/moir.com.co\/web\/los-taxistas-tienen-la-razon-en-su-protesta-en-contra-de-la-ilegalidad-senador-robledo-y-concejal-manuel-sarmiento\/","url_meta":{"origin":12352,"position":4},"title":"Los taxistas tienen la raz\u00f3n en su protesta en contra de la ilegalidad: Senador Robledo y concejal Manuel Sarmiento","author":"admin","date":"julio 10, 2019","format":false,"excerpt":"Oficina de prensa del senador Jorge Enrique Robledo y del concejal Manuel Sarmiento, Bogot\u00e1, julio 10 de 2019 El paro adelantado por los taxistas es en contra de la ilegalidad de Uber, Beat, Picap y Didi. Para el senador Jorge Enrique Robledo y el concejal de Bogot\u00e1 Manuel Sarmiento estas\u2026","rel":"","context":"En \u00abEconom\u00eda\u00bb","block_context":{"text":"Econom\u00eda","link":"https:\/\/moir.com.co\/web\/category\/temas\/economia\/"},"img":{"alt_text":"","src":"https:\/\/i0.wp.com\/moir.com.co\/web\/wp-content\/uploads\/2019\/07\/robledotaxisuber.png?fit=768%2C434&ssl=1&resize=350%2C200","width":350,"height":200,"srcset":"https:\/\/i0.wp.com\/moir.com.co\/web\/wp-content\/uploads\/2019\/07\/robledotaxisuber.png?fit=768%2C434&ssl=1&resize=350%2C200 1x, https:\/\/i0.wp.com\/moir.com.co\/web\/wp-content\/uploads\/2019\/07\/robledotaxisuber.png?fit=768%2C434&ssl=1&resize=525%2C300 1.5x, https:\/\/i0.wp.com\/moir.com.co\/web\/wp-content\/uploads\/2019\/07\/robledotaxisuber.png?fit=768%2C434&ssl=1&resize=700%2C400 2x"},"classes":[]},{"id":10028,"url":"https:\/\/moir.com.co\/web\/santos-se-gano-el-paro-nacional-con-su-pesima-politica-economica-y-social-senador-robledo\/","url_meta":{"origin":12352,"position":5},"title":"Santos se gan\u00f3 el Paro Nacional con su p\u00e9sima pol\u00edtica econ\u00f3mica y social: Senador Robledo","author":"admin","date":"marzo 17, 2016","format":false,"excerpt":"Profesores, estudiantes, trabajadores, pensionados, transportadores y agricultores entre los sectores que se vinculan al Paro Nacional. Grandes movilizaciones en todas las capitales de Colombia. \u201cLuego del fracaso en las negociaciones del Salario M\u00ednimo Legal, la absurda y arbitraria venta de ISAGEN, el esc\u00e1ndalo de REFICAR, el anuncio de la Reforma\u2026","rel":"","context":"En \u00abJorge Enrique Robledo\u00bb","block_context":{"text":"Jorge Enrique Robledo","link":"https:\/\/moir.com.co\/web\/category\/jorge-enrique-robledo\/"},"img":{"alt_text":"","src":"","width":0,"height":0},"classes":[]}],"jetpack_sharing_enabled":true,"_links":{"self":[{"href":"https:\/\/moir.com.co\/web\/wp-json\/wp\/v2\/posts\/12352","targetHints":{"allow":["GET"]}}],"collection":[{"href":"https:\/\/moir.com.co\/web\/wp-json\/wp\/v2\/posts"}],"about":[{"href":"https:\/\/moir.com.co\/web\/wp-json\/wp\/v2\/types\/post"}],"author":[{"embeddable":true,"href":"https:\/\/moir.com.co\/web\/wp-json\/wp\/v2\/users\/1"}],"replies":[{"embeddable":true,"href":"https:\/\/moir.com.co\/web\/wp-json\/wp\/v2\/comments?post=12352"}],"version-history":[{"count":0,"href":"https:\/\/moir.com.co\/web\/wp-json\/wp\/v2\/posts\/12352\/revisions"}],"wp:attachment":[{"href":"https:\/\/moir.com.co\/web\/wp-json\/wp\/v2\/media?parent=12352"}],"wp:term":[{"taxonomy":"category","embeddable":true,"href":"https:\/\/moir.com.co\/web\/wp-json\/wp\/v2\/categories?post=12352"},{"taxonomy":"post_tag","embeddable":true,"href":"https:\/\/moir.com.co\/web\/wp-json\/wp\/v2\/tags?post=12352"}],"curies":[{"name":"wp","href":"https:\/\/api.w.org\/{rel}","templated":true}]}}