{"id":1235,"date":"2005-08-16T07:00:00","date_gmt":"2005-08-16T07:00:00","guid":{"rendered":"https:\/\/moir.org.co\/web\/declaracion-sobre-el-proyecto-de-ley-forestal\/"},"modified":"2005-08-16T07:00:00","modified_gmt":"2005-08-16T07:00:00","slug":"declaracion-sobre-el-proyecto-de-ley-forestal","status":"publish","type":"post","link":"https:\/\/moir.com.co\/web\/declaracion-sobre-el-proyecto-de-ley-forestal\/","title":{"rendered":"DECLARACI\u00d3N SOBRE EL PROYECTO DE LEY FORESTAL"},"content":{"rendered":"<p>Bogot\u00e1, agosto 26 de 2005<\/p>\n<p>Las personas y organizaciones sociales, abajo firmantes, ante la inminente aprobaci\u00f3n del proyecto de Ley Forestal en el Congreso de la Rep\u00fablica, queremos declarar:<\/p>\n<p>1. Su contenido es ante todo para el fomento en el pa\u00eds de la producci\u00f3n de madera a trav\u00e9s de plantaciones, desechando la posibilidad de una ley para bosques naturales. Esta es una pol\u00edtica que no tiene una perspectiva ambiental integral, ni contempla tampoco a los bosques como un ecosistema como lo fija la Convenci\u00f3n de Biodiversidad puesto que se cambian los organismos que planifican y formulan las pol\u00edticas del sector y se modifican radicalmente las instituciones correspondientes hasta el punto que buena parte del control queda en manos exclusivas del Ministerio de Agricultura y de agentes particulares.<\/p>\n<p>2. En un inter\u00e9s desmedido por favorecer el acceso de las compa\u00f1\u00edas internacionales al aprovechamiento del recurso forestal nacional se crean figuras hasta ahora inexistentes en nuestro orden jur\u00eddico como la del \u201cvuelo forestal\u201d, con la cual se facilitar\u00e1n transacciones y el aprovechamiento con \u00e1nimo de lucro de los bosques nativos y plantados en las principales zonas del Pac\u00edfico y de la Amazonia.<\/p>\n<p>3. Concomitante con lo anterior, dado que dichas plantaciones de bosques se encuentran en medio de los resguardos ind\u00edgenas y de los territorios colectivos de Comunidades Negras, el recurso se coloca en grave riesgo de despojo al colocarse en entredicho los derechos que sobre ellos tienen las comunidades aut\u00f3ctonas. Iguales circunstancias correr\u00edan los asentamientos campesinos que por diversas razones queden en \u00e1reas protegidas con fines exclusivos de producci\u00f3n forestal.<\/p>\n<p>4. Finalmente, el marcado af\u00e1n en el proceso de discusi\u00f3n y la r\u00e1pida aprobaci\u00f3n de la Ley en el Congreso no se compadece con el inmenso impacto que ella tiene sobre la riqueza forestal del pa\u00eds y sobre los derechos de muchos colombianos. En sentido contrario, es conocida la influencia que han tenido entidades extranjeras y empresas madereras interesadas en la promoci\u00f3n y aprobaci\u00f3n del proyecto.<\/p>\n<p>5. La expedici\u00f3n de esta Ley, a las puertas de la firma del Tratado de Libre Comercio con Estados Unidos, el cual promueve el mercado de servicios ambientales, hace todav\u00eda m\u00e1s expeditos los previsibles resultados catastr\u00f3ficos sobre los que aqu\u00ed estamos advirtiendo.<\/p>\n<p>Por lo anterior consideramos que en materia ambiental este proyecto de Ley constituye un retroceso de la legislaci\u00f3n y la protecci\u00f3n ambientales de uno de los m\u00e1s valiosos patrimonios del pa\u00eds y que, por ende, no consulta ni atiende los intereses nacionales.<\/p>\n<p>Bogot\u00e1, agosto 26 de 2005<\/p>\n<p>Firmas:<\/p>\n<p>Nombre organizaci\u00f3n<br \/>\nCENSAT Agua Viva<br \/>\nFriends of the Earth Colombia<br \/>\nProceso de Comunidades Negras<br \/>\nFederaci\u00f3n de organizaciones del Medio Baud\u00f3. FOSAN<br \/>\nFundaci\u00f3n Hemera -Peri\u00f3dico Actualidad \u00c9tnica<br \/>\nFundaci\u00f3n Las Mojarras<br \/>\nConsejo Comunitario de Cupica<br \/>\nConsejo Comunitario El Cedro del Valle<br \/>\nConsejo Comunitario Los Delfines de Bah\u00eda Solano<br \/>\nConsejo Comunitario del R\u00edo Pat\u00eda Grande sus Brazos y la ensenada. ACAPA<br \/>\nACOTV<br \/>\nECOFONDO<br \/>\nComit\u00e9 C\u00edvico de Veedur\u00eda Ambiental de la provincia Guanentina de Santander<br \/>\nConsejo comunitario mayor de comunidades negras de Condoto e Ir\u00f3<br \/>\nLigas de Usuarios de Servicios P\u00fablicos de Colombia<br \/>\nLiga de usuarios de servicios p\u00fablicos de Andaluc\u00eda Valle<br \/>\nCoordinaci\u00f3n costa caucana de comunidad negra &#8211; COCOCAUCA<br \/>\nDesarrollo Rural &#8211; SINTRAINCODER<br \/>\nAsociaci\u00f3n Guaiaie. (Extremadura, Espa\u00f1a)<br \/>\nAsociaci\u00f3n Nacional de Usuarios Campesinos Unidad y reconstrucci\u00f3n (ANUC-UR)<br \/>\nHumanidad Vigente Corporaci\u00f3n jur\u00eddica<br \/>\nSOLIDARI@S<br \/>\nComit\u00e9 Intergremial Social y Solidario &#8211; Agenda Suma Solidaria de Dansocial &#8211; Norte de Santander<br \/>\nConsejo Comunitario de Comunidades Negras \u2013 COCOILLO &#8211;<br \/>\nEscuela Popular KAMINOS.<br \/>\nONG YWIA ELKARTEA-Amigos por la paz en Colombia<br \/>\nCorporaci\u00f3n Cedreg<br \/>\nCorporaci\u00f3n Encuentro Santa Marta<br \/>\nComit\u00e9 C\u00edvico de Veedur\u00eda Ambiental provincias Guanentina y Comunera Santander<br \/>\nRed de Auditores C\u00edvicos Ambientales<br \/>\nComit\u00e9 Por el San Juan de Todos de Bogot\u00e1<br \/>\nCorporaci\u00f3n Paideia<br \/>\nASOCOMUNAL Palmira Valle<br \/>\nJunta de Acci\u00f3n Comunal Urbanizaci\u00f3n Guayac\u00e1n de Palmira<br \/>\nSolidaridad Internacional Asturias. (Espa\u00f1a)<br \/>\nCOCOMACOIRO<br \/>\nFOSAN<br \/>\nAssociacion France Amerique Latine &#8211; Paris &#8211; France<br \/>\nCorporaci\u00f3n Iuma<br \/>\nUni\u00f3n Sindical Obrera &#8211; USO<br \/>\nSindicato de Trabajadores de Bienestar Familiar &#8211; Sinbienestar<br \/>\nSindicato de Trabajadores de la industria de Hilados y Textiles de Colombia SINTRAHITEXCO<br \/>\nSindicato de Trabajadores de la Universidad Libre SINTIES<br \/>\nSindicato de Trabajadores de la Industria del Carb\u00f3n- SINTRACARBON<br \/>\nFederaci\u00f3n de Trabajadores de la Industria Energ\u00e9tica &#8211; FUNTRAENERGETIICA<br \/>\nSindicato \u00fanico de educadores de Bol\u00edvar<br \/>\nSindicato \u00fanico de educadores del Quind\u00edo<br \/>\nAsociaci\u00f3n de educadores del Cesar<br \/>\nSINDIVENDEDORES<br \/>\nCorporaci\u00f3n Colectivo De Abogados \u201cJose Alvear Restrepo\u201d<br \/>\nCronicon.Net- Observatorio Pol\u00edtico<br \/>\nCorporaci\u00f3n Cedreg<br \/>\nNombre Organizaci\u00f3n<br \/>\nAurelio Su\u00e1rez, Uni\u00f3n Nacional por la Salvaci\u00f3n Agropecuaria<br \/>\n\u00c1ngel Mar\u00eda Caballero L\u00edan, Uni\u00f3n Nacional por la Salvaci\u00f3n Agropecuaria<br \/>\nGregorio Mesa Cuadros, Subdirector Acad\u00e9mico Planeta Paz<br \/>\nLorenzo Almendra Velasco, Representante a la C\u00e1mara<br \/>\nOscar Eduardo Guti\u00e9rrez Reyes, Diputado del departamento de Caldas<br \/>\nSonia P\u00e9rez, Directora Asociaci\u00f3n &#8220;Semillas&#8221;<br \/>\nElsa Matilde Escobar, Directora Ejecutiva Fundaci\u00f3n Natura Colombia<br \/>\nOscar Eduardo Guti\u00e9rrez Reyes, Fundaci\u00f3n Am\u00e9rica Latina<br \/>\nAdiela Patricia Boh\u00f3rquez, Presidente Corporaci\u00f3n Siempreviva<br \/>\nPedro Camargo, Unidad Panelera<br \/>\nFrancisco Rojas A, Programa de Educaci\u00f3n Intercultural Biling\u00fce del CRIC<br \/>\nAstrid Ulloa, Investigadora. Instituto Colombiano de Antropolog\u00eda e Historia<br \/>\nH\u00e9ctor Mondrag\u00f3n, Asesor Convergencia Campesina e Ind\u00edgena CNI Colombia<br \/>\nH\u00e9ctor C\u00e1rdenas, Presidente Desarrollo Rural &#8211; SINTRAINCODER<br \/>\nAlejandro Galeano Corredor, Corporaci\u00f3n Ecofondo<br \/>\nConstanza Moreno A, Ecoplan<br \/>\nPilar Mallari, Ecoplan<br \/>\nMar\u00eda Teresa Moreno Duarte, Direcci\u00f3n de Desarrollo Rural. Ministerio de Agricultura y Desarrollo Rural<br \/>\nHilda Mar\u00eda V\u00e9lez, GeoSAT S.A<br \/>\n\u00c9dgar Bastidas Urresty, Escritor<br \/>\nRam\u00f3n Eli T\u00e1mara Rivera, CUT Nacional. Departamento de Risaralda<br \/>\nLola Morales, Comit\u00e9 Mujeres Acit<br \/>\nJos\u00e9 Jairo Gonz\u00e1lez Arias, Consultor Gobernaci\u00f3n del Huila<br \/>\nC\u00e9sar Augusto Useche Losada, Periodista<br \/>\nGiovanny Yule, Consejero- Consejo Regional Ind\u00edgena del Cauca CRIC<br \/>\nLuis Evelis Andrade Casama, Presidente Organizaci\u00f3n Ind\u00edgena de Colombia ONIC<br \/>\nLuis Elver Vergara, Presidente- Agropenca Asociaci\u00f3n de Agricultores peque\u00f1os y medianos del Cauca<br \/>\nEzequiel Vitonas, Asociaci\u00f3n Cabildos ind\u00edgenas del norte del Cauca, ACIN, CXAB WALA KIWE<br \/>\nCesar Augusto Agudelo, Representante Estudiantil (S) Consejo Superior Universitario Universidad Nacional de Colombia<br \/>\nLorena Aja Eslava, Antrop\u00f3loga<br \/>\nLaura Valderrama Ballesteros, Ec\u00f3loga. Pontificia Universidad Javeriana<br \/>\nPaola Johanna Isaacs Cubides, Ec\u00f3loga. Pontificia Universidad Javeriana<br \/>\nEfra\u00edn Barbosa, Profesor Universidad Nacional de Colombia<br \/>\nAlvaro Zerda, Director Escuela de Econom\u00eda. Universidad Nacional de Colombia<br \/>\nJos\u00e9 Rodrigo Buritic\u00e1, Grupo de Apoyo a la Gesti\u00f3n Educativa de los Municipios. Buga (Valle del Cauca)<br \/>\nLuis Alfredo Mu\u00f1oz L, CUT Santander<br \/>\nJuan Carlos S\u00e1nchez, Prof. Cs. Jur\u00eddicas, Pol\u00edticas y Sociales (Argentina)<br \/>\nHugo Mendoza, Mesa Ambiental de Santaf\u00e9<br \/>\nEdgar Montenegro, Comit\u00e9 C\u00edvico-Popular del Centro<br \/>\nAdriana Anacona Mu\u00f1oz, Soci\u00f3loga Universidad del Valle<br \/>\nFernando Fern\u00e1ndez, Presidente de la Asociaci\u00f3n de estudiantes Colombianos de la Universidad Laval de Quebec<br \/>\nAndr\u00e9s Felipe Ospina Ram\u00edrez, Coordinador Internacional. Peace Boat. Tokyo-Jap\u00f3n<br \/>\nClaudia C\u00e1rdenas Botero, Instituto Alexander Von Humboldt<br \/>\nPatricia Vargas RESNATUR, Nodo Cundiboyacense<br \/>\nFrancisco Trujillo Uribe, Artista<br \/>\nWilliam Vel\u00e1squez, Consultor Desarrollo Rural Fundaci\u00f3n PODION<br \/>\nLina Maria Berr\u00edo, Asociaci\u00f3n Cristiana de J\u00f3venes de Medell\u00edn<br \/>\nLeonor Mart\u00ednez Sierra, Presidenta FUNDACION AMBIENTALISTA ECOVIDA<br \/>\nZully Cuellar, Red de EDUCADORES en Ciencias Experimentales de UNIVALLE<br \/>\nGustavo Ram\u00edrez Casta\u00f1o, Director Ejecutivo Corporaci\u00f3n Agroecol\u00f3gica Semillas de vida<br \/>\nJavier Palacio Trillos, Economista<br \/>\nClaudia Liliana Guerra Ruiz, Estudiante Ingenier\u00eda Forestal<br \/>\nClara Zuluaga Mar\u00edn, Gestora Ambiental<br \/>\nElkin Dar\u00edo Tamayo \u00fcsuga, Representante legal eat COASOCIAR<br \/>\nCarlos A. Garay, Secretario ACOTV<br \/>\nJavier Alecina, T\u00e9cnico profesional en Recursos Naturales<br \/>\nArturo Grueso Bonilla, Coordinador Ruta Pedag\u00f3gica Afrocolombiana<br \/>\nAngela Mar\u00eda Rivera, Soci\u00f3loga\/ Economista Rural<br \/>\nCarolina Cano, Candidata a Doctorado en Sociolog\u00eda. Paris<br \/>\nJuan Acevedo, Comit\u00e9 Permanente por la Defensa de los Derechos Humanos -CPDH-<br \/>\nMiguel Mar\u00edn, Red Comunitaria de Radio Comunitaria Recorra<br \/>\nJuan Carlos Garay, Periodista<br \/>\nSandra Mej\u00eda, Polit\u00f3loga Universidad Nacional de Colombia<br \/>\nGerm\u00e1n Garc\u00eda Dur\u00e1n, Presidente Ejecutivo Fundaci\u00f3n R\u00edo Urbano<br \/>\nGladimira Vahos Mesa, Corporizontes<br \/>\nEder Jair S\u00e1nchez, Vicepresidente ANUC PUTUMAYO<br \/>\nJos\u00e9 Argemiro Carvajal, Presidente SINDESENA Boyac\u00e1<br \/>\nHerenia Polan\u00eda Pardo, Educadores Unidos de Caldas EDUCAL<br \/>\nLuis Antonio Perea Libreros, Director Ejecutivo nacional de la Corporaci\u00f3n Ambiental TIERRA AGUA AIRE<br \/>\nDiana Mar\u00eda Carre\u00f1o Delgado, Ingeniera Ge\u00f3grafa<br \/>\n\u00d3skar Benjam\u00edn Guti\u00e9rrez, Corporaci\u00f3n TIERRA S.O.S.<br \/>\nAna Patricia Noguera de Echeverri, Instituto de Estudios Ambientales IDEA<br \/>\nAlexander Rivera, Representante CONSEJO VERDE de San Vicente de Chucur\u00ed &#8211; Santander<br \/>\nRodolfo Pobeda S\u00e1nchez, Coordinador Veedores del Patrimonio hist\u00f3rico, arquitect\u00f3nico y cultural de santiago de Cali<br \/>\nLuis Alberto Piedra Leiva, Presidente Fundaci\u00f3n Vida Chatarra<br \/>\nJos\u00e9 Nicol\u00e1s V\u00e9lez Chaker, Rector Uniambiental<br \/>\nJos\u00e9 Miguel Dau Crespo, Representante legal Grupo Ambiental Trup\u00ecllo<br \/>\nJorge Ignacio del Valle Arango, Departamento de Ciencias Forestales, Universidad Nacional de Colombia<br \/>\nNadia Melisa Caruso, Frente Social y Pol\u00edtico<br \/>\nLuis Enrique Valderrama, Asociaci\u00f3n de Empleados Departamentales Y Municipales de Antioquia Adea<br \/>\nLeyla Marleny Rinc\u00f3n Trujillo, Fundaci\u00f3n El Curibano \u2013 Neiva Universidad Surcolombiana<br \/>\nDora Monsalve, Corporaci\u00f3n Mama Pacha Garagoa Boyac\u00e1<br \/>\nBibiana Duarte, Funcop-Cauca<br \/>\nJuan Manuel Rosso L, Fundaci\u00f3n Cipav<br \/>\nRodrigo Vivas R, Cipasla Cauca<br \/>\nJaime Aristizabal Tob\u00f3n, Sintraisa<br \/>\nCesar Augusto Agudelo, Representante Estudiantil Universidad Nacional De Colombia (Palmira)<br \/>\nHerney Pati\u00f1o, Movimiento Amor Por Cartago<br \/>\nLyda Marcela Franco, Estudiante Doctorado Ecolog\u00eda en Chile<br \/>\nCarmen Alicia Sarmiento, Periodista Cali<br \/>\nJohn Maro Rodr\u00edguez, Ex Alcalde Cali<br \/>\nRafael Correa Barrera, Columnista Nuevo Siglo<br \/>\nEfra\u00edn Barbosa, Profesor Universidad Nacional De Colombia<br \/>\nAugusto Cano Jaramillo, Profesor Universidad Tecnol\u00f3gica De Pereira. Ingeniero-Astr\u00f3nomo<br \/>\nJuan Carlos S\u00e1nchez, Profesor Ciencias Jur\u00eddicas Pol\u00edticas Y Sociales I.S.P Joaqu\u00edn Gonz\u00e1lez De Buenos Aires<br \/>\nMartha Alicia Duque, Economista<br \/>\nCarlos Alfonso Victoria, Exdirector Nacional Proyecto Pacofor Fao- Holanda \u2013Colombia<br \/>\nLuis Alfredo Mu\u00f1oz, Cut Santander<br \/>\nCamilo Alejandro Reyes Osma<br \/>\nHerman Gravenhorst<br \/>\nJuan Gaviria<br \/>\nSantiago Felipe Su\u00e1rez Londo\u00f1o<br \/>\nCarmen Alicia Amaya Rodr\u00edguez<br \/>\nLeonel H. Rodr\u00edguez<br \/>\nJavier Nicol\u00e1s Gonz\u00e1lez Camargo<br \/>\nGabriel Jaramillo Le\u00f3n<br \/>\nGabriela Sandoval<br \/>\nCamilo Torres Mart\u00ednez<br \/>\nSara Corena Garc\u00e9s<br \/>\nEdgar Mario Mantilla<br \/>\nGildardo P\u00e9rez Bol\u00edvar<br \/>\nReynaldo G\u00f3mez Luna<br \/>\nCarolina Gaez Garc\u00eda<br \/>\nJohn Elvis Vera Suarez<br \/>\nFrancisco Rojas A<br \/>\nJorge Ignacio del Valle Arango<br \/>\nDiana Sanabria<br \/>\nFrancisco Castro<br \/>\nEsteban El\u00edas Correo<br \/>\nAna Elvia Arana<br \/>\nJulio Hern\u00e1n Contreras<br \/>\nMar\u00eda Cristina Mayorga S.<br \/>\nMartha Matamoros Rodr\u00edguez<br \/>\nHeidy Briyith D\u00edaz Rodr\u00edguez<br \/>\nRoc\u00edo Herr\u00e1n Garc\u00eda<br \/>\nLuis Carlos Pineda<br \/>\nBeatriz Pe\u00f1a<br \/>\nH\u00e9ctor Fabio Calder\u00f3n G<br \/>\nClaraines wartski<br \/>\nJuli\u00e1n Sabogal Tamayo<br \/>\nRafael Correa Barrera<br \/>\nEfraim Colmenares M<br \/>\nRosa Velasco<br \/>\nAlberto Chavarro<br \/>\nRoberto Carlos Gil Guzm\u00e1n<br \/>\nConsuelo Vallejo Arboleda<br \/>\nRafael Vergara Navarro<br \/>\nCarmen Ruth Blanco<br \/>\nGerman Andr\u00e9s Soler<br \/>\nAndrea Cote<br \/>\nLiliana Bravo M.<br \/>\nMaria C Moreno Bogot\u00e1<br \/>\nMartha C. Berm\u00fadez<br \/>\nCristina Calder\u00f3n<br \/>\nBlanca Borr\u00e1ez<br \/>\nElsa Acero<br \/>\nJ. Fernando \u00c1lvarez<br \/>\nMar\u00eda Patricia Moreno<br \/>\nDaniel Kaplan<br \/>\nLeonel H Rodr\u00edguez Morales<br \/>\nXiomara D\u00edaz Cifuentes<br \/>\nMaria Elena Mesa<br \/>\nJuan Camilo Ochoa M<br \/>\nMilton Puertas<br \/>\nBeatriz Eugenia Granados Castillo<br \/>\nLaura Mar\u00eda Guti\u00e9rrez Escobar<br \/>\nConstanza L\u00f3pez Trujillo<br \/>\nAida Julieta Qui\u00f1ones T<br \/>\nMauricio Rivera<br \/>\nH\u00e9ctor Jos\u00e9 arenas A<br \/>\nFelipe C\u00e1rdenas<br \/>\nFernando Urbina<br \/>\nCarlos Andr\u00e9s Duque Arias<br \/>\nEsperanza Hurtado Mej\u00eda<\/p>\n","protected":false},"excerpt":{"rendered":"<p>Bogot\u00e1, agosto 26 de 2005 Las personas y organizaciones sociales, abajo firmantes, ante la inminente aprobaci\u00f3n del proyecto de Ley Forestal en el Congreso de la Rep\u00fablica, queremos declarar: 1. Su contenido es ante todo para el fomento en el pa\u00eds de la producci\u00f3n de madera a trav\u00e9s de plantaciones, desechando la posibilidad de una [&hellip;]<\/p>\n","protected":false},"author":1,"featured_media":0,"comment_status":"open","ping_status":"open","sticky":false,"template":"","format":"standard","meta":{"advanced_seo_description":"","jetpack_seo_html_title":"","jetpack_seo_noindex":false,"_jetpack_memberships_contains_paid_content":false,"footnotes":""},"categories":[7],"tags":[],"class_list":["post-1235","post","type-post","status-publish","format-standard","hentry","category-pronunciamientos-de-organizaciones-sociales"],"jetpack_featured_media_url":"","jetpack-related-posts":[{"id":1369,"url":"https:\/\/moir.com.co\/web\/a-pupitrazo-se-aprobo-la-ley-forestal\/","url_meta":{"origin":1235,"position":0},"title":"A PUPITRAZO SE APROB\u00d3 LA LEY FORESTAL","author":"admin","date":"marzo 26, 2006","format":false,"excerpt":"Luego de que la Ley Forestal fuera aprobada en el Congreso, fue enviada a sanci\u00f3n presidencial el 13 de diciembre de 2005. La Ley fue objetada en 12 de sus art\u00edculos por parte del Presidente \u00c1lvaro Uribe y lo que se esperaba despu\u00e9s de ello era el retorno del texto\u2026","rel":"","context":"En \u00abPronunciamientos de Organizaciones Sociales\u00bb","block_context":{"text":"Pronunciamientos de Organizaciones Sociales","link":"https:\/\/moir.com.co\/web\/category\/pronunciamientos-de-organizaciones-sociales\/"},"img":{"alt_text":"","src":"","width":0,"height":0},"classes":[]},{"id":1753,"url":"https:\/\/moir.com.co\/web\/a-pupitrazo-se-aprobo-la-ley-forestal-2\/","url_meta":{"origin":1235,"position":1},"title":"A PUPITRAZO SE APROB\u00d3 LA LEY FORESTAL","author":"admin","date":"junio 25, 2006","format":false,"excerpt":"Nota del editor: El 1\u00ba de abril de 2006, diversas organizaciones ambientalistas emitieron un comunicado, del cual publicamos algunos apartes, ligeramente editados. Bogot\u00e1, abril 1 de 2006, Grupo Semillas \u2013 Censat Agua Viva, Amigos de la Tierra - Fundaci\u00f3n Swissaid - Paula \u00c1lvarez - Consejo Comunitario de la comunidad negra\u2026","rel":"","context":"Entrada similar","block_context":{"text":"Entrada similar","link":""},"img":{"alt_text":"","src":"","width":0,"height":0},"classes":[]},{"id":1159,"url":"https:\/\/moir.com.co\/web\/y-bajaron-los-paramunos\/","url_meta":{"origin":1235,"position":2},"title":"Y BAJARON LOS PARAMUNOS&#8230;","author":"admin","date":"mayo 2, 2005","format":false,"excerpt":"El pasado jueves 5 de mayo, la ciudad de Bogot\u00e1 presenci\u00f3 una marcha de varios miles de campesinos y campesinas pobladores de los p\u00e1ramos de Cundinamarca. De todas las edades, con sus atuendos aut\u00f3ctonos de tierra fr\u00eda, de ruana y sombrero de fieltro, con las mejillas coloradas y sus gargantas\u2026","rel":"","context":"En \u00abTemas\u00bb","block_context":{"text":"Temas","link":"https:\/\/moir.com.co\/web\/category\/temas\/"},"img":{"alt_text":"","src":"","width":0,"height":0},"classes":[]},{"id":1319,"url":"https:\/\/moir.com.co\/web\/mentiras-ambientales-de-una-ejecutiva-de-ventas\/","url_meta":{"origin":1235,"position":3},"title":"MENTIRAS AMBIENTALES DE UNA EJECUTIVA DE VENTAS","author":"admin","date":"noviembre 29, 2005","format":false,"excerpt":"A la se\u00f1ora ministra de Vivienda y Medio Ambiente, Sandra Su\u00e1rez, cuyos principales \u00e9xitos profesionales en el marketing de cosm\u00e9ticos son de p\u00fablico conocimiento, pueden toler\u00e1rsele las imprecisiones cuando habla de desarrollo sostenible o que no pueda explicar c\u00f3mo, desechando preceptos elementales que rigen el ciclo natural del agua, presenta\u2026","rel":"","context":"En \u00abTemas\u00bb","block_context":{"text":"Temas","link":"https:\/\/moir.com.co\/web\/category\/temas\/"},"img":{"alt_text":"","src":"","width":0,"height":0},"classes":[]},{"id":21180,"url":"https:\/\/moir.com.co\/web\/el-retroceso-ambiental-bajo-el-gobierno-de-uribe\/","url_meta":{"origin":1235,"position":4},"title":"EL RETROCESO AMBIENTAL BAJO EL GOBIERNO DE URIBE","author":"admin","date":"noviembre 24, 2005","format":false,"excerpt":"Elizabeth Beaufort Neoliberalismo y medio ambiente Cada d\u00eda es m\u00e1s ostensible la ligaz\u00f3n entre el grave deterioro del medio ambiente que se registra en el mundo y las pol\u00edticas neoliberales que en el contexto de la globalizaci\u00f3n impulsa Estados Unidos. Lo cual no es de extra\u00f1ar, pues al dejar sin\u2026","rel":"","context":"En \u00abTribuna Roja N\u00ba 101, diciembre 9 de 2005\u00bb","block_context":{"text":"Tribuna Roja N\u00ba 101, diciembre 9 de 2005","link":"https:\/\/moir.com.co\/web\/category\/tribuna-roja\/ediciones-2005-2009\/tribuna-roja-no-101-diciembre-9-de-2005\/"},"img":{"alt_text":"","src":"","width":0,"height":0},"classes":[]},{"id":9931,"url":"https:\/\/moir.com.co\/web\/como-en-el-metro-penalosa-ignora-estudios-tecnicos-sobre-reserva-van-der-hammen\/","url_meta":{"origin":1235,"position":5},"title":"Como en el Metro, Pe\u00f1alosa ignora estudios t\u00e9cnicos sobre Reserva Van Der Hammen","author":"admin","date":"febrero 9, 2016","format":false,"excerpt":"Al estilo de Gustavo Petro, en la construcci\u00f3n de edificios residenciales sobre el humedal La Conejera, Enrique Pe\u00f1alosa propone quitar a la Reserva Forestal Regional Productora del Norte de Bogot\u00e1 Thomas Van Der Hammen su categor\u00eda de zona de especial protecci\u00f3n para poder desarrollar sobre ella un gran proyecto inmobiliario.\u2026","rel":"","context":"En \u00abTemas\u00bb","block_context":{"text":"Temas","link":"https:\/\/moir.com.co\/web\/category\/temas\/"},"img":{"alt_text":"","src":"","width":0,"height":0},"classes":[]}],"jetpack_sharing_enabled":true,"_links":{"self":[{"href":"https:\/\/moir.com.co\/web\/wp-json\/wp\/v2\/posts\/1235","targetHints":{"allow":["GET"]}}],"collection":[{"href":"https:\/\/moir.com.co\/web\/wp-json\/wp\/v2\/posts"}],"about":[{"href":"https:\/\/moir.com.co\/web\/wp-json\/wp\/v2\/types\/post"}],"author":[{"embeddable":true,"href":"https:\/\/moir.com.co\/web\/wp-json\/wp\/v2\/users\/1"}],"replies":[{"embeddable":true,"href":"https:\/\/moir.com.co\/web\/wp-json\/wp\/v2\/comments?post=1235"}],"version-history":[{"count":0,"href":"https:\/\/moir.com.co\/web\/wp-json\/wp\/v2\/posts\/1235\/revisions"}],"wp:attachment":[{"href":"https:\/\/moir.com.co\/web\/wp-json\/wp\/v2\/media?parent=1235"}],"wp:term":[{"taxonomy":"category","embeddable":true,"href":"https:\/\/moir.com.co\/web\/wp-json\/wp\/v2\/categories?post=1235"},{"taxonomy":"post_tag","embeddable":true,"href":"https:\/\/moir.com.co\/web\/wp-json\/wp\/v2\/tags?post=1235"}],"curies":[{"name":"wp","href":"https:\/\/api.w.org\/{rel}","templated":true}]}}